{"id":4573,"date":"2013-11-14T11:37:57","date_gmt":"2013-11-14T17:37:57","guid":{"rendered":"https:\/\/radiowebmx.com\/nota\/?p=4573"},"modified":"2013-11-14T11:42:55","modified_gmt":"2013-11-14T17:42:55","slug":"la-reforma-electoral-debe-fortalecer-la-vida-democratica-del-pais-sergio-benitez-suarez","status":"publish","type":"post","link":"https:\/\/radiowebmx.com\/nota\/la-reforma-electoral-debe-fortalecer-la-vida-democratica-del-pais-sergio-benitez-suarez\/","title":{"rendered":"La Reforma Electoral debe fortalecer la vida democr\u00e1tica del Pa\u00eds: Sergio Ben\u00edtez Su\u00e1rez"},"content":{"rendered":"<p><a href=\"https:\/\/radiowebmx.com\/nota\/wp-content\/uploads\/2013\/11\/Dip.-Sergio-Ben\u00edtez-S-2.jpg\"><img loading=\"lazy\" decoding=\"async\" class=\"alignleft size-full wp-image-4576\" alt=\"Dip. Sergio Ben\u00edtez S 2\" src=\"https:\/\/radiowebmx.com\/nota\/wp-content\/uploads\/2013\/11\/Dip.-Sergio-Ben\u00edtez-S-2.jpg\" width=\"591\" height=\"326\" \/><\/a>\u201cEs necesario impulsar la Reforma Pol\u00edtico Electoral a nivel federal, con la finalidad de fortalecer la vida democr\u00e1tica del Pa\u00eds\u201d, as\u00ed lo dio a conocer el diputado Sergio Ben\u00edtez Su\u00e1rez.<\/p>\n<p>&nbsp;<\/p>\n<p>El Presidente de la Comisi\u00f3n de Asuntos Electorales y Participaci\u00f3n Ciudadana del Congreso del Estado, indic\u00f3 que la fiscalizaci\u00f3n de las finanzas de los partidos pol\u00edticos deber\u00e1 realizarse de manera eficiente y oportuna, \u201ces preciso que se dote de facultades expresas que permitan fiscalizar recursos p\u00fablicos cuando existan indicios de su uso a favor de partidos pol\u00edticos, precampa\u00f1as o campa\u00f1as. Asimismo, se pretende la homologaci\u00f3n de la contabilidad y de los informes que deben rendir los partidos pol\u00edticos\u201d, revel\u00f3.<\/p>\n<p>&nbsp;<\/p>\n<p>Asimismo, recalc\u00f3 que para Acci\u00f3n Nacional es indispensable se contemple la regulaci\u00f3n del rebase de topes de gastos de campa\u00f1a, para que los recursos se encuentren al margen de la legislaci\u00f3n electoral, as\u00ed como la adquisici\u00f3n de propaganda presentada como informaci\u00f3n period\u00edstica o noticiosa, sean causales de nulidad de la elecci\u00f3n, y que permitan sancionar adem\u00e1s al candidato ganador con la prohibici\u00f3n de competir en el proceso extraordinario.<\/p>\n<p>&nbsp;<\/p>\n<p>En materia de reelecci\u00f3n, la propuesta de que los diputados federales y locales se puedan reelegir hasta en tres ocasiones, es decir, por un periodo m\u00e1ximo de 12 a\u00f1os consecutivos, y que los miembros de los Ayuntamientos puedan ser reelectos hasta por un periodo m\u00e1ximo de 9 a\u00f1os consecutivos, el diputado panista indic\u00f3 que la necesidad de darle continuidad a los trabajos que realicen los diversos poderes en los Estados, con el objetivo de acotar la agenda impulsada y no desviar la atenci\u00f3n de los actores pol\u00edticos en procesos electorales.<\/p>\n<p>&nbsp;<\/p>\n<p>Finalmente se\u00f1al\u00f3, \u201clos tres objetivos principales que se pretenden lograr con la Reforma Electoral, son el tener elecciones libres y justas, pues hay vicios y pr\u00e1cticas del pasado que se deben erradicar; as\u00ed como facilitar la construcci\u00f3n de mayor\u00edas legislativas, a fin de que los Poderes de la Uni\u00f3n funcionen en un esquema de cooperaci\u00f3n y el fortalecimiento del Congreso de la Uni\u00f3n\u201d, concluy\u00f3 Ben\u00edtez Su\u00e1rez.<\/p>\n","protected":false},"excerpt":{"rendered":"<p>\u201cEs necesario impulsar la Reforma Pol\u00edtico Electoral a nivel federal, con la finalidad de fortalecer la vida democr\u00e1tica del Pa\u00eds\u201d, as\u00ed lo dio a conocer el diputado Sergio Ben\u00edtez Su\u00e1rez.<\/p>\n","protected":false},"author":1,"featured_media":0,"comment_status":"open","ping_status":"open","sticky":false,"template":"","format":"standard","meta":{"footnotes":""},"categories":[14,3],"tags":[],"class_list":["post-4573","post","type-post","status-publish","format-standard","hentry","category-destacadas","category-gobierno-del-estado-de-michoacan"],"_links":{"self":[{"href":"https:\/\/radiowebmx.com\/nota\/wp-json\/wp\/v2\/posts\/4573","targetHints":{"allow":["GET"]}}],"collection":[{"href":"https:\/\/radiowebmx.com\/nota\/wp-json\/wp\/v2\/posts"}],"about":[{"href":"https:\/\/radiowebmx.com\/nota\/wp-json\/wp\/v2\/types\/post"}],"author":[{"embeddable":true,"href":"https:\/\/radiowebmx.com\/nota\/wp-json\/wp\/v2\/users\/1"}],"replies":[{"embeddable":true,"href":"https:\/\/radiowebmx.com\/nota\/wp-json\/wp\/v2\/comments?post=4573"}],"version-history":[{"count":3,"href":"https:\/\/radiowebmx.com\/nota\/wp-json\/wp\/v2\/posts\/4573\/revisions"}],"predecessor-version":[{"id":4575,"href":"https:\/\/radiowebmx.com\/nota\/wp-json\/wp\/v2\/posts\/4573\/revisions\/4575"}],"wp:attachment":[{"href":"https:\/\/radiowebmx.com\/nota\/wp-json\/wp\/v2\/media?parent=4573"}],"wp:term":[{"taxonomy":"category","embeddable":true,"href":"https:\/\/radiowebmx.com\/nota\/wp-json\/wp\/v2\/categories?post=4573"},{"taxonomy":"post_tag","embeddable":true,"href":"https:\/\/radiowebmx.com\/nota\/wp-json\/wp\/v2\/tags?post=4573"}],"curies":[{"name":"wp","href":"https:\/\/api.w.org\/{rel}","templated":true}]}}