{"id":4569,"date":"2013-11-13T12:08:02","date_gmt":"2013-11-13T18:08:02","guid":{"rendered":"https:\/\/radiowebmx.com\/nota\/?p=4569"},"modified":"2013-11-13T12:08:02","modified_gmt":"2013-11-13T18:08:02","slug":"sostiene-fausto-vallejo-reunion-con-secretario-de-hacienda-luis-videgaray%e2%80%8f","status":"publish","type":"post","link":"https:\/\/radiowebmx.com\/nota\/sostiene-fausto-vallejo-reunion-con-secretario-de-hacienda-luis-videgaray%e2%80%8f\/","title":{"rendered":"Sostiene Fausto Vallejo reuni\u00f3n con secretario de Hacienda Luis Videgaray\u200f"},"content":{"rendered":"<p><a href=\"https:\/\/radiowebmx.com\/nota\/wp-content\/uploads\/2013\/11\/FVF-LVC-2.jpg\"><img loading=\"lazy\" decoding=\"async\" class=\"alignleft size-full wp-image-4570\" alt=\"FVF-LVC (2)\" src=\"https:\/\/radiowebmx.com\/nota\/wp-content\/uploads\/2013\/11\/FVF-LVC-2.jpg\" width=\"591\" height=\"524\" \/><\/a>Ante el gobernador Fausto Vallejo Figueroa, el secretario de Hacienda y Cr\u00e9dito P\u00fablico, Luis Videgaray Caso refrend\u00f3 todo el respaldo para que Michoac\u00e1n transite hacia la estabilidad econ\u00f3mica y pueda consolidar los proyectos productivos y compromisos del presidente de la Rep\u00fablica, Enrique Pe\u00f1a Nieto. El mandatario michoacano fue acompa\u00f1ado en su visita con el titular de la SHCP, por la secretaria de Finanzas y Administraci\u00f3n, Marcela Figueroa Aguilar; por el director de Contabilidad, Adalberto Villag\u00f3mez Mendoza; y por el jefe de la oficina adjunto al despacho del mandatario, Guillermo Guzm\u00e1n Fuentes. Se trat\u00f3 de un encuentro cordial y afectuoso entre el secretario de estado y el Ejecutivo michoacano.<\/p>\n","protected":false},"excerpt":{"rendered":"<p>Ante el gobernador Fausto Vallejo Figueroa, el secretario de Hacienda y Cr\u00e9dito P\u00fablico, Luis Videgaray Caso refrend\u00f3 todo el respaldo para que Michoac\u00e1n transite hacia la estabilidad econ\u00f3mica y pueda consolidar los proyectos productivos y compromisos del presidente de la Rep\u00fablica,<\/p>\n","protected":false},"author":1,"featured_media":0,"comment_status":"open","ping_status":"open","sticky":false,"template":"","format":"standard","meta":{"footnotes":""},"categories":[14,3],"tags":[],"class_list":["post-4569","post","type-post","status-publish","format-standard","hentry","category-destacadas","category-gobierno-del-estado-de-michoacan"],"_links":{"self":[{"href":"https:\/\/radiowebmx.com\/nota\/wp-json\/wp\/v2\/posts\/4569","targetHints":{"allow":["GET"]}}],"collection":[{"href":"https:\/\/radiowebmx.com\/nota\/wp-json\/wp\/v2\/posts"}],"about":[{"href":"https:\/\/radiowebmx.com\/nota\/wp-json\/wp\/v2\/types\/post"}],"author":[{"embeddable":true,"href":"https:\/\/radiowebmx.com\/nota\/wp-json\/wp\/v2\/users\/1"}],"replies":[{"embeddable":true,"href":"https:\/\/radiowebmx.com\/nota\/wp-json\/wp\/v2\/comments?post=4569"}],"version-history":[{"count":2,"href":"https:\/\/radiowebmx.com\/nota\/wp-json\/wp\/v2\/posts\/4569\/revisions"}],"predecessor-version":[{"id":4572,"href":"https:\/\/radiowebmx.com\/nota\/wp-json\/wp\/v2\/posts\/4569\/revisions\/4572"}],"wp:attachment":[{"href":"https:\/\/radiowebmx.com\/nota\/wp-json\/wp\/v2\/media?parent=4569"}],"wp:term":[{"taxonomy":"category","embeddable":true,"href":"https:\/\/radiowebmx.com\/nota\/wp-json\/wp\/v2\/categories?post=4569"},{"taxonomy":"post_tag","embeddable":true,"href":"https:\/\/radiowebmx.com\/nota\/wp-json\/wp\/v2\/tags?post=4569"}],"curies":[{"name":"wp","href":"https:\/\/api.w.org\/{rel}","templated":true}]}}