{"id":4565,"date":"2013-11-13T11:10:17","date_gmt":"2013-11-13T17:10:17","guid":{"rendered":"https:\/\/radiowebmx.com\/nota\/?p=4565"},"modified":"2013-11-13T11:10:17","modified_gmt":"2013-11-13T17:10:17","slug":"por-aprobar-las-reformas-estructurales-la-lxii-legislatura-pasara-a-la-historia-emilio-gamboa-y-chon-orihuela","status":"publish","type":"post","link":"https:\/\/radiowebmx.com\/nota\/por-aprobar-las-reformas-estructurales-la-lxii-legislatura-pasara-a-la-historia-emilio-gamboa-y-chon-orihuela\/","title":{"rendered":"POR APROBAR LAS REFORMAS ESTRUCTURALES, LA LXII LEGISLATURA PASAR\u00c1 A LA HISTORIA: EMILIO GAMBOA Y CHON ORIHUELA"},"content":{"rendered":"<p><a href=\"https:\/\/radiowebmx.com\/nota\/wp-content\/uploads\/2013\/11\/HDR_7806.jpg\"><img loading=\"lazy\" decoding=\"async\" class=\"alignleft size-full wp-image-4566\" alt=\"HDR_7806\" src=\"https:\/\/radiowebmx.com\/nota\/wp-content\/uploads\/2013\/11\/HDR_7806.jpg\" width=\"591\" height=\"351\" \/><\/a>La LXII Legislatura pasar\u00e1 a la historia por aprobar las reformas estructurales que necesita el pa\u00eds, a fin de sentar las bases de un mejor desarrollo, asever\u00f3 el coordinador del Grupo Parlamentario del PRI (GPPRI) en el Senado, Emilio Gamboa Patr\u00f3n y en plena coincidencia se pronunci\u00f3 Jos\u00e9 Ascenci\u00f3n Orihuela B\u00e1rcenas.<\/p>\n<p>&nbsp;<\/p>\n<p>Al asistir a la presentaci\u00f3n del libro \u201cComercio Internacional: R\u00e9gimen Jur\u00eddico Econ\u00f3mico\u201d, acompa\u00f1ado de los senadores Chon Orihuela, Te\u00f3filo Torres Corzo y Ang\u00e9lica Araujo, destac\u00f3 que en la C\u00e1mara alta, los legisladores priistas cumplieron su compromiso con la mayor\u00eda de los mexicanos, al avalar una reforma hacendaria compleja y dif\u00edcil; pero, sin incrementar el IVA en medicinas y alimento.<\/p>\n<p>&nbsp;<\/p>\n<p>De hecho, el presidente de la Comisi\u00f3n de Foment\u00f3 Econ\u00f3mico, Chon Orihuela, coment\u00f3 que no obstante los fen\u00f3menos de globalizaci\u00f3n e integraci\u00f3n que vivimos, es escasa la bibliograf\u00eda sobre la regulaci\u00f3n del comercio a nivel internacional y su aplicaci\u00f3n pr\u00e1ctica, principalmente en naciones como M\u00e9xico, motivo por el cual este libro es muy valioso para funcionarios p\u00fablicos, empresarios, profesores, investigadores, tanto de M\u00e9xico como del extranjero.<\/p>\n<p>&nbsp;<\/p>\n<p>Dijo que en esta obra se analiza la evoluci\u00f3n de la regulaci\u00f3n del comercio exterior a nivel mundial y en M\u00e9xico; mientras que en el \u00e1mbito internacional se destaca la importancia de la balanza de pagos, as\u00ed como de la estrecha vinculaci\u00f3n entre las materias financiera, monetaria y comercial.<\/p>\n<p>&nbsp;<\/p>\n<p>En este contexto, Gamboa Patr\u00f3n record\u00f3 que uno de los objetivos del Senado de la Rep\u00fablica es \u201cc\u00f3mo podemos incrementar los niveles salariales y el nivel de vida\u201d de la ciudadan\u00eda, mediante la instrumentaci\u00f3n de mejores leyes.<\/p>\n<p>&nbsp;<\/p>\n<p>Puso como ejemplo que hoy en d\u00eda dialoga con los coordinadores del PAN y del PRD para sacar adelante la reforma financiera, que ya es una minuta que lleg\u00f3 de la C\u00e1mara de Diputados y que viene a beneficiar a los usuarios de la banca.<\/p>\n<p>&nbsp;<\/p>\n<p>De ah\u00ed, la importancia de que Juan Manuel Salda\u00f1a P\u00e9rez, autor de este libro, aborde el tema financiero, ya que nos alimentar\u00e1 de una forma important\u00edsima, de c\u00f3mo el fomento econ\u00f3mico va a generar un cambio sustancial en el mediano y corto plazo, porque impulsa el desarrollo productivo de M\u00e9xico, subray\u00f3 Gamboa Patr\u00f3n.<\/p>\n<p>&nbsp;<\/p>\n<p>&nbsp;<\/p>\n<p>A su vez, el presidente de la Comisi\u00f3n de Relaciones Exteriores Asia Pac\u00edfico, Te\u00f3filo Torres Corzo,\u00a0 manifest\u00f3 que este libro ayudar\u00e1 al pa\u00eds y a quienes operan, para conseguir m\u00e1s comercio internacional.<\/p>\n<p>&nbsp;<\/p>\n<p>Sobre el particular, se\u00f1al\u00f3 que en el \u00e1mbito de la comisi\u00f3n a su cargo realiza todo lo que est\u00e1 a su alcance para traer nuevas inversiones al territorio nacional, por lo que es necesario abrir los ojos y estar cerca de estas naciones, porque en M\u00e9xico lo que se requieren son empleos, y casi el 60 por ciento del Producto Interno Bruto mundial, est\u00e1 en esa regi\u00f3n.<\/p>\n<p>&nbsp;<\/p>\n<p>En su oportunidad, la senadora por el estado de Yucat\u00e1n, Ang\u00e9lica Araujo Lara, indic\u00f3 que desde las perspectivas del Senado, el libro que hoy tenemos en las manos es una aportaci\u00f3n clara a la construcci\u00f3n de un entramado legal \u00f3ptimo, para las naciones que concurren en el mercado internacional.<\/p>\n<p>&nbsp;<\/p>\n<p>\u201cLa larga experiencia institucional y personal que el texto sintetiza, ofrece, a quienes somos responsables de aprobar los acuerdos internacionales de M\u00e9xico, un par\u00e1metro s\u00f3lido para valorar los alcances de estos instrumentos y procurar un desarrollo normativo, consecuente con las necesidades de nuestro pa\u00eds\u201d, agreg\u00f3.<\/p>\n<p>&nbsp;<\/p>\n<p><b>\u00a0<\/b><\/p>\n","protected":false},"excerpt":{"rendered":"<p>La LXII Legislatura pasar\u00e1 a la historia por aprobar las reformas estructurales que necesita el pa\u00eds, a fin de sentar las bases de un mejor desarrollo, asever\u00f3 el coordinador del Grupo Parlamentario del PRI (GPPRI) en el Senado, Emilio Gamboa Patr\u00f3n y en plena coincidencia se pronunci\u00f3 Jos\u00e9 Ascenci\u00f3n Orihuela B\u00e1rcenas.<\/p>\n","protected":false},"author":1,"featured_media":0,"comment_status":"open","ping_status":"open","sticky":false,"template":"","format":"standard","meta":{"footnotes":""},"categories":[14],"tags":[],"class_list":["post-4565","post","type-post","status-publish","format-standard","hentry","category-destacadas"],"_links":{"self":[{"href":"https:\/\/radiowebmx.com\/nota\/wp-json\/wp\/v2\/posts\/4565","targetHints":{"allow":["GET"]}}],"collection":[{"href":"https:\/\/radiowebmx.com\/nota\/wp-json\/wp\/v2\/posts"}],"about":[{"href":"https:\/\/radiowebmx.com\/nota\/wp-json\/wp\/v2\/types\/post"}],"author":[{"embeddable":true,"href":"https:\/\/radiowebmx.com\/nota\/wp-json\/wp\/v2\/users\/1"}],"replies":[{"embeddable":true,"href":"https:\/\/radiowebmx.com\/nota\/wp-json\/wp\/v2\/comments?post=4565"}],"version-history":[{"count":2,"href":"https:\/\/radiowebmx.com\/nota\/wp-json\/wp\/v2\/posts\/4565\/revisions"}],"predecessor-version":[{"id":4568,"href":"https:\/\/radiowebmx.com\/nota\/wp-json\/wp\/v2\/posts\/4565\/revisions\/4568"}],"wp:attachment":[{"href":"https:\/\/radiowebmx.com\/nota\/wp-json\/wp\/v2\/media?parent=4565"}],"wp:term":[{"taxonomy":"category","embeddable":true,"href":"https:\/\/radiowebmx.com\/nota\/wp-json\/wp\/v2\/categories?post=4565"},{"taxonomy":"post_tag","embeddable":true,"href":"https:\/\/radiowebmx.com\/nota\/wp-json\/wp\/v2\/tags?post=4565"}],"curies":[{"name":"wp","href":"https:\/\/api.w.org\/{rel}","templated":true}]}}