{"id":4555,"date":"2013-11-13T10:55:38","date_gmt":"2013-11-13T16:55:38","guid":{"rendered":"https:\/\/radiowebmx.com\/nota\/?p=4555"},"modified":"2013-11-13T10:55:38","modified_gmt":"2013-11-13T16:55:38","slug":"preciso-transparentar-manejo-eficiente-de-los-recursos-publicos-del-estado-alfonso-martinez","status":"publish","type":"post","link":"https:\/\/radiowebmx.com\/nota\/preciso-transparentar-manejo-eficiente-de-los-recursos-publicos-del-estado-alfonso-martinez\/","title":{"rendered":"Preciso transparentar manejo eficiente de los recursos p\u00fablicos del Estado: Alfonso Mart\u00ednez"},"content":{"rendered":"<p><a href=\"https:\/\/radiowebmx.com\/nota\/wp-content\/uploads\/2013\/11\/Dip.-Alfonso-Mart\u00ednez-en-entrevista....jpg\"><img loading=\"lazy\" decoding=\"async\" class=\"alignleft size-full wp-image-4556\" alt=\"Dip. Alfonso Mart\u00ednez en entrevista...\" src=\"https:\/\/radiowebmx.com\/nota\/wp-content\/uploads\/2013\/11\/Dip.-Alfonso-Mart\u00ednez-en-entrevista....jpg\" width=\"591\" height=\"307\" \/><\/a>Con el objetivo de garantizar un manejo eficiente, as\u00ed como racional y transparente de los recursos p\u00fablicos del Estado, este martes, el diputado Alfonso Mart\u00ednez Alc\u00e1zar, Coordinador del Grupo Parlamentario del Partido Acci\u00f3n Nacional, present\u00f3 ante el Pleno una Iniciativa que propone reformar diversos art\u00edculos de la Constituci\u00f3n Pol\u00edtica del Estado de Michoac\u00e1n; as\u00ed como de la Ley de Planeaci\u00f3n y de la Ley de Presupuesto, Contabilidad Gubernamental y Gasto P\u00fablico, ambas del Estado de Michoac\u00e1n.<\/p>\n<p>El tambi\u00e9n Presidente de la Comisi\u00f3n Legislativa de Hacienda y Deuda P\u00fablica, se\u00f1al\u00f3 que las reformas legales planteadas en la iniciativa, buscan armonizar la Constituci\u00f3n Local y sus leyes reglamentarias con la respectiva Legislaci\u00f3n Federal, a fin de estar acordes en las materias de planeaci\u00f3n, programaci\u00f3n, presupuestaci\u00f3n, as\u00ed como registro y control de los recursos p\u00fablicos.<\/p>\n<p>Cabe destacar que en lo relativo a la planeaci\u00f3n se sigue manejando una vigencia del Plan Estatal de Desarrollo equivalente al per\u00edodo constitucional de gobierno, pero con una visi\u00f3n de largo plazo; a efecto de poder avanzar en el establecimiento de pol\u00edticas que garanticen un desarrollo arm\u00f3nico y progresivo de la entidad.<\/p>\n<p>El legislador Alfonso Mart\u00ednez Alc\u00e1zar, indic\u00f3 que en lo que se refiere a la contabilidad gubernamental y gasto p\u00fablico, es indispensable se garantice un manejo racional y transparente de los recursos p\u00fablicos, asimismo, que el Congreso retome sus funciones de control y vigilancia de los recursos financieros, que se hab\u00eda perdido con las reformas hechas a la legislaci\u00f3n estatal durante los \u00faltimos a\u00f1os.<\/p>\n<p>\u201cCon estas reformas, pretendemos fortalecer y complementar las reformas ya realizadas a la Ley de Deuda P\u00fablica del Estado durante el 2012, evitando con todo ello el manejo discrecional de recursos y el endeudamiento excesivo de la Hacienda P\u00fablica\u201d, se\u00f1al\u00f3 el legislador.<\/p>\n<p>Finalmente, el diputado Mart\u00ednez Alc\u00e1zar reiter\u00f3 que el Grupo Parlamentario del Partido Acci\u00f3n Nacional, seguir\u00e1 trabajando en el estudio y an\u00e1lisis de otras leyes relacionadas con la fiscalizaci\u00f3n oportuna de las dependencias que manejen fondos p\u00fablicos, as\u00ed como las entidades del Estado.<\/p>\n","protected":false},"excerpt":{"rendered":"<p>Con el objetivo de garantizar un manejo eficiente, as\u00ed como racional y transparente de los recursos p\u00fablicos del Estado, este martes, el diputado Alfonso Mart\u00ednez Alc\u00e1zar<\/p>\n","protected":false},"author":1,"featured_media":0,"comment_status":"open","ping_status":"open","sticky":false,"template":"","format":"standard","meta":{"footnotes":""},"categories":[6,14,8],"tags":[],"class_list":["post-4555","post","type-post","status-publish","format-standard","hentry","category-congreso-del-estado","category-destacadas","category-grupo-parlamentario-del-pan"],"_links":{"self":[{"href":"https:\/\/radiowebmx.com\/nota\/wp-json\/wp\/v2\/posts\/4555","targetHints":{"allow":["GET"]}}],"collection":[{"href":"https:\/\/radiowebmx.com\/nota\/wp-json\/wp\/v2\/posts"}],"about":[{"href":"https:\/\/radiowebmx.com\/nota\/wp-json\/wp\/v2\/types\/post"}],"author":[{"embeddable":true,"href":"https:\/\/radiowebmx.com\/nota\/wp-json\/wp\/v2\/users\/1"}],"replies":[{"embeddable":true,"href":"https:\/\/radiowebmx.com\/nota\/wp-json\/wp\/v2\/comments?post=4555"}],"version-history":[{"count":2,"href":"https:\/\/radiowebmx.com\/nota\/wp-json\/wp\/v2\/posts\/4555\/revisions"}],"predecessor-version":[{"id":4558,"href":"https:\/\/radiowebmx.com\/nota\/wp-json\/wp\/v2\/posts\/4555\/revisions\/4558"}],"wp:attachment":[{"href":"https:\/\/radiowebmx.com\/nota\/wp-json\/wp\/v2\/media?parent=4555"}],"wp:term":[{"taxonomy":"category","embeddable":true,"href":"https:\/\/radiowebmx.com\/nota\/wp-json\/wp\/v2\/categories?post=4555"},{"taxonomy":"post_tag","embeddable":true,"href":"https:\/\/radiowebmx.com\/nota\/wp-json\/wp\/v2\/tags?post=4555"}],"curies":[{"name":"wp","href":"https:\/\/api.w.org\/{rel}","templated":true}]}}