{"id":4552,"date":"2013-11-13T10:52:24","date_gmt":"2013-11-13T16:52:24","guid":{"rendered":"https:\/\/radiowebmx.com\/nota\/?p=4552"},"modified":"2013-11-13T10:52:24","modified_gmt":"2013-11-13T16:52:24","slug":"firman-convenio-ceconexpo-y-crefal-a-favor-de-la-educacion","status":"publish","type":"post","link":"https:\/\/radiowebmx.com\/nota\/firman-convenio-ceconexpo-y-crefal-a-favor-de-la-educacion\/","title":{"rendered":"FIRMAN CONVENIO CECONEXPO Y CREFAL A FAVOR DE LA EDUCACI\u00d3N"},"content":{"rendered":"<p><a href=\"https:\/\/radiowebmx.com\/nota\/wp-content\/uploads\/2013\/11\/planetario-1.jpg\"><img loading=\"lazy\" decoding=\"async\" class=\"alignleft size-full wp-image-4553\" alt=\"planetario (1)\" src=\"https:\/\/radiowebmx.com\/nota\/wp-content\/uploads\/2013\/11\/planetario-1.jpg\" width=\"591\" height=\"389\" \/><\/a>En el marco del 38\u00ba aniversario del Planetario \u201cFelipe Rivera\u201d y con el objetivo de unir esfuerzos y recursos para crear espacios educativos de aprendizaje de las ciencias no escolarizados, la directora del Centro de Convenciones y Exposiciones de Morelia (CECONEXPO), Flor Paloma Pe\u00f1a Garnica firm\u00f3 un convenio de colaboraci\u00f3n con la responsable del Centro de Cooperaci\u00f3n Regional para la Educaci\u00f3n de Adultos en Am\u00e9rica Latina y el Caribe (CREFAL), Mercedes Calder\u00f3n Garc\u00eda.<\/p>\n<p>Al t\u00e9rmino de la funci\u00f3n conmemorativa del Planetario, ambas funcionarias informaron que mediante este convenio que va dirigido a ni\u00f1os en edad escolar, j\u00f3venes y adultos, los organismos trabajar\u00e1n en coordinaci\u00f3n para desarrollar las actividades del proyecto \u201cCielos Latinoamericanos, Expandiendo el Universo de la Ciencia\u201d, en diferentes municipios michoacanos e inclusive en otras entidades.<\/p>\n<p>Y es que uno de los prop\u00f3sitos del actual gobierno estatal es precisamente, acercar a m\u00e1s michoacanos de todas las regiones de la entidad, la ciencia y las nuevas tecnol\u00f3gicas, a fin de fortalecer la ense\u00f1anza de la ni\u00f1ez y juventud, adem\u00e1s de motivarlos a interesarse por el conocimiento cient\u00edfico.<\/p>\n<p>La titular del CECONEXPO, Flor Paloma Pe\u00f1a destac\u00f3 que a trav\u00e9s de este convenio la dependencia que encabeza se compromete a contribuir en el desarrollo del proyecto, con el apoyo y los recursos necesarios para movilizar el equipo a las diferentes regiones y colaborar con actividades de formaci\u00f3n de personal.<\/p>\n<p>Por su parte, la directora general del CREFAL, Mercedes Calder\u00f3n se\u00f1al\u00f3 que este organismo participar\u00e1 con una unidad m\u00f3vil y el equipo de divulgaci\u00f3n, supervisar\u00e1 el funcionamiento y operaci\u00f3n del mismo, adem\u00e1s de hacerse cargo del mantenimiento.<\/p>\n<p>Entre las obligaciones que corresponden a ambos centros se encuentran la formaci\u00f3n de personal, la operaci\u00f3n y log\u00edstica, as\u00ed como contextualizaci\u00f3n de experimentos. La Comisi\u00f3n operativa estar\u00e1 a cargo de Francisco Javier Alcaraz Ayala, jefe del Departamento del Planetario e Ir\u00e1n Guadalupe Guerrero Tejero, investigadora del CREFAL.<\/p>\n<p>Esta acci\u00f3n form\u00f3 parte de los festejos por el 38\u00ba Aniversario del Planetario, en que adem\u00e1s se prepar\u00f3 una velada para celebrar la perseverancia y el compromiso de la divulgaci\u00f3n cient\u00edfica y art\u00edstica en el estado.<\/p>\n<p>El Cuarteto <i>Ad Libitum<\/i> deleit\u00f3 a los invitados que se dieron cita al festejo con un concierto espl\u00e9ndidamente interpretado de alrededor de 40 minutos, seguido de una proyecci\u00f3n conmemorativa.<\/p>\n<p>Es de recordar que desde el pasado fin de semana, lleg\u00f3 la muestra de Modelismo Est\u00e1tico desde Colima, que se exhibi\u00f3 en los pasillos del Planetario.<\/p>\n<p>Tambi\u00e9n, el Planetario particip\u00f3 activamente con infraestructura y personal en la internacionalmente reconocida \u201cNoche de las Estrellas\u201d que se llev\u00f3 a cabo en la Plaza Melchor Ocampo, y por primera vez con una sede en el Tec de Monterrey campus Morelia., donde con la participaci\u00f3n de la Embajada de Francia, CREFAL, el INAOE, la UNAM, la Alianza Francesa, el Tec de Monterrey, el H. Ayuntamiento de Morelia, la Sociedad Astron\u00f3mica de Michoac\u00e1n, CECONEXPO y el Planetario de Morelia, se ofrecieron a todo el p\u00fablico charlas sobre astronom\u00eda, talleres, observaci\u00f3n astron\u00f3mica con telescopios, funciones en el Planetario Port\u00e1til y muchas actividades m\u00e1s.<\/p>\n","protected":false},"excerpt":{"rendered":"<p>En el marco del 38\u00ba aniversario del Planetario \u201cFelipe Rivera\u201d y con el objetivo de unir esfuerzos y recursos para crear espacios educativos de aprendizaje de las ciencias no escolarizados, la directora del Centro de Convenciones y Exposiciones de Morelia (CECONEXPO), <\/p>\n","protected":false},"author":1,"featured_media":0,"comment_status":"open","ping_status":"open","sticky":false,"template":"","format":"standard","meta":{"footnotes":""},"categories":[14,3],"tags":[],"class_list":["post-4552","post","type-post","status-publish","format-standard","hentry","category-destacadas","category-gobierno-del-estado-de-michoacan"],"_links":{"self":[{"href":"https:\/\/radiowebmx.com\/nota\/wp-json\/wp\/v2\/posts\/4552","targetHints":{"allow":["GET"]}}],"collection":[{"href":"https:\/\/radiowebmx.com\/nota\/wp-json\/wp\/v2\/posts"}],"about":[{"href":"https:\/\/radiowebmx.com\/nota\/wp-json\/wp\/v2\/types\/post"}],"author":[{"embeddable":true,"href":"https:\/\/radiowebmx.com\/nota\/wp-json\/wp\/v2\/users\/1"}],"replies":[{"embeddable":true,"href":"https:\/\/radiowebmx.com\/nota\/wp-json\/wp\/v2\/comments?post=4552"}],"version-history":[{"count":1,"href":"https:\/\/radiowebmx.com\/nota\/wp-json\/wp\/v2\/posts\/4552\/revisions"}],"predecessor-version":[{"id":4554,"href":"https:\/\/radiowebmx.com\/nota\/wp-json\/wp\/v2\/posts\/4552\/revisions\/4554"}],"wp:attachment":[{"href":"https:\/\/radiowebmx.com\/nota\/wp-json\/wp\/v2\/media?parent=4552"}],"wp:term":[{"taxonomy":"category","embeddable":true,"href":"https:\/\/radiowebmx.com\/nota\/wp-json\/wp\/v2\/categories?post=4552"},{"taxonomy":"post_tag","embeddable":true,"href":"https:\/\/radiowebmx.com\/nota\/wp-json\/wp\/v2\/tags?post=4552"}],"curies":[{"name":"wp","href":"https:\/\/api.w.org\/{rel}","templated":true}]}}