{"id":4541,"date":"2013-11-13T09:54:35","date_gmt":"2013-11-13T15:54:35","guid":{"rendered":"https:\/\/radiowebmx.com\/nota\/?p=4541"},"modified":"2013-11-13T09:54:35","modified_gmt":"2013-11-13T15:54:35","slug":"jesus-reyna-dio-posesion-a-jaime-mares-en-cedemun","status":"publish","type":"post","link":"https:\/\/radiowebmx.com\/nota\/jesus-reyna-dio-posesion-a-jaime-mares-en-cedemun\/","title":{"rendered":"JES\u00daS REYNA DIO POSESI\u00d3N A JAIME MARES EN CEDEMUN"},"content":{"rendered":"<p><a href=\"https:\/\/radiowebmx.com\/nota\/wp-content\/uploads\/2013\/11\/cedemun03.jpg\"><img loading=\"lazy\" decoding=\"async\" class=\"alignleft size-full wp-image-4542\" alt=\"cedemun03\" src=\"https:\/\/radiowebmx.com\/nota\/wp-content\/uploads\/2013\/11\/cedemun03.jpg\" width=\"591\" height=\"289\" \/><\/a>Con la encomienda del gobernador del Estado, Fausto Vallejo Figueroa, el secretario de Gobierno, Jes\u00fas Reyna Garc\u00eda, dio posesi\u00f3n a Jaime Mares Camarena como Vocal Ejecutivo del Centro Estatal para el Desarrollo Municipal (Cedemun).<\/p>\n<p>En un sencillo acto protocolario, ante el personal de la dependencia, Jes\u00fas Reyna reconoci\u00f3 la labor y disposici\u00f3n de Octavio Aparicio Mendoza, titular de la Coordinaci\u00f3n de Planeaci\u00f3n para el Desarrollo (Cplade) quien estuvo a cargo del Cedemun mientras Mares Camarena asumi\u00f3 la Secretar\u00eda de Gobierno.<\/p>\n<p>Al respecto, el secretario de Gobierno reconoci\u00f3 tambi\u00e9n el trabajo de Jaime Mares como encargado de la pol\u00edtica interior del estado, durante el periodo que Reyna Garc\u00eda se desempe\u00f1\u00f3 como gobernador interino.<\/p>\n<p>Para ambos funcionarios trasmiti\u00f3, de parte del gobernador Fausto Vallejo, un agradecimiento por el tiempo empleado y la dedicaci\u00f3n con la que desempe\u00f1aron sus respectivas funciones.<\/p>\n<p>Dijo que con la reincorporaci\u00f3n de Jaime Mares al Cedemun, Octavio Aparicio se concentrar\u00e1 \u00fanicamente en su responsabilidad en Cplade y que con la experiencia adquirida, seguramente lo har\u00e1n con m\u00e1s fuerza, con m\u00e1s br\u00edo, con m\u00e1s entusiasmo y con una visi\u00f3n m\u00e1s amplia del estado.<\/p>\n<p>\u201cAs\u00ed que ser\u00e1 para bien esta reincorporaci\u00f3n de Jaime, estoy seguro que su desempe\u00f1o ser\u00e1 exitoso, ser\u00e1 para bien del Cedemun, para bien del gobierno de Michoac\u00e1n y de los michoacanos, conociendo su capacidad, su empe\u00f1o, su preparaci\u00f3n, su capacidad y su tersa manera de hacer pol\u00edtica\u201d, concluy\u00f3.<\/p>\n<p>Por su parte, Octavio Aparicio agradeci\u00f3 la amistad y el trabajo, corto pero enriquecedor, de los empleados del Cedemun, as\u00ed tambi\u00e9n la confianza depositada en \u00e9l para ocuparse de las dos dependencias a la vez, \u201cse incrementa el trabajo, pero tambi\u00e9n las experiencias\u201d, dijo.<\/p>\n<p>Con respecto a la relaci\u00f3n institucional dej\u00f3 de manifiesto que \u00e9sta ha sido siempre muy estrecha y la seguir\u00e1 siendo con Jaime Mares a la cabeza, ya que con las experiencias adquiridas se va a desarrollar un mejor trabajo.<\/p>\n<p>\u201cVamos a entrar a otra etapa, creo que el regreso del Jes\u00fas Reyna como secretario de gobierno, sin menospreciar la actividad que Jaime Mares realiz\u00f3, creo que nos viene a fortalecer a todos, vamos a hacer un trabajo todos juntos de un verdadero equipo, porque los tiempos no son f\u00e1ciles y se requiere del trabajo muy armonizado\u201d, finaliz\u00f3.<\/p>\n<p>En su oportunidad, Jaime Mares, luego de agradecer la presencia del secretario de Gobierno, reconoci\u00f3 que una vez desempa\u00f1ada esta funci\u00f3n, comprendi\u00f3 que no solamente se tiene la tarea de apoyo a los municipios, sino tambi\u00e9n la de coadyuvar al reforzamiento institucional, al compromiso que tiene el gobernador Fausto Vallejo y su equipo de trabajo para encarar retos de gran dimensi\u00f3n que no solamente enfrentan los presidentes municipales o los ciudadanos, sino retos que est\u00e1n frente a todos los que habitan el estado.<\/p>\n<p>\u201cTenemos el compromiso de acelerar los trabajos con una nueva visi\u00f3n para aportar nuestro esfuerzo en esta tarea y poder superar las dificultades que enfrentamos en este momento\u201d, complement\u00f3.<\/p>\n<p>Expres\u00f3 que reasume el compromiso con entusiasmo y convicci\u00f3n pero con una nueva \u00f3ptica del estado que lo obliga, dijo, a contribuir de mayor manera al esfuerzo que realiza el gobernador, el secretario de Gobierno y todos los que est\u00e1n\u00a0 comprometidos con Michoac\u00e1n.<\/p>\n<p>\u201cVamos a intensificar los trabajos con todos los presidentes municipales y a asumir ese compromiso institucional para aportarle nuestro trabajo al esfuerzo del gobernador y al de ustedes\u201d, finaliz\u00f3.<\/p>\n","protected":false},"excerpt":{"rendered":"<p>Con la encomienda del gobernador del Estado, Fausto Vallejo Figueroa, el secretario de Gobierno, Jes\u00fas Reyna Garc\u00eda, dio posesi\u00f3n a Jaime Mares Camarena como Vocal Ejecutivo del Centro Estatal para el Desarrollo Municipal (Cedemun).<\/p>\n","protected":false},"author":1,"featured_media":0,"comment_status":"open","ping_status":"open","sticky":false,"template":"","format":"standard","meta":{"footnotes":""},"categories":[14,3],"tags":[],"class_list":["post-4541","post","type-post","status-publish","format-standard","hentry","category-destacadas","category-gobierno-del-estado-de-michoacan"],"_links":{"self":[{"href":"https:\/\/radiowebmx.com\/nota\/wp-json\/wp\/v2\/posts\/4541","targetHints":{"allow":["GET"]}}],"collection":[{"href":"https:\/\/radiowebmx.com\/nota\/wp-json\/wp\/v2\/posts"}],"about":[{"href":"https:\/\/radiowebmx.com\/nota\/wp-json\/wp\/v2\/types\/post"}],"author":[{"embeddable":true,"href":"https:\/\/radiowebmx.com\/nota\/wp-json\/wp\/v2\/users\/1"}],"replies":[{"embeddable":true,"href":"https:\/\/radiowebmx.com\/nota\/wp-json\/wp\/v2\/comments?post=4541"}],"version-history":[{"count":2,"href":"https:\/\/radiowebmx.com\/nota\/wp-json\/wp\/v2\/posts\/4541\/revisions"}],"predecessor-version":[{"id":4544,"href":"https:\/\/radiowebmx.com\/nota\/wp-json\/wp\/v2\/posts\/4541\/revisions\/4544"}],"wp:attachment":[{"href":"https:\/\/radiowebmx.com\/nota\/wp-json\/wp\/v2\/media?parent=4541"}],"wp:term":[{"taxonomy":"category","embeddable":true,"href":"https:\/\/radiowebmx.com\/nota\/wp-json\/wp\/v2\/categories?post=4541"},{"taxonomy":"post_tag","embeddable":true,"href":"https:\/\/radiowebmx.com\/nota\/wp-json\/wp\/v2\/tags?post=4541"}],"curies":[{"name":"wp","href":"https:\/\/api.w.org\/{rel}","templated":true}]}}