{"id":4538,"date":"2013-11-13T09:48:19","date_gmt":"2013-11-13T15:48:19","guid":{"rendered":"https:\/\/radiowebmx.com\/nota\/?p=4538"},"modified":"2013-11-13T09:48:19","modified_gmt":"2013-11-13T15:48:19","slug":"normal-indigena-de-michoacan-festeja-xviii-anos-de-fundacion","status":"publish","type":"post","link":"https:\/\/radiowebmx.com\/nota\/normal-indigena-de-michoacan-festeja-xviii-anos-de-fundacion\/","title":{"rendered":"NORMAL IND\u00cdGENA DE MICHOAC\u00c1N FESTEJA XVIII A\u00d1OS DE FUNDACI\u00d3N"},"content":{"rendered":"<p>La Escuela Normal Ind\u00edgena de Michoac\u00e1n ubicada en Cher\u00e1n, celebra del 11 al 17 de noviembre su semana de XVIII Aniversario con diversas actividades acad\u00e9micas bajo el t\u00edtulo \u201cEl Maestro Ayer y Hoy, Realidades y Esperanzas\u201d.<\/p>\n<p>El prop\u00f3sito de las actividades es el de fortalecer la formaci\u00f3n pedag\u00f3gica de los 400 alumnos normalistas de las Licenciaturas en Educaci\u00f3n Primaria Intercultural Biling\u00fce\u00a0 y la Licenciatura en Preescolar Ind\u00edgena.<\/p>\n<p>El proyecto educativo presentado por el director de la ENIM, Armando Jim\u00e9nez Cruz y Mar\u00eda Rosario Bautista Chapina, titular del Departamento de Difusi\u00f3n y Extensi\u00f3n Educativa, tiene como objetivo particular fortalecer los conocimientos de los estudiantes, reforzar y difundir el aspecto cultural de las cuatro etnias del estado por medio de la danza, la gastronom\u00eda y el juego tradicional; adem\u00e1s de conocer la fundaci\u00f3n y trayectoria de la Escuela Normal Ind\u00edgena de Michoac\u00e1n.<\/p>\n<p>La instituci\u00f3n tiene como visi\u00f3n formar profesionistas que promuevan el car\u00e1cter intercultural de la educaci\u00f3n y que est\u00e9n dispuestos a la constante innovaci\u00f3n de las ense\u00f1anzas para fortalecer el trabajo educativo en los pueblos ind\u00edgenas.<\/p>\n<p>La instituci\u00f3n formadora de docentes atiende a las cuatro etnias del estado (n\u00e1huatl, mazahua, otom\u00ed y pur\u00e9pecha) y pretende que los futuros profesores desarrollen y adquieran los rasgos del perfil de egreso considerados en el plan de estudios de 1997 de la Licenciatura en Educaci\u00f3n Primaria y adem\u00e1s una formaci\u00f3n espec\u00edfica para atender los retos del trabajo con poblaciones ind\u00edgenas de Michoac\u00e1n.<\/p>\n<p>El proyecto educativo que se desarrollar\u00e1 durante la presente semana en las instalaciones del plantel, analizar\u00e1 el papel del maestro a lo largo del tiempo, desde principios del Siglo XIX con la instalaci\u00f3n de las Escuelas Normales donde se conceb\u00eda al maestro como una persona que se responsabilizaba de la ense\u00f1anza de la lectura y la escritura; para despu\u00e9s en 1921, con la creaci\u00f3n de la Secretar\u00eda de Educaci\u00f3n P\u00fablica por Jos\u00e9 Vasconcelos, se cre\u00f3 al maestro misionero y que se conform\u00f3 como un l\u00edder social.<\/p>\n<p>Dentro de las actividades se encuentra las siguientes ponencias: El Origen de la ENIM; Lecto-Escritura; la Aplicaci\u00f3n de las Matem\u00e1ticas en la vida diaria; Desarrollo de Estrategias Did\u00e1cticas; el Cuento como Objeto de Conocimiento del Ni\u00f1o Ind\u00edgena; la Autoestima Necesidad y Condici\u00f3n en la Formaci\u00f3n Docente; entre otros temas.<\/p>\n","protected":false},"excerpt":{"rendered":"<p>La Escuela Normal Ind\u00edgena de Michoac\u00e1n ubicada en Cher\u00e1n, celebra del 11 al 17 de noviembre su semana de XVIII Aniversario con diversas actividades acad\u00e9micas bajo el t\u00edtulo \u201cEl Maestro Ayer y Hoy, Realidades y Esperanzas\u201d.<\/p>\n","protected":false},"author":1,"featured_media":0,"comment_status":"open","ping_status":"open","sticky":false,"template":"","format":"standard","meta":{"footnotes":""},"categories":[3],"tags":[],"class_list":["post-4538","post","type-post","status-publish","format-standard","hentry","category-gobierno-del-estado-de-michoacan"],"_links":{"self":[{"href":"https:\/\/radiowebmx.com\/nota\/wp-json\/wp\/v2\/posts\/4538","targetHints":{"allow":["GET"]}}],"collection":[{"href":"https:\/\/radiowebmx.com\/nota\/wp-json\/wp\/v2\/posts"}],"about":[{"href":"https:\/\/radiowebmx.com\/nota\/wp-json\/wp\/v2\/types\/post"}],"author":[{"embeddable":true,"href":"https:\/\/radiowebmx.com\/nota\/wp-json\/wp\/v2\/users\/1"}],"replies":[{"embeddable":true,"href":"https:\/\/radiowebmx.com\/nota\/wp-json\/wp\/v2\/comments?post=4538"}],"version-history":[{"count":2,"href":"https:\/\/radiowebmx.com\/nota\/wp-json\/wp\/v2\/posts\/4538\/revisions"}],"predecessor-version":[{"id":4540,"href":"https:\/\/radiowebmx.com\/nota\/wp-json\/wp\/v2\/posts\/4538\/revisions\/4540"}],"wp:attachment":[{"href":"https:\/\/radiowebmx.com\/nota\/wp-json\/wp\/v2\/media?parent=4538"}],"wp:term":[{"taxonomy":"category","embeddable":true,"href":"https:\/\/radiowebmx.com\/nota\/wp-json\/wp\/v2\/categories?post=4538"},{"taxonomy":"post_tag","embeddable":true,"href":"https:\/\/radiowebmx.com\/nota\/wp-json\/wp\/v2\/tags?post=4538"}],"curies":[{"name":"wp","href":"https:\/\/api.w.org\/{rel}","templated":true}]}}