{"id":4528,"date":"2013-11-12T11:39:03","date_gmt":"2013-11-12T17:39:03","guid":{"rendered":"https:\/\/radiowebmx.com\/nota\/?p=4528"},"modified":"2013-11-12T11:39:03","modified_gmt":"2013-11-12T17:39:03","slug":"reconoce-jesus-sierra-la-aportacion-de-la-universidad-pedagogica-nacional-a-la-educacion-del-pais","status":"publish","type":"post","link":"https:\/\/radiowebmx.com\/nota\/reconoce-jesus-sierra-la-aportacion-de-la-universidad-pedagogica-nacional-a-la-educacion-del-pais\/","title":{"rendered":"RECONOCE JES\u00daS SIERRA LA APORTACI\u00d3N DE LA UNIVERSIDAD PEDAG\u00d3GICA NACIONAL A LA EDUCACI\u00d3N DEL PA\u00cdS"},"content":{"rendered":"<p><a href=\"https:\/\/radiowebmx.com\/nota\/wp-content\/uploads\/2013\/11\/IMG_1309.jpg\"><img loading=\"lazy\" decoding=\"async\" class=\"alignleft size-full wp-image-4529\" alt=\"IMG_1309\" src=\"https:\/\/radiowebmx.com\/nota\/wp-content\/uploads\/2013\/11\/IMG_1309.jpg\" width=\"591\" height=\"266\" \/><\/a>El secretario de Educaci\u00f3n en Michoac\u00e1n, J. Jes\u00fas Sierra Arias, se reuni\u00f3 con autoridades federales y estatales de la Universidad Pedag\u00f3gica Nacional, donde reconoci\u00f3 la aportaci\u00f3n de las UPN\u2019s para la educaci\u00f3n, no solo de Michoac\u00e1n sino del pa\u00eds en general.<\/p>\n<p>En la reuni\u00f3n sostenida en la UPN del municipio de Zit\u00e1cuaro, Sierra Arias platic\u00f3 con la directora de este plantel en esta parte del Oriente michoacano, la profesora Mar\u00eda del Socorro Hern\u00e1ndez Sotelo y con el director nacional de la UPN, Adalberto Ruiz de la Pe\u00f1a, adem\u00e1s de acad\u00e9micos y cuerpo docente.<\/p>\n<p>A 18 a\u00f1os de vida de la UPN Zit\u00e1cuaro, el responsable de la pol\u00edtica educativa en la entidad, reconoci\u00f3 el trabajo que las autoridades universitarias han hecho en este plantel: \u201cLos m\u00e1s dif\u00edcil no es arrancar un proyecto sino mantenerlo, fortalecerlo, hacerlo crecer y darle prestigio, como es el caso de la UPN, que ha logrado enraizarse en la comunidad en los a\u00f1os que lleva de vida, prestigio que se ha hecho con el trabajo de los docentes y con los resultados acad\u00e9micos\u201d, dijo Sierra Arias.<\/p>\n<p>Ante ellos, el secretario de Educaci\u00f3n destac\u00f3 la importancia de que los egresados de la UPN transmitan los valores y los conocimientos a la sociedad y apunt\u00f3 que para este pa\u00eds, la educaci\u00f3n representa la \u00fanica alternativa viable para poder estar en mejores condiciones.<\/p>\n<p>Sierra Arias indic\u00f3 que otros factores como el desempleo, la pobreza, las organizaciones delictivas, la informalidad de la econom\u00eda, amenazan la formaci\u00f3n de quienes pudieran estar siendo ciudadanos competitivos y productivos en un futuro; por ello, instituciones como la Universidad Pedag\u00f3gica Nacional representan una oportunidad de ampliar la oferta educativa y tambi\u00e9n es una importante se\u00f1al de que el Estado mexicano est\u00e1 haciendo esfuerzos para recuperar a quienes eventualmente van a ser los l\u00edderes de este pa\u00eds.<\/p>\n","protected":false},"excerpt":{"rendered":"<p>El secretario de Educaci\u00f3n en Michoac\u00e1n, J. Jes\u00fas Sierra Arias, se reuni\u00f3 con autoridades federales y estatales de la Universidad Pedag\u00f3gica Nacional,<\/p>\n","protected":false},"author":1,"featured_media":0,"comment_status":"open","ping_status":"open","sticky":false,"template":"","format":"standard","meta":{"footnotes":""},"categories":[14,3],"tags":[],"class_list":["post-4528","post","type-post","status-publish","format-standard","hentry","category-destacadas","category-gobierno-del-estado-de-michoacan"],"_links":{"self":[{"href":"https:\/\/radiowebmx.com\/nota\/wp-json\/wp\/v2\/posts\/4528","targetHints":{"allow":["GET"]}}],"collection":[{"href":"https:\/\/radiowebmx.com\/nota\/wp-json\/wp\/v2\/posts"}],"about":[{"href":"https:\/\/radiowebmx.com\/nota\/wp-json\/wp\/v2\/types\/post"}],"author":[{"embeddable":true,"href":"https:\/\/radiowebmx.com\/nota\/wp-json\/wp\/v2\/users\/1"}],"replies":[{"embeddable":true,"href":"https:\/\/radiowebmx.com\/nota\/wp-json\/wp\/v2\/comments?post=4528"}],"version-history":[{"count":2,"href":"https:\/\/radiowebmx.com\/nota\/wp-json\/wp\/v2\/posts\/4528\/revisions"}],"predecessor-version":[{"id":4531,"href":"https:\/\/radiowebmx.com\/nota\/wp-json\/wp\/v2\/posts\/4528\/revisions\/4531"}],"wp:attachment":[{"href":"https:\/\/radiowebmx.com\/nota\/wp-json\/wp\/v2\/media?parent=4528"}],"wp:term":[{"taxonomy":"category","embeddable":true,"href":"https:\/\/radiowebmx.com\/nota\/wp-json\/wp\/v2\/categories?post=4528"},{"taxonomy":"post_tag","embeddable":true,"href":"https:\/\/radiowebmx.com\/nota\/wp-json\/wp\/v2\/tags?post=4528"}],"curies":[{"name":"wp","href":"https:\/\/api.w.org\/{rel}","templated":true}]}}