{"id":4506,"date":"2013-11-11T10:27:15","date_gmt":"2013-11-11T16:27:15","guid":{"rendered":"https:\/\/radiowebmx.com\/nota\/?p=4506"},"modified":"2013-11-11T10:27:15","modified_gmt":"2013-11-11T16:27:15","slug":"temas-de-cafe-86","status":"publish","type":"post","link":"https:\/\/radiowebmx.com\/nota\/temas-de-cafe-86\/","title":{"rendered":"TEMAS DE CAF\u00c9"},"content":{"rendered":"<p><a href=\"https:\/\/radiowebmx.com\/nota\/wp-content\/uploads\/2013\/06\/temas-de-cafe.jpg\"><img loading=\"lazy\" decoding=\"async\" class=\"alignleft size-full wp-image-2805\" alt=\"temas de cafe\" src=\"https:\/\/radiowebmx.com\/nota\/wp-content\/uploads\/2013\/06\/temas-de-cafe.jpg\" width=\"295\" height=\"171\" \/><\/a>Miguel Angel Osorio Chong Secretario de Gobernaci\u00f3n, dijo en relaci\u00f3n a Michoac\u00e1n, que la situaci\u00f3n estaba conflictiva, en parte por las \u201ccircunstancias del gobernador Fausto Vallejo\u201d, y la verdad no entendemos lo que\u00a0 quiso decir, por lo tanto estar\u00eda bien que se le exigiera, al responsable de la pol\u00edtica interna en el pa\u00eds, que explicara bien lo que quiso decir, porque no es bueno que responsabilice al mandatario michoacano, de parte de la situaci\u00f3n que se vive porque, en gran parte la situaci\u00f3n que vive hoy el estado, se debe a la dejadez de los gobiernos federales, desde Carlos Salinas, Vicente Fox y Felipe Calder\u00f3n por su pleito con Leonel Godoy, y quienes pagaron fueron los michoacanos, ya que solamente envi\u00f3 armas, polic\u00edas y el ej\u00e9rcito. Hoy por lo menos ha variado la estrategia, ahora La Federaci\u00f3n\u00a0 toma municipios y se programan diversas obras que permitir\u00e1n\u00a0 inversiones p\u00fablicas y privadas que podr\u00e1n impulsar el desarrollo econ\u00f3mico.<\/p>\n<p>ENTRE HOY Y MA\u00d1ANA REGRESA JESUS<\/p>\n<p>El s\u00f3lo aviso del arribo de\u00a0 Jes\u00fas Reyna, caus\u00f3 alegr\u00eda entre una buena parte de michoacanos, entre ellos los priistas porque como estaba la situaci\u00f3n, se cancelaba toda posibilidad de que el PRI, se mantuviera por lo menos competitivo en el pr\u00f3ximo proceso electoral, desde luego que tambi\u00e9n hay un buen n\u00famero de personas, que llegaron a pensar que Jes\u00fas se convertir\u00eda en historia en la pol\u00edtica michoacana, como lo dijo hace unos dos a\u00f1os o m\u00e1s, Emilio Gamboa hoy coordinador del Senado de la bancada priista en el Senado, y hoy se\u00a0 vislumbra\u00a0 una alianza entre Chon Orihuela, y Jes\u00fas Reyna.<\/p>\n<p>Antes de comentarle el escenario posible, entre los liderazgos priistas, debemos terminar con el tema de Jes\u00fas Reyna, creemos le hemos tenido enterado de la situaci\u00f3n, que existe\u00a0 entre Fausto Vallejo, gobernador del estado y Jes\u00fas Reyna, usted sabe que ellos crearon una alianza pol\u00edtica, que permiti\u00f3 primero la alianza entre sus grupos y segundo ser competitivos, para poder ganar el proceso para gobernador, desde luego despu\u00e9s intervinieron otros\u00a0 factores, a final de cuentas fueron vitales para el triunfo priista.<\/p>\n<p>Una vez que Fausto retorn\u00f3 al ejecutivo estatal, Jes\u00fas tal vez molesto por la forma, no por el hecho de regresar, ya que Fausto ten\u00eda todo el derecho de retomar el gobierno estatal, se fue de vacaciones en ese inter, estuvo con Miguel Angel Osorio Chong y el dirigente nacional del PRI, \u00a0C\u00e9sar Camacho quienes coincidieron en recomendarle, que regresara a la Secretar\u00eda de Gobierno, para ayudar tanto a Michoac\u00e1n, como al PRI y desde luego a Fausto Vallejo, por lo cual desde el s\u00e1bado Jes\u00fas ya estuvo en casa de Gobierno, en la reuni\u00f3n que presidi\u00f3 el enviado del presidente Pe\u00f1a Nieto, Jorge Carlos Ram\u00edrez, el subsecretario Gustavo C\u00e1rdenas Monroy, responsable de preparar lo necesario tanto en la entidad, como en la Federaci\u00f3n, para los doce viajes que realizar\u00e1 el presidente de M\u00e9xico en 2014 a Michoac\u00e1n.<\/p>\n<p>JESUS REGRESA ALA SECERETARI AD EGOBIERNO<\/p>\n<p>Todo hace ver que Jes\u00fas\u00a0 regresar\u00e1 a la Secretaria de Gobierno, la cual estuvo unas semanas ocupada por Jaime Mares Camarena, quien no cabe duda realiz\u00f3 un aceptable trabajo, en semanas Jaime tuvo una maestr\u00eda en ciencia pol\u00edtica que nunca olvidar\u00e1 y que sobre todo le permiti\u00f3 demostrar, que tiene capacidad y talento para responsabilidades similares o mayores, parecer\u00eda que Jaime Mares retornar\u00e1 al Cedem\u00fan, donde tambi\u00e9n estuvo Francisco Octavio Aparicio como encargado, o sea que en s\u00ed no hay mayor problema.<\/p>\n<p>FAUSTO, JESUS, CHON ORIHUELA Y VICTOR SILVA<\/p>\n<p>Antes de entrar en otros temas debemos concluir este, usted sabe que el PAN no tiene problema en cuanto a su dirigencia, en el PRD la semana pasado hubo reuni\u00f3n nacional, para tratar el caso Michoac\u00e1n, para evitar problemas, pero en el PRI michoacano, parece que todo se llevar\u00e1 hasta febrero o marzo del a\u00f1o entrante, aunque nos parece que para ese entonces, se estar\u00eda dando ventaja a los dem\u00e1s partidos, as\u00ed que pensando en la participaci\u00f3n del PRI en este proceso, como est\u00e1n las cosas, solamente podr\u00eda ser competitivo el tricolor, si se ampl\u00eda la alianza pol\u00edtica.<\/p>\n<p>Hoy usted sabe prevalece la alianza Fausto-Jes\u00fas, pero en el Senado parece se concret\u00f3 la alianza Jes\u00fas-Chon y est\u00e1 bien, pero ah\u00ed debe estar V\u00edctor Silva Tejeda, hoy delegado estatal de la Sedesol y uno de los activos m\u00e1s limpios del PRI y con una trayectoria respetable, porque vea usted Fausto ya es gobernador, Jes\u00fas Reyna tambi\u00e9n ya lo fue, por lo cual est\u00e1 inhabilitado por la Constituci\u00f3n federal y estatal, quedar\u00eda Chon Orihuela y V\u00edctor y todos coinciden, en que Chon no ganar\u00eda una elecci\u00f3n, si hay alguien que la puede ganar es V\u00edctor Silva y vea usted no es seguro, pero ser\u00eda m\u00e1s competitivo.<\/p>\n<p>LUISA, BENY, SALVADOR Y MARKO, SILVANO, MORON Y FIDEL<\/p>\n<p>Mire usted faltan unos meses para que entremos al proceso federal y estatal del 2015, por el PAN le hemos comentado\u00a0 estar\u00e1n presentes Luisa Mar\u00eda, Beny Quesada, Salvador Vega y Marko V Cort\u00e9s, entre estos cuatro personajes est\u00e1 el candidato al gobierno de Michoac\u00e1n, mientras que en el PRD la situaci\u00f3n, estar\u00e1 sin duda en Silvano Aureoles, Fidel Calder\u00f3n y Ra\u00fal Mor\u00f3n y es que a estas alturas, no se puede descartar a nadie ni se podr\u00eda encartar a alguien m\u00e1s, en pol\u00edtica ya le hemos comentado, la improvisaci\u00f3n es mortal por necesidad, as\u00ed que creemos as\u00ed estar\u00e1n estos personajes en la recta final.<\/p>\n<p>JARA Y EGBERTO APOYAN AL PRD EN LA UNIVERSIDAD<\/p>\n<p>En los \u00faltimos 10 a\u00f1os la Universidad Michoacana, ha sido penetrada por el PRD, en la actual rector\u00eda tanto Salvador como Egberto Bedolla, han tenido manos libres para impulsar a sus cuadros, as\u00ed sucede por ejemplo en Contabilidad y Administraci\u00f3n, ya le contaremos en detalle esta situaci\u00f3n, por hoy le comentaremos lo que sucede en Veterinaria, donde este martes el Consejo Universitario, deber\u00e1 elegir al sucesor de Orlando Vallejo, hermano de Fausto Vallejo, quien dejar\u00e1 la direcci\u00f3n. Hoy se espera que Fausto Vallejo supervise trabajos en la posta de veterinaria, para que se entienda que se debe respetar la voluntad de los alumnos, maestros y personal administrativo.<\/p>\n<p>Intentan burlar la voluntad de los alumnos, maestros y personal administrativo quienes llevaron al primer lugar a Jos\u00e9 Luis Solorio, en segundo lugar qued\u00f3 Rodolfo Lucio Dom\u00ednguez, pero como Jos\u00e9 Luis no es de\u00a0 las simpat\u00edas de Egberto y de Jara, han empezado a emitir mensajes a la mayor\u00eda de los consejeros universitarios, para hacerles saber que les gustar\u00eda, que ma\u00f1ana martes, apoyaran a Rodolfo, para convertirse en director de la facultad de Veterinaria, aprovechando adem\u00e1s que el gobierno del estado, ha sido\u00a0 respetuoso de la autonom\u00eda universitaria, pero como Jara y Egberto desde siempre han estado, apoyando al perredismo en la Universidad Michoacana.<\/p>\n<p>MICHOACAN CUARTO EN GASTO\u00a0 EDUCATIVO<\/p>\n<p>Es lamentable que no haya proporcionalidad, en la entidad en cuanto al gasto educativo, ya que estamos en el cuarto lugar en este aspecto y en los \u00faltimos en aprovechamiento y calidad, de acuerdo a lo se\u00f1alado por el grupo Michoac\u00e1n Primero, el gasto por alumno es de 25 mil 433 pesos en primaria. Por irregularidades en n\u00f3mina se pierden cada a\u00f1o\u00a0 entre mil 351 mil millones y tres mil 862 millones, por eso la CNTE se opone terminantemente al censo que realiza el INEGI, para conocer el n\u00famero de escuelas, maestros y alumnos, pero para el a\u00f1o entrante y el siguiente si no est\u00e1n las escuelas en este censo, simplemente no podr\u00e1n estar en la n\u00f3mina nacional, ya que el pago vendr\u00e1 directo desde el centro, o sea que la CNTE, se est\u00e1 haciendo hoy el harakiri.<\/p>\n<p>EL SISTEMA MICHOACANO DE RADIO Y TELEVISION<\/p>\n<p>La verdad se deber\u00eda hacer un estudio a fondo, sobre la viabilidad del Sistema Michoacano de Radio y Televisi\u00f3n Michoacano, analizar si vale la pena que siga funcionando, porque como est\u00e1 hoy no tiene raz\u00f3n de ser, su penetraci\u00f3n es baja por falta de calidad en la mayor\u00eda de sus programas, los cuales son repetici\u00f3n y programas extranjeros, tal vez haya inter\u00e9s tanto de los trabajadores, como de los\u00a0 responsables pero sabemos el equipo, con que cuenta es obsoleto y se requiere inversiones millonarias, tal vez lo mejor ser\u00eda cerrar sus puertas, el Estado se ahorrar\u00eda un buen dinero y no perder\u00eda nada.<\/p>\n","protected":false},"excerpt":{"rendered":"<p>+ NO QUE NO: \u00a1REGRESO JESUS!<br \/>\n+ FAUSTO-JESUS-CHON-VICTOR<br \/>\n+ EGBERTO PONE A SUS AMIGOS<br \/>\n+ 4\u00ba EN GASTO Y HASTA EL FONDO<\/p>\n","protected":false},"author":1,"featured_media":0,"comment_status":"open","ping_status":"open","sticky":false,"template":"","format":"standard","meta":{"footnotes":""},"categories":[4,10],"tags":[],"class_list":["post-4506","post","type-post","status-publish","format-standard","hentry","category-columnistas","category-juan-manuel-belmonte"],"_links":{"self":[{"href":"https:\/\/radiowebmx.com\/nota\/wp-json\/wp\/v2\/posts\/4506","targetHints":{"allow":["GET"]}}],"collection":[{"href":"https:\/\/radiowebmx.com\/nota\/wp-json\/wp\/v2\/posts"}],"about":[{"href":"https:\/\/radiowebmx.com\/nota\/wp-json\/wp\/v2\/types\/post"}],"author":[{"embeddable":true,"href":"https:\/\/radiowebmx.com\/nota\/wp-json\/wp\/v2\/users\/1"}],"replies":[{"embeddable":true,"href":"https:\/\/radiowebmx.com\/nota\/wp-json\/wp\/v2\/comments?post=4506"}],"version-history":[{"count":1,"href":"https:\/\/radiowebmx.com\/nota\/wp-json\/wp\/v2\/posts\/4506\/revisions"}],"predecessor-version":[{"id":4507,"href":"https:\/\/radiowebmx.com\/nota\/wp-json\/wp\/v2\/posts\/4506\/revisions\/4507"}],"wp:attachment":[{"href":"https:\/\/radiowebmx.com\/nota\/wp-json\/wp\/v2\/media?parent=4506"}],"wp:term":[{"taxonomy":"category","embeddable":true,"href":"https:\/\/radiowebmx.com\/nota\/wp-json\/wp\/v2\/categories?post=4506"},{"taxonomy":"post_tag","embeddable":true,"href":"https:\/\/radiowebmx.com\/nota\/wp-json\/wp\/v2\/tags?post=4506"}],"curies":[{"name":"wp","href":"https:\/\/api.w.org\/{rel}","templated":true}]}}