{"id":44891,"date":"2017-08-22T14:22:27","date_gmt":"2017-08-22T19:22:27","guid":{"rendered":"https:\/\/radiowebmx.com\/nota\/?p=44891"},"modified":"2017-10-11T12:13:04","modified_gmt":"2017-10-11T17:13:04","slug":"tarimbaro-se-beneficiara-con-nueva-primaria-en-fraccionamiento-galaxia","status":"publish","type":"post","link":"https:\/\/radiowebmx.com\/nota\/tarimbaro-se-beneficiara-con-nueva-primaria-en-fraccionamiento-galaxia\/","title":{"rendered":"Tar\u00edmbaro se beneficiar\u00e1 con nueva primaria en fraccionamiento Galaxia"},"content":{"rendered":"<p>22\/8\/17 Tarimbaro. Mich: La Secretar\u00eda de Educaci\u00f3n en el Estado (SEE) atiende de manera oportuna el reporte de incendio en aulas provisionales de la Escuela Primaria &#8220;Jos\u00e9 Mar\u00eda Morelos&#8221;, ubicada en el fraccionamiento Galaxia, en el municipio de Tar\u00edmbaro.<br \/>\nEl titular de la SEE, Alberto Frutis Sol\u00eds, acudi\u00f3 a las instalaciones para realizar un recorrido, verificar el da\u00f1o y atender las necesidades. En este marco, indic\u00f3 que se apoyar\u00e1 al plantel con la terminaci\u00f3n de la construcci\u00f3n de cuatro aulas, las cuales ya registran un avance significativo.<br \/>\nEn reuni\u00f3n con directivos y padres de familia de la escuela, se\u00f1al\u00f3 que en el espacio de las aulas provisionales siniestradas se construir\u00e1 una cancha deportiva y se levantar\u00e1 la barda perimetral para proporcionar mayor seguridad al alumnado y a las instalaciones.<br \/>\nInform\u00f3 que las actividades escolares de las y los alumnos se realizar\u00e1n con normalidad al habilitar aulas en la Escuela Secundaria de Galaxia Tar\u00edmbaro.<br \/>\n&#8220;Nuestra prioridad es la educaci\u00f3n de las ni\u00f1as y ni\u00f1os; por ellos, en Michoac\u00e1n, estamos haciendo las cosas bien\u201d, asever\u00f3.<\/p>\n<p><a href=\"https:\/\/radiowebmx.com\/nota\/wp-content\/uploads\/2017\/09\/60301.jpg\"><img loading=\"lazy\" decoding=\"async\" class=\"alignnone wp-image-44892\" src=\"https:\/\/radiowebmx.com\/nota\/wp-content\/uploads\/2017\/09\/60301.jpg\" alt=\"\" width=\"398\" height=\"398\" srcset=\"https:\/\/radiowebmx.com\/nota\/wp-content\/uploads\/2017\/09\/60301.jpg 561w, https:\/\/radiowebmx.com\/nota\/wp-content\/uploads\/2017\/09\/60301-400x400.jpg 400w, https:\/\/radiowebmx.com\/nota\/wp-content\/uploads\/2017\/09\/60301-120x120.jpg 120w\" sizes=\"auto, (max-width: 398px) 100vw, 398px\" \/><\/a><\/p>\n","protected":false},"excerpt":{"rendered":"<p>22\/8\/17 Tarimbaro. Mich: La Secretar\u00eda de Educaci\u00f3n en el Estado (SEE) atiende de manera oportuna el reporte de incendio en aulas provisionales de la Escuela Primaria &#8220;Jos\u00e9 Mar\u00eda Morelos&#8221;, ubicada en el fraccionamiento Galaxia, en el municipio de Tar\u00edmbaro. El titular de la SEE, Alberto Frutis Sol\u00eds, acudi\u00f3 a las instalaciones para realizar un recorrido, [&hellip;]<\/p>\n","protected":false},"author":2,"featured_media":44892,"comment_status":"closed","ping_status":"closed","sticky":false,"template":"","format":"standard","meta":{"footnotes":""},"categories":[14,22],"tags":[],"class_list":["post-44891","post","type-post","status-publish","format-standard","has-post-thumbnail","hentry","category-destacadas","category-tarimbaro"],"_links":{"self":[{"href":"https:\/\/radiowebmx.com\/nota\/wp-json\/wp\/v2\/posts\/44891","targetHints":{"allow":["GET"]}}],"collection":[{"href":"https:\/\/radiowebmx.com\/nota\/wp-json\/wp\/v2\/posts"}],"about":[{"href":"https:\/\/radiowebmx.com\/nota\/wp-json\/wp\/v2\/types\/post"}],"author":[{"embeddable":true,"href":"https:\/\/radiowebmx.com\/nota\/wp-json\/wp\/v2\/users\/2"}],"replies":[{"embeddable":true,"href":"https:\/\/radiowebmx.com\/nota\/wp-json\/wp\/v2\/comments?post=44891"}],"version-history":[{"count":3,"href":"https:\/\/radiowebmx.com\/nota\/wp-json\/wp\/v2\/posts\/44891\/revisions"}],"predecessor-version":[{"id":45846,"href":"https:\/\/radiowebmx.com\/nota\/wp-json\/wp\/v2\/posts\/44891\/revisions\/45846"}],"wp:featuredmedia":[{"embeddable":true,"href":"https:\/\/radiowebmx.com\/nota\/wp-json\/wp\/v2\/media\/44892"}],"wp:attachment":[{"href":"https:\/\/radiowebmx.com\/nota\/wp-json\/wp\/v2\/media?parent=44891"}],"wp:term":[{"taxonomy":"category","embeddable":true,"href":"https:\/\/radiowebmx.com\/nota\/wp-json\/wp\/v2\/categories?post=44891"},{"taxonomy":"post_tag","embeddable":true,"href":"https:\/\/radiowebmx.com\/nota\/wp-json\/wp\/v2\/tags?post=44891"}],"curies":[{"name":"wp","href":"https:\/\/api.w.org\/{rel}","templated":true}]}}