{"id":44864,"date":"2017-09-26T13:16:11","date_gmt":"2017-09-26T18:16:11","guid":{"rendered":"https:\/\/radiowebmx.com\/nota\/?p=44864"},"modified":"2017-09-26T13:35:30","modified_gmt":"2017-09-26T18:35:30","slug":"con-espectacular-desfile-y-la-presencia-de-miguel-angel-osorio-chong-alistan-festejo-del-30-de-septiembre","status":"publish","type":"post","link":"https:\/\/radiowebmx.com\/nota\/con-espectacular-desfile-y-la-presencia-de-miguel-angel-osorio-chong-alistan-festejo-del-30-de-septiembre\/","title":{"rendered":"Con espectacular desfile y la presencia de Miguel \u00c1ngel Osorio Chong, alistan festejo del 30 de Septiembre"},"content":{"rendered":"<p><a href=\"https:\/\/radiowebmx.com\/nota\/wp-content\/uploads\/2017\/09\/e7fb0cf1-db4f-4a76-8008-d7e76a68fbb3.jpeg\"><img loading=\"lazy\" decoding=\"async\" class=\"alignnone  wp-image-44866\" src=\"https:\/\/radiowebmx.com\/nota\/wp-content\/uploads\/2017\/09\/e7fb0cf1-db4f-4a76-8008-d7e76a68fbb3-595x397.jpeg\" alt=\"\" width=\"399\" height=\"266\" srcset=\"https:\/\/radiowebmx.com\/nota\/wp-content\/uploads\/2017\/09\/e7fb0cf1-db4f-4a76-8008-d7e76a68fbb3-595x397.jpeg 595w, https:\/\/radiowebmx.com\/nota\/wp-content\/uploads\/2017\/09\/e7fb0cf1-db4f-4a76-8008-d7e76a68fbb3-768x512.jpeg 768w, https:\/\/radiowebmx.com\/nota\/wp-content\/uploads\/2017\/09\/e7fb0cf1-db4f-4a76-8008-d7e76a68fbb3-960x640.jpeg 960w, https:\/\/radiowebmx.com\/nota\/wp-content\/uploads\/2017\/09\/e7fb0cf1-db4f-4a76-8008-d7e76a68fbb3-272x182.jpeg 272w, https:\/\/radiowebmx.com\/nota\/wp-content\/uploads\/2017\/09\/e7fb0cf1-db4f-4a76-8008-d7e76a68fbb3.jpeg 1280w\" sizes=\"auto, (max-width: 399px) 100vw, 399px\" \/><\/a><\/p>\n<p>&nbsp;<\/p>\n<ul>\n<li><strong>En el desfile se contar\u00e1 con un contingente de ciudadanos y cuerpos de rescate.<\/strong><\/li>\n<\/ul>\n<p>&nbsp;<\/p>\n<div>El Ayuntamiento de Morelia, en estrecha coordinaci\u00f3n con el Gobierno Estatal, se encuentra listo para conmemorar en orden y civilidad la fecha m\u00e1s representativa de la capital michoacana, el 252 Aniversario del Natalicio de Jos\u00e9 Mar\u00eda Morelos y Pav\u00f3n, que en esta ocasi\u00f3n se engalanar\u00e1 con la presencia del Secretario de Gobernaci\u00f3n, Miguel \u00c1ngel Osorio Chong, as\u00ed como con la participaci\u00f3n de un contingente denominado #FuerzaM\u00e9xico durante el Desfile C\u00edvico-Militar.<\/p>\n<p>Lo anterior, lo anunciaron en Rueda de Prensa autoridades estatales y municipales, encabezadas por el Secretario de Gobierno del Estado, Adri\u00e1n L\u00f3pez Sol\u00eds, as\u00ed como el Secretario del Ayuntamiento, Jes\u00fas \u00c1valos Plata, en la que coincidieron en se\u00f1alar el esfuerzo conjunto para honrar al Siervo de la Naci\u00f3n, el pr\u00f3ximo 30 de septiembre, evocando la memoria de los michoacanos y morelianos, y reforzando as\u00ed el sentido de identidad y unidad nacional.<\/p>\n<p>Durante su intervenci\u00f3n, el Encargado de la Pol\u00edtica Interna en el municipio, confirm\u00f3 que a invitaci\u00f3n del Presidente Municipal, Alfonso Mart\u00ednez Alc\u00e1zar, el Secretario de Gobernaci\u00f3n, Miguel \u00c1ngel Osorio Chong, fungir\u00e1 como Orador Oficial del Acto C\u00edvico por el Aniversario del Natalicio de Jos\u00e9 Mar\u00eda Morelos, quien adem\u00e1s presidir\u00e1 el Recorrido en Bando Solemne.<\/p>\n<p>Asimismo, destac\u00f3 que este a\u00f1o, en el marco de su centenario, la Universidad Michoacana de San Nicol\u00e1s de Hidalgo as\u00ed como el contingente #FuerzaM\u00e9xico, integrado por los ciudadanos y corporaciones de auxilio que han ayudado al rescate y apoyo a damnificados tras el sismo del 19 de septiembre, enaltecer\u00e1n el Aniversario del Natalicio del Siervo de la Naci\u00f3n en Morelia.<\/p>\n<p>\u201cReafirmar que estamos m\u00e1s firmes y unidos que nunca para salir adelante en esta fecha tan conmemorativa para los morelianos. Todo el Gabinete del Gobierno Municipal participar\u00e1 y coadyuvar\u00e1 para que las actividades del 30 de Septiembre se realicen en las mejores condiciones de seguridad y log\u00edstica, en aras de contar con un festejo como se tiene previsto\u201d, apunt\u00f3 \u00c1valos Plata.<\/p>\n<p>A\u00f1adi\u00f3 que en aras de que esta celebraci\u00f3n se efectu\u00e9 en un contexto de orden y sana convivencia, el Ayuntamiento de Morelia, a trav\u00e9s de la Secretar\u00eda de Servicios P\u00fablicos, intensificar\u00e1 las acciones de regulaci\u00f3n del comercio en el Primer Cuadro de la ciudad, en tanto que mediante la dependencia que encabeza, se garantizar\u00e1 el cumplimiento del Acuerdo de Restricci\u00f3n de Ventas y Bebidas Alcoh\u00f3licas en el municipio.<\/p>\n<p>Al hacer uso de la voz, el Secretario de Gobierno en Michoac\u00e1n, Adri\u00e1n L\u00f3pez Sol\u00eds, resalt\u00f3 que las actividades alusivas al 30 de Septiembre, representan una oportunidad para recuperar los espacios p\u00fablicos, alentar sentido de pertenencia como michoacanos y morelianos, y enviar un mensaje de unidad nacional.<\/p>\n<p>Detall\u00f3 que los eventos c\u00edvicos iniciar\u00e1n a partir de las 8:00 horas en la Plaza Jard\u00edn Morelos, con el Izamiento de las Banderas Nacional, del Estado y la de Morelia; posteriormente se realizar\u00e1 el recorrido en Bando Solemne por el Primer Cuadro de la ciudad, a las 9:00 horas, para despu\u00e9s continuar con el Acto C\u00edvico en la Plaza Jard\u00edn Morelos y culminar con el Desfile C\u00edvico-Militar, que partir\u00e1 a las 11:00 horas de la Fuente de las Tarascas al Monumento a L\u00e1zaro C\u00e1rdenas.<\/p>\n<p>Por su parte, el Secretario de Seguridad P\u00fablica, Juan Bernardo Corona Mart\u00ednez, precis\u00f3 que ser\u00e1n mil 430 los elementos que participar\u00e1n en el operativo de seguridad, que arrancar\u00e1 a partir de las 00:00 horas del 30 de septiembre en el Centro Hist\u00f3rico, donde se colocar\u00e1n anillos de seguridad, arcos detectores y vallas met\u00e1licas.<\/p><\/div>\n","protected":false},"excerpt":{"rendered":"<p>&nbsp; En el desfile se contar\u00e1 con un contingente de ciudadanos y cuerpos de rescate. &nbsp; El Ayuntamiento de Morelia, en estrecha coordinaci\u00f3n con el Gobierno Estatal, se encuentra listo para conmemorar en orden y civilidad la fecha m\u00e1s representativa de la capital michoacana, el 252 Aniversario del Natalicio de Jos\u00e9 Mar\u00eda Morelos y Pav\u00f3n, [&hellip;]<\/p>\n","protected":false},"author":2,"featured_media":44865,"comment_status":"closed","ping_status":"closed","sticky":false,"template":"","format":"standard","meta":{"footnotes":""},"categories":[14,60,9],"tags":[],"class_list":["post-44864","post","type-post","status-publish","format-standard","has-post-thumbnail","hentry","category-destacadas","category-michoacan","category-morelia"],"_links":{"self":[{"href":"https:\/\/radiowebmx.com\/nota\/wp-json\/wp\/v2\/posts\/44864","targetHints":{"allow":["GET"]}}],"collection":[{"href":"https:\/\/radiowebmx.com\/nota\/wp-json\/wp\/v2\/posts"}],"about":[{"href":"https:\/\/radiowebmx.com\/nota\/wp-json\/wp\/v2\/types\/post"}],"author":[{"embeddable":true,"href":"https:\/\/radiowebmx.com\/nota\/wp-json\/wp\/v2\/users\/2"}],"replies":[{"embeddable":true,"href":"https:\/\/radiowebmx.com\/nota\/wp-json\/wp\/v2\/comments?post=44864"}],"version-history":[{"count":1,"href":"https:\/\/radiowebmx.com\/nota\/wp-json\/wp\/v2\/posts\/44864\/revisions"}],"predecessor-version":[{"id":44867,"href":"https:\/\/radiowebmx.com\/nota\/wp-json\/wp\/v2\/posts\/44864\/revisions\/44867"}],"wp:featuredmedia":[{"embeddable":true,"href":"https:\/\/radiowebmx.com\/nota\/wp-json\/wp\/v2\/media\/44865"}],"wp:attachment":[{"href":"https:\/\/radiowebmx.com\/nota\/wp-json\/wp\/v2\/media?parent=44864"}],"wp:term":[{"taxonomy":"category","embeddable":true,"href":"https:\/\/radiowebmx.com\/nota\/wp-json\/wp\/v2\/categories?post=44864"},{"taxonomy":"post_tag","embeddable":true,"href":"https:\/\/radiowebmx.com\/nota\/wp-json\/wp\/v2\/tags?post=44864"}],"curies":[{"name":"wp","href":"https:\/\/api.w.org\/{rel}","templated":true}]}}