{"id":44840,"date":"2017-09-25T17:42:32","date_gmt":"2017-09-25T22:42:32","guid":{"rendered":"https:\/\/radiowebmx.com\/nota\/?p=44840"},"modified":"2017-09-26T12:00:43","modified_gmt":"2017-09-26T17:00:43","slug":"solicitara-wilfrido-lazaro-en-que-se-han-gastado-recursos-destinados-en-seguridad-en-el-2017","status":"publish","type":"post","link":"https:\/\/radiowebmx.com\/nota\/solicitara-wilfrido-lazaro-en-que-se-han-gastado-recursos-destinados-en-seguridad-en-el-2017\/","title":{"rendered":"Solicitar\u00e1 Wilfrido L\u00e1zaro en qu\u00e9 se han gastado recursos destinados en seguridad en el 2017"},"content":{"rendered":"<ul>\n<li class=\"x_gmail-m2557935893636207492gmail-msolistparagraph\"><strong>El diputado del PRI expuso que a dos a\u00f1os del actual gobierno no hay un Plan de Seguridad, ni se ha presentado una estrategia integral que d\u00e9 la confianza de tener rumbo en esta materia<\/strong><i><\/i><\/li>\n<\/ul>\n<p class=\"x_MsoNormal\"><b>Morelia;\u00a0 Michoac\u00e1n, 25 de septiembre de 2017.-<\/b>\u00a0El presidente de la comisi\u00f3n de Seguridad y Protecci\u00f3n Civil en el Congreso del Estado, Wilfrido L\u00e1zaro Medina, anunci\u00f3 que habr\u00e1n de solicitar la revisi\u00f3n del ejercicio del gasto 2017 que increment\u00f3 en 600 millones en tan s\u00f3lo este a\u00f1o con relaci\u00f3n al a\u00f1o anterior, antes de poder estar de acuerdo en un incremento para el a\u00f1o 2018 en donde se solicitan 400 millones de pesos adicionales.<\/p>\n<p class=\"x_MsoNormal\">Refiri\u00f3 que los informes se presentan en forma globalizada,\u00a0 por lo que no se transparenta el ejercicio de los recursos p\u00fablicos, lo que no permite a la ciudadan\u00eda identificar los avances financieros ni en qu\u00e9 se aplican para que conozca su destino, por lo que no es posible ver el comportamiento de avance de los programas ni el ejercicio detallado de la inversi\u00f3n federal y la estatal.<\/p>\n<p class=\"x_MsoNormal\">L\u00e1zaro Medina expuso que a dos a\u00f1os del actual gobierno de Michoac\u00e1n no hay un Plan de Seguridad, tal como fue varias veces anunciado, ni se ha presentado una estrategia integral en materia de seguridad que d\u00e9 la confianza de tener rumbo en esta materia.<\/p>\n<p class=\"x_MsoNormal\">En rueda de prensa con el grupo parlamentario del PRI y al exponer las acciones que se han realizado en la comisi\u00f3n que encabeza, el diputado priista mencion\u00f3 \u00a0que el rubro de seguridad es uno de los que tiene mayor rezago en los tres \u00f3rdenes gobierno, esto al se\u00f1alar que es justo reconocer que hace falta demasiado para ver coordinaci\u00f3n efectiva entre los municipios y el estado.<\/p>\n<p class=\"x_MsoNormal\">Record\u00f3 que el presidente de la Rep\u00fablica, \u00a0Enrique Pe\u00f1a Nieto no ha dejado de apoyar de manera sustancial a Michoac\u00e1n, y el gobierno federal ha empleado 600 millones de pesos para acciones de seguridad en el Estado durante este 2017, \u00a0\u201chubo un aumento hist\u00f3rico de recursos, se ejecutan 2 mil 8 millones de pesos gracias a que el Congreso del Estado as\u00ed lo contempl\u00f3\u201d, dijo el diputado local.<\/p>\n<p class=\"x_MsoNormal\">Finalmente se\u00f1al\u00f3 que en los rubros donde existan rezagos el Grupo Parlamentario del PRI no quitar\u00e1 el dedo del rengl\u00f3n, lo anterior al demandar un trabajo m\u00e1s coordinado y de combate a los \u00edndices delictivos del estado y revisar que se est\u00e1 haciendo con los recursos del 2017.<\/p>\n","protected":false},"excerpt":{"rendered":"<p>El diputado del PRI expuso que a dos a\u00f1os del actual gobierno no hay un Plan de Seguridad, ni se ha presentado una estrategia integral que d\u00e9 la confianza de tener rumbo en esta materia Morelia;\u00a0 Michoac\u00e1n, 25 de septiembre de 2017.-\u00a0El presidente de la comisi\u00f3n de Seguridad y Protecci\u00f3n Civil en el Congreso del [&hellip;]<\/p>\n","protected":false},"author":2,"featured_media":44841,"comment_status":"closed","ping_status":"closed","sticky":false,"template":"","format":"standard","meta":{"footnotes":""},"categories":[6],"tags":[],"class_list":["post-44840","post","type-post","status-publish","format-standard","has-post-thumbnail","hentry","category-congreso-del-estado"],"_links":{"self":[{"href":"https:\/\/radiowebmx.com\/nota\/wp-json\/wp\/v2\/posts\/44840","targetHints":{"allow":["GET"]}}],"collection":[{"href":"https:\/\/radiowebmx.com\/nota\/wp-json\/wp\/v2\/posts"}],"about":[{"href":"https:\/\/radiowebmx.com\/nota\/wp-json\/wp\/v2\/types\/post"}],"author":[{"embeddable":true,"href":"https:\/\/radiowebmx.com\/nota\/wp-json\/wp\/v2\/users\/2"}],"replies":[{"embeddable":true,"href":"https:\/\/radiowebmx.com\/nota\/wp-json\/wp\/v2\/comments?post=44840"}],"version-history":[{"count":1,"href":"https:\/\/radiowebmx.com\/nota\/wp-json\/wp\/v2\/posts\/44840\/revisions"}],"predecessor-version":[{"id":44842,"href":"https:\/\/radiowebmx.com\/nota\/wp-json\/wp\/v2\/posts\/44840\/revisions\/44842"}],"wp:featuredmedia":[{"embeddable":true,"href":"https:\/\/radiowebmx.com\/nota\/wp-json\/wp\/v2\/media\/44841"}],"wp:attachment":[{"href":"https:\/\/radiowebmx.com\/nota\/wp-json\/wp\/v2\/media?parent=44840"}],"wp:term":[{"taxonomy":"category","embeddable":true,"href":"https:\/\/radiowebmx.com\/nota\/wp-json\/wp\/v2\/categories?post=44840"},{"taxonomy":"post_tag","embeddable":true,"href":"https:\/\/radiowebmx.com\/nota\/wp-json\/wp\/v2\/tags?post=44840"}],"curies":[{"name":"wp","href":"https:\/\/api.w.org\/{rel}","templated":true}]}}