{"id":4482,"date":"2013-11-11T09:55:50","date_gmt":"2013-11-11T15:55:50","guid":{"rendered":"https:\/\/radiowebmx.com\/nota\/?p=4482"},"modified":"2013-11-11T09:55:50","modified_gmt":"2013-11-11T15:55:50","slug":"christian-gutierrez-nuevo-director-del-sistema-michoacano-de-radio-y-television","status":"publish","type":"post","link":"https:\/\/radiowebmx.com\/nota\/christian-gutierrez-nuevo-director-del-sistema-michoacano-de-radio-y-television\/","title":{"rendered":"CHRISTIAN GUTI\u00c9RREZ, NUEVO DIRECTOR DEL SISTEMA MICHOACANO DE RADIO Y TELEVISI\u00d3N"},"content":{"rendered":"<p><a href=\"https:\/\/radiowebmx.com\/nota\/wp-content\/uploads\/2013\/11\/DSC_7560.jpg\"><img loading=\"lazy\" decoding=\"async\" class=\"alignleft size-full wp-image-4483\" alt=\"DSC_7560\" src=\"https:\/\/radiowebmx.com\/nota\/wp-content\/uploads\/2013\/11\/DSC_7560.jpg\" width=\"591\" height=\"344\" \/><\/a>Este domingo Christian Guti\u00e9rrez Alonso, fue nombrado director del Sistema Michoacano de Radio y Televisi\u00f3n, en lugar del cargo que ocupara Guadalupe Santacruz Esquivel.<\/p>\n<p>Guillermo Guzm\u00e1n Fuentes, jefe de la oficina adjunta al despacho del gobernador, en representaci\u00f3n del mandatario estatal Fausto Vallejo Figueroa, present\u00f3 al nuevo director, quien hasta el d\u00eda de hoy se desempe\u00f1\u00f3 como secretario auxiliar adjunto del jefe del Ejecutivo.<\/p>\n<p>Guzm\u00e1n Fuentes manifest\u00f3 que como ocurre en toda administraci\u00f3n y por instrucci\u00f3n del gobernador Vallejo Figueroa, se hacen enroques en las dependencias al interior del gobierno para implementar nuevas din\u00e1micas de trabajo, por lo que as\u00ed como la anterior directora del SMRTV ahora ocupa la Coordinaci\u00f3n de Comunicaci\u00f3n Social, ahora Christian Guti\u00e9rrez se har\u00e1 cargo de dicha direcci\u00f3n.<\/p>\n<p>Dijo estar seguro que tanto Guti\u00e9rrez Alonso como Guadalupe Santacruz, sabr\u00e1n hacer buen equipo para cumplir de manera satisfactoria con la encomienda de informar a los michoacanos de las acciones del gobierno.<\/p>\n<p>Christian Guti\u00e9rrez agradeci\u00f3 al gobernador Fausto Vallejo por la confianza depositada en su persona para hacerse cargo de esta nueva responsabilidad y asegur\u00f3 que continuar\u00e1 con la labor de hacer del Sistema Michoacano de Radio y Televisi\u00f3n un espacio abierto en que todos los michoacanos puedan expresar sus ideas.<\/p>\n<p>Ante los subdirectores del SMRTV presentes, el nuevo responsable dijo: \u201cLlego al Sistema a sumar, soy gente de trabajo, me apasionan los medios y al ser Michoac\u00e1n compromiso de todos, a eso venimos\u201d.<\/p>\n<p>Finalmente, la coordinadora de Comunicaci\u00f3n Social, Guadalupe Santacruz, dio la bienvenida a Christian Guti\u00e9rrez a este encargo y manifest\u00f3 que puede confiar en el equipo de La Tele y la Radio de Todos, puesto que son personas comprometidas con su trabajo y empe\u00f1adas en sacar adelante al Sistema.<\/p>\n","protected":false},"excerpt":{"rendered":"<p>Este domingo Christian Guti\u00e9rrez Alonso, fue nombrado director del Sistema Michoacano de Radio y Televisi\u00f3n, en lugar del cargo que ocupara Guadalupe Santacruz Esquivel.<\/p>\n","protected":false},"author":1,"featured_media":0,"comment_status":"open","ping_status":"open","sticky":false,"template":"","format":"standard","meta":{"footnotes":""},"categories":[14,3],"tags":[],"class_list":["post-4482","post","type-post","status-publish","format-standard","hentry","category-destacadas","category-gobierno-del-estado-de-michoacan"],"_links":{"self":[{"href":"https:\/\/radiowebmx.com\/nota\/wp-json\/wp\/v2\/posts\/4482","targetHints":{"allow":["GET"]}}],"collection":[{"href":"https:\/\/radiowebmx.com\/nota\/wp-json\/wp\/v2\/posts"}],"about":[{"href":"https:\/\/radiowebmx.com\/nota\/wp-json\/wp\/v2\/types\/post"}],"author":[{"embeddable":true,"href":"https:\/\/radiowebmx.com\/nota\/wp-json\/wp\/v2\/users\/1"}],"replies":[{"embeddable":true,"href":"https:\/\/radiowebmx.com\/nota\/wp-json\/wp\/v2\/comments?post=4482"}],"version-history":[{"count":1,"href":"https:\/\/radiowebmx.com\/nota\/wp-json\/wp\/v2\/posts\/4482\/revisions"}],"predecessor-version":[{"id":4484,"href":"https:\/\/radiowebmx.com\/nota\/wp-json\/wp\/v2\/posts\/4482\/revisions\/4484"}],"wp:attachment":[{"href":"https:\/\/radiowebmx.com\/nota\/wp-json\/wp\/v2\/media?parent=4482"}],"wp:term":[{"taxonomy":"category","embeddable":true,"href":"https:\/\/radiowebmx.com\/nota\/wp-json\/wp\/v2\/categories?post=4482"},{"taxonomy":"post_tag","embeddable":true,"href":"https:\/\/radiowebmx.com\/nota\/wp-json\/wp\/v2\/tags?post=4482"}],"curies":[{"name":"wp","href":"https:\/\/api.w.org\/{rel}","templated":true}]}}