{"id":44818,"date":"2017-09-25T17:52:26","date_gmt":"2017-09-25T22:52:26","guid":{"rendered":"https:\/\/radiowebmx.com\/nota\/?p=44818"},"modified":"2017-09-26T10:26:37","modified_gmt":"2017-09-26T15:26:37","slug":"emite-ayuntamiento-convocatoria-para-integrar-grupo-b-del-consejo-ciudadano","status":"publish","type":"post","link":"https:\/\/radiowebmx.com\/nota\/emite-ayuntamiento-convocatoria-para-integrar-grupo-b-del-consejo-ciudadano\/","title":{"rendered":"Emite Ayuntamiento convocatoria para integrar Grupo \u201cB\u201d del Consejo Ciudadano"},"content":{"rendered":"<p>Con la intenci\u00f3n de seguir reforzando al Consejo Ciudadano y dar continuidad a los proyectos, planes y programas emanados de la poblaci\u00f3n, el Ayuntamiento de Morelia, emiti\u00f3 este lunes la Convocatoria para la integraci\u00f3n del Grupo \u201cB\u201d de este \u00f3rgano de consulta y colaboraci\u00f3n.<\/p>\n<p>En apego al Art\u00edculo 7 del Reglamento del Consejo Ciudadano, el edicto busca que los candidatos sean propuestos por las universidades e instituciones educativas de Nivel Medio Superior y Superior, as\u00ed como a ONG\u00b4S, Asociaciones de Profesionistas y Asociaciones Civiles, quienes podr\u00e1n destacar a los mejores perfiles a Consejeros.<\/p>\n<p>Lo anterior en aras de que los ciudadanos m\u00e1s comprometidos y expertos en las distintas ramas, sean los que integren este \u00f3rgano compuesto por las siguientes Comisiones: Ciudad Limpia y Saludable, Crecimiento Urbano, Cuidado del Agua, Deporte y Esparcimiento, Desarrollo Rural, Fomento Econ\u00f3mico, Medio Ambiente, Movilidad y tr\u00e1nsito, Planeaci\u00f3n y proyectos, Seguridad P\u00fablica y R\u00e9gimen Jur\u00eddico, as\u00ed como Turismo.<\/p>\n<p>Cabe destacar que el Consejo Ciudadano es un organismo de consulta y colaboraci\u00f3n ciudadana, para la atenci\u00f3n de asuntos de inter\u00e9s p\u00fablico y cuya finalidad es desarrollar actividades de sustento social, para contribuir al cumplimiento de planes y programas municipales.<\/p>\n<p>De esta manera, se contempla que pata garantizar la continuidad de los planes y trabajos en el seno de este \u00f3rgano, se dividir\u00e1 a una mitad de sus integrantes como perteneciente al grupo A y la otra mitad al grupo B. El grupo A ser\u00e1 designado el segundo mes del inicio de cada Administraci\u00f3n y el grupo B al a\u00f1o y medio de iniciada.<\/p>\n<p>Es de se\u00f1alar que los interesados a integrar el Consejo deben cumplir con los siguientes requisitos: ser residente de Morelia con arraigo m\u00ednimo de cinco a\u00f1os; tener una destacada capacidad profesional o experiencia; contar con excelente reputaci\u00f3n; y mantener una actitud solidaria, de apoyo social aceptando los valores y principios humanos, as\u00ed como la dignidad de todas las personas.<\/p>\n<p>Asimismo deber\u00e1n acreditar lo se\u00f1alado en la presente Convocatoria, presentando copia simple de la siguiente documentaci\u00f3n: Acta de nacimiento, credencial de elector, Curr\u00edculum Vitae y carta de exposici\u00f3n de motivos.<\/p>\n<p>Una vez electos, los Consejeros, cuyo cargo es honor\u00edfico, tendr\u00e1n tal car\u00e1cter por tres a\u00f1os desde el momento de su designaci\u00f3n y estar\u00e1n adscritos a una Comisi\u00f3n, pero podr\u00e1n participar en otras que resulten de su inter\u00e9s, mientras que no podr\u00e1n ser integrantes quienes se encuentren en el ejercicio de cualquier cargo p\u00fablico.<\/p>\n<p>Las propuestas de candidatos y la documentaci\u00f3n se\u00f1alada deber\u00e1n ser entregadas en las oficinas de la Secretaria T\u00e9cnica del Consejo Ciudadano de Morelia, situadas en Batalla de la Angostura No. 107, Col. Chapultepec Norte de esta ciudad capital, a partir de la publicaci\u00f3n de la presente Convocatoria, teniendo como fecha l\u00edmite el d\u00eda 29 de septiembre del a\u00f1o 2017, en un horario de 9:00 a 16:00 horas, en d\u00edas h\u00e1biles.<\/p>\n<p>Los ciudadanos que resulten designados con apego a lo estipulado en el Reglamento del Consejo Ciudadano ser\u00e1n notificados personalmente y el listado completo debidamente publicado en los estrados de la Presidencia Municipal.<\/p>\n","protected":false},"excerpt":{"rendered":"<p>Con la intenci\u00f3n de seguir reforzando al Consejo Ciudadano y dar continuidad a los proyectos, planes y programas emanados de la poblaci\u00f3n, el Ayuntamiento de Morelia, emiti\u00f3 este lunes la Convocatoria para la integraci\u00f3n del Grupo \u201cB\u201d de este \u00f3rgano de consulta y colaboraci\u00f3n. En apego al Art\u00edculo 7 del Reglamento del Consejo Ciudadano, el [&hellip;]<\/p>\n","protected":false},"author":2,"featured_media":44819,"comment_status":"closed","ping_status":"closed","sticky":false,"template":"","format":"standard","meta":{"footnotes":""},"categories":[14,60,9],"tags":[],"class_list":["post-44818","post","type-post","status-publish","format-standard","has-post-thumbnail","hentry","category-destacadas","category-michoacan","category-morelia"],"_links":{"self":[{"href":"https:\/\/radiowebmx.com\/nota\/wp-json\/wp\/v2\/posts\/44818","targetHints":{"allow":["GET"]}}],"collection":[{"href":"https:\/\/radiowebmx.com\/nota\/wp-json\/wp\/v2\/posts"}],"about":[{"href":"https:\/\/radiowebmx.com\/nota\/wp-json\/wp\/v2\/types\/post"}],"author":[{"embeddable":true,"href":"https:\/\/radiowebmx.com\/nota\/wp-json\/wp\/v2\/users\/2"}],"replies":[{"embeddable":true,"href":"https:\/\/radiowebmx.com\/nota\/wp-json\/wp\/v2\/comments?post=44818"}],"version-history":[{"count":1,"href":"https:\/\/radiowebmx.com\/nota\/wp-json\/wp\/v2\/posts\/44818\/revisions"}],"predecessor-version":[{"id":44820,"href":"https:\/\/radiowebmx.com\/nota\/wp-json\/wp\/v2\/posts\/44818\/revisions\/44820"}],"wp:featuredmedia":[{"embeddable":true,"href":"https:\/\/radiowebmx.com\/nota\/wp-json\/wp\/v2\/media\/44819"}],"wp:attachment":[{"href":"https:\/\/radiowebmx.com\/nota\/wp-json\/wp\/v2\/media?parent=44818"}],"wp:term":[{"taxonomy":"category","embeddable":true,"href":"https:\/\/radiowebmx.com\/nota\/wp-json\/wp\/v2\/categories?post=44818"},{"taxonomy":"post_tag","embeddable":true,"href":"https:\/\/radiowebmx.com\/nota\/wp-json\/wp\/v2\/tags?post=44818"}],"curies":[{"name":"wp","href":"https:\/\/api.w.org\/{rel}","templated":true}]}}