{"id":448,"date":"2012-11-29T10:53:16","date_gmt":"2012-11-29T16:53:16","guid":{"rendered":"https:\/\/radiowebmx.com\/nota\/?p=448"},"modified":"2012-11-29T10:53:16","modified_gmt":"2012-11-29T16:53:16","slug":"entrega-gobierno-federal-reconocimiento-a-la-utm-por-contar-con-programas-educativos-de-calidad","status":"publish","type":"post","link":"https:\/\/radiowebmx.com\/nota\/entrega-gobierno-federal-reconocimiento-a-la-utm-por-contar-con-programas-educativos-de-calidad\/","title":{"rendered":"ENTREGA GOBIERNO FEDERAL RECONOCIMIENTO A LA UTM POR CONTAR CON PROGRAMAS EDUCATIVOS DE CALIDAD"},"content":{"rendered":"<p><img loading=\"lazy\" decoding=\"async\" class=\"alignnone\" src=\"http:\/\/img194.imageshack.us\/img194\/3203\/cfe049.jpg\" alt=\"\" width=\"591\" height=\"322\" \/>Por tercer a\u00f1o consecutivo la Universidad Tecnol\u00f3gica de Morelia (UTM), recibi\u00f3 el Reconocimiento a las Instituciones de Educaci\u00f3n Superior por la Calidad de sus Programas Acad\u00e9micos, que anualmente entrega la Secretar\u00eda de Educaci\u00f3n P\u00fablica federal.<\/p>\n<p>El rector de la UTM, Alfredo Rosales Rosales, asisti\u00f3 a la ceremonia en la capital del pa\u00eds y recibi\u00f3 este distintivo de manos del secretario de Educaci\u00f3n P\u00fablica federal, Jos\u00e9 \u00c1ngel C\u00f3rdova Villalobos, al certificar la calidad en los programas educativos susceptibles a evaluaci\u00f3n de la Universidad Tecnol\u00f3gica.<\/p>\n<p>\u201cEste reconocimiento es un logro y un paso importante para nuestra instituci\u00f3n, pero adem\u00e1s es el compromiso para seguir ofreciendo programas de calidad en beneficio de los j\u00f3venes, formar universitarios\u00a0 mejor preparados para un buen desempe\u00f1o laboral y que sus conocimientos sean aplicados en beneficio de nuestro pa\u00eds\u201d, coment\u00f3 el rector.<\/p>\n<p>Alfredo Rosales puntualiz\u00f3 que debido a que la UTM es una universidad paraestatal, este logro fue posible gracias al trabajo conjunto y coordinado de la administraci\u00f3n estatal que encabeza el gobernador Fausto Vallejo Figueroa, as\u00ed como su apoyo y preocupaci\u00f3n porque los michoacanos reciban educaci\u00f3n de calidad.<\/p>\n<p>Cabe se\u00f1alar que s\u00f3lo 199 instituciones de educaci\u00f3n superior en el pa\u00eds recibieron el reconocimiento, entre ellas la Universidad Tecnol\u00f3gica de Morelia, junto con el Instituto Tecnol\u00f3gico del Valle de Morelia (ITVM), as\u00ed como los tecnol\u00f3gicos de La Piedad y Zamora.<\/p>\n<p>En su intervenci\u00f3n y ante directores de instituciones de educaci\u00f3n superior,\u00a0 el titular de la SEP, Jos\u00e9 \u00c1ngel C\u00f3rdova Villalobos,\u00a0consider\u00f3 que el esfuerzo para ampliar los espacios educativos contribuy\u00f3 a que aumentara la matr\u00edcula en educaci\u00f3n superior hasta el 35 por ciento, muy por encima de la meta del 30 por ciento, propuesta al inicio del gobierno del presidente Felipe Calder\u00f3n.<\/p>\n<p>Mientras que el subsecretario de Educaci\u00f3n Superior a nivel federal, Rodolfo Tuir\u00e1n Guti\u00e9rrez, mencion\u00f3 que s\u00f3lo con una educaci\u00f3n de calidad se realizan grandes proyectos, se potencia la ciencia, el desarrollo tecnol\u00f3gico y la innovaci\u00f3n, que hoy m\u00e1s que nunca, son la base del desarrollo y la competitividad de las naciones.<\/p>\n<p>En el evento estuvieron presentes el coordinador General de los Comit\u00e9s Interinstitucionales para la Evaluaci\u00f3n de la Educaci\u00f3n Superior, Javier de la Garza; el director General del Consejo para la Acreditaci\u00f3n de la Educaci\u00f3n Superior, Luis Eduardo Zedillo Ponce de Le\u00f3n; el presidente de la Asociaci\u00f3n Nacional de Universidades Tecnol\u00f3gicas, Jes\u00fas Mar\u00eda Contreras Esparza y el presidente de la Asociaci\u00f3n Nacional de Universidades Polit\u00e9cnicas, Alejandro Carretero Carretero.<\/p>\n<p>&nbsp;<\/p>\n<p>&nbsp;<\/p>\n<p>&nbsp;<\/p>\n","protected":false},"excerpt":{"rendered":"<p>Por tercer a\u00f1o consecutivo la Universidad Tecnol\u00f3gica de Morelia (UTM), recibi\u00f3 el Reconocimiento a las Instituciones de Educaci\u00f3n Superior por la Calidad de sus Programas Acad\u00e9micos, que anualmente entrega la Secretar\u00eda de Educaci\u00f3n P\u00fablica federal. El rector de la UTM, Alfredo Rosales Rosales, asisti\u00f3 a la ceremonia en la capital del pa\u00eds y recibi\u00f3 este [&hellip;]<\/p>\n","protected":false},"author":1,"featured_media":0,"comment_status":"open","ping_status":"open","sticky":false,"template":"","format":"standard","meta":{"footnotes":""},"categories":[3],"tags":[],"class_list":["post-448","post","type-post","status-publish","format-standard","hentry","category-gobierno-del-estado-de-michoacan"],"_links":{"self":[{"href":"https:\/\/radiowebmx.com\/nota\/wp-json\/wp\/v2\/posts\/448","targetHints":{"allow":["GET"]}}],"collection":[{"href":"https:\/\/radiowebmx.com\/nota\/wp-json\/wp\/v2\/posts"}],"about":[{"href":"https:\/\/radiowebmx.com\/nota\/wp-json\/wp\/v2\/types\/post"}],"author":[{"embeddable":true,"href":"https:\/\/radiowebmx.com\/nota\/wp-json\/wp\/v2\/users\/1"}],"replies":[{"embeddable":true,"href":"https:\/\/radiowebmx.com\/nota\/wp-json\/wp\/v2\/comments?post=448"}],"version-history":[{"count":1,"href":"https:\/\/radiowebmx.com\/nota\/wp-json\/wp\/v2\/posts\/448\/revisions"}],"predecessor-version":[{"id":449,"href":"https:\/\/radiowebmx.com\/nota\/wp-json\/wp\/v2\/posts\/448\/revisions\/449"}],"wp:attachment":[{"href":"https:\/\/radiowebmx.com\/nota\/wp-json\/wp\/v2\/media?parent=448"}],"wp:term":[{"taxonomy":"category","embeddable":true,"href":"https:\/\/radiowebmx.com\/nota\/wp-json\/wp\/v2\/categories?post=448"},{"taxonomy":"post_tag","embeddable":true,"href":"https:\/\/radiowebmx.com\/nota\/wp-json\/wp\/v2\/tags?post=448"}],"curies":[{"name":"wp","href":"https:\/\/api.w.org\/{rel}","templated":true}]}}