{"id":4478,"date":"2013-10-01T13:32:59","date_gmt":"2013-10-01T18:32:59","guid":{"rendered":"https:\/\/radiowebmx.com\/nota\/?p=4478"},"modified":"2013-11-06T13:34:30","modified_gmt":"2013-11-06T19:34:30","slug":"la-educacion-inicial-es-fundamental-para-formar-el-futuro-del-ser-humano-cuitlahuac-contreras","status":"publish","type":"post","link":"https:\/\/radiowebmx.com\/nota\/la-educacion-inicial-es-fundamental-para-formar-el-futuro-del-ser-humano-cuitlahuac-contreras\/","title":{"rendered":"LA EDUCACI\u00d3N INICIAL ES FUNDAMENTAL PARA FORMAR EL FUTURO DEL SER HUMANO: CUITL\u00c1HUAC CONTRERAS"},"content":{"rendered":"<p><a href=\"https:\/\/radiowebmx.com\/nota\/wp-content\/uploads\/2013\/11\/IMGT2005.jpg\"><img loading=\"lazy\" decoding=\"async\" class=\"alignleft size-full wp-image-4479\" alt=\"IMGT2005\" src=\"https:\/\/radiowebmx.com\/nota\/wp-content\/uploads\/2013\/11\/IMGT2005.jpg\" width=\"591\" height=\"240\" \/><\/a>El subsecretario de Educaci\u00f3n B\u00e1sica de la SEE, Cuitl\u00e1huac Contreras \u00cd\u00f1iguez, inaugur\u00f3 el Taller Estatal de Inicio de Ciclo Operativo 2013-2014, donde refiri\u00f3 que la educaci\u00f3n inicial es fundamental para el desarrollo personal y profesional del ser humano y para el futuro del pa\u00eds.<\/p>\n<p>Al realizar la declaratoria inaugural de los dos d\u00edas de trabajo de este Taller que se desarrolla en un hotel de esta ciudad capital, el subsecretario de Educaci\u00f3n B\u00e1sica, reconoci\u00f3 la labor que realiza el departamento de Educaci\u00f3n Inicial No Escolarizada porque atiende a m\u00e1s de 2 mil comunidades rurales de la geograf\u00eda michoacana.<\/p>\n<p>El funcionario estatal reconoci\u00f3 a los participantes del taller por su vocaci\u00f3n de servicio que ofrecen en zonas rurales marginadas del estado, lo que representa la confianza que los padres de familia depositan en el sistema educativo, ya que contribuye a la formaci\u00f3n del ser humano.<\/p>\n<p>El programa de Educaci\u00f3n Inicial No Escolarizada pretende favorecer el desarrollo integral de ni\u00f1os menores de cuatro a\u00f1os mediante la orientaci\u00f3n a madres, padres y cuidadores con el fin de enriquecer sus pr\u00e1cticas de crianza e impulsar directamente la participaci\u00f3n comunitaria en su beneficio. As\u00ed mismo, se brinda atenci\u00f3n a embarazadas y se promueve la incorporaci\u00f3n del padre a la crianza de los ni\u00f1os.<\/p>\n<p>Ante coordinadores de zona, supervisores de m\u00f3dulo y coordinadores de enlace, quienes posteriormente transmitir\u00e1n la capacitaci\u00f3n a los enlaces que atienden a infantes de cero a tres a\u00f1os y padres de familia, Contreras \u00cd\u00f1iguez destac\u00f3 que la formaci\u00f3n educativa se inicia con los futuros padres de familia para que transmitan sus valores y conocimientos a los hijos.<\/p>\n<p>El objetivo de los talleres es adquirir herramientas te\u00f3rico-metodol\u00f3gicas que ayuden a fortalecer los procesos de asesor\u00eda y acompa\u00f1amiento a trav\u00e9s del an\u00e1lisis y revisi\u00f3n de textos para mejorar la intervenci\u00f3n de los agentes educativos.<\/p>\n<p>Durante el primer d\u00eda de actividades la ponente Ireri S\u00e1nchez Avil\u00e9s present\u00f3 la conferencia \u201cEl Desarrollo Infantil en la primera infancia\u201d, en la cual reafirm\u00f3 la importancia que tiene el desarrollo del ni\u00f1o durante los primeros a\u00f1os de vida y a\u00fan antes de su nacimiento.<\/p>\n<p>La Educaci\u00f3n inicial no escolarizada es atendida por mil 700 agentes educativos quienes ofrecen servicio a 24 mil ni\u00f1os y ni\u00f1as y m\u00e1s de padres de familia de las comunidades rurales. Este servicio se apoya por un 50 por ciento de la Secretar\u00eda de Educaci\u00f3n y otro 50 por ciento por Conafe.<\/p>\n<p>El evento estuvo presidido por la directora de Educaci\u00f3n Elemental, Delia Ayala S\u00e1nchez; Julio Sol\u00f3rzano Villafuerte, representante de la delegaci\u00f3n del Consejo Nacional de Fomento Educativo; Manuel Salvador Saavedra Regalado, director de Desarrollo e Investigaci\u00f3n Educativa, as\u00ed como por Elvira Ch\u00e1vez Ju\u00e1rez, subdirectora de Educaci\u00f3n Inicial.<\/p>\n<p>&nbsp;<\/p>\n","protected":false},"excerpt":{"rendered":"<p>El subsecretario de Educaci\u00f3n B\u00e1sica de la SEE, Cuitl\u00e1huac Contreras \u00cd\u00f1iguez, inaugur\u00f3 el Taller Estatal de Inicio de Ciclo Operativo 2013-2014, donde refiri\u00f3 que la educaci\u00f3n inicial es fundamental para el desarrollo personal y profesional del ser humano y para el futuro del pa\u00eds.<\/p>\n","protected":false},"author":1,"featured_media":0,"comment_status":"open","ping_status":"open","sticky":false,"template":"","format":"standard","meta":{"footnotes":""},"categories":[14,3],"tags":[],"class_list":["post-4478","post","type-post","status-publish","format-standard","hentry","category-destacadas","category-gobierno-del-estado-de-michoacan"],"_links":{"self":[{"href":"https:\/\/radiowebmx.com\/nota\/wp-json\/wp\/v2\/posts\/4478","targetHints":{"allow":["GET"]}}],"collection":[{"href":"https:\/\/radiowebmx.com\/nota\/wp-json\/wp\/v2\/posts"}],"about":[{"href":"https:\/\/radiowebmx.com\/nota\/wp-json\/wp\/v2\/types\/post"}],"author":[{"embeddable":true,"href":"https:\/\/radiowebmx.com\/nota\/wp-json\/wp\/v2\/users\/1"}],"replies":[{"embeddable":true,"href":"https:\/\/radiowebmx.com\/nota\/wp-json\/wp\/v2\/comments?post=4478"}],"version-history":[{"count":2,"href":"https:\/\/radiowebmx.com\/nota\/wp-json\/wp\/v2\/posts\/4478\/revisions"}],"predecessor-version":[{"id":4481,"href":"https:\/\/radiowebmx.com\/nota\/wp-json\/wp\/v2\/posts\/4478\/revisions\/4481"}],"wp:attachment":[{"href":"https:\/\/radiowebmx.com\/nota\/wp-json\/wp\/v2\/media?parent=4478"}],"wp:term":[{"taxonomy":"category","embeddable":true,"href":"https:\/\/radiowebmx.com\/nota\/wp-json\/wp\/v2\/categories?post=4478"},{"taxonomy":"post_tag","embeddable":true,"href":"https:\/\/radiowebmx.com\/nota\/wp-json\/wp\/v2\/tags?post=4478"}],"curies":[{"name":"wp","href":"https:\/\/api.w.org\/{rel}","templated":true}]}}