{"id":44743,"date":"2017-09-24T16:42:35","date_gmt":"2017-09-24T21:42:35","guid":{"rendered":"https:\/\/radiowebmx.com\/nota\/?p=44743"},"modified":"2017-09-25T11:44:12","modified_gmt":"2017-09-25T16:44:12","slug":"es-tiempo-de-trabajar-juntos-con-responsabilidad-compromiso-por-michoacan-macarena-chavez","status":"publish","type":"post","link":"https:\/\/radiowebmx.com\/nota\/es-tiempo-de-trabajar-juntos-con-responsabilidad-compromiso-por-michoacan-macarena-chavez\/","title":{"rendered":"Es tiempo de trabajar juntos, con responsabilidad, compromiso por Michoac\u00e1n: Macarena Ch\u00e1vez"},"content":{"rendered":"<p><a href=\"https:\/\/radiowebmx.com\/nota\/wp-content\/uploads\/2017\/09\/Comunicado-1293-2.jpg\"><img loading=\"lazy\" decoding=\"async\" class=\"alignnone  wp-image-44745\" src=\"https:\/\/radiowebmx.com\/nota\/wp-content\/uploads\/2017\/09\/Comunicado-1293-2-595x397.jpg\" alt=\"\" width=\"400\" height=\"267\" srcset=\"https:\/\/radiowebmx.com\/nota\/wp-content\/uploads\/2017\/09\/Comunicado-1293-2-595x397.jpg 595w, https:\/\/radiowebmx.com\/nota\/wp-content\/uploads\/2017\/09\/Comunicado-1293-2-768x512.jpg 768w, https:\/\/radiowebmx.com\/nota\/wp-content\/uploads\/2017\/09\/Comunicado-1293-2-960x640.jpg 960w, https:\/\/radiowebmx.com\/nota\/wp-content\/uploads\/2017\/09\/Comunicado-1293-2-272x182.jpg 272w\" sizes=\"auto, (max-width: 400px) 100vw, 400px\" \/><\/a><\/p>\n<p>&nbsp;<\/p>\n<p class=\"x_gmail-MsoNoSpacing\"><strong>\u00b7\u00a0\u00a0\u00a0\u00a0\u00a0\u00a0\u00a0\u00a0\u00a0La vicecoordinadora del GPPAN, fue la encargada de intervenir en la presentaci\u00f3n del Segundo Informe de Gobierno<\/strong><\/p>\n<p class=\"x_gmail-MsoNoSpacing\"><b>\u00a0<\/b><\/p>\n<p class=\"x_MsoNormal\"><b>Morelia; Michoac\u00e1n, 24 de septiembre de 2017.- \u00a0\u00a0<\/b>Gobernar es mucho m\u00e1s que administrar bienes y recursos, el \u00e9xito de las acciones de gobierno no puede ni debe medirse s\u00f3lo por balances y eficiencia gerencial, sino que debe traducirse en un aumento real en los \u00edndices de bienestar social, de paz y de desarrollo humano, se\u00f1al\u00f3 la diputada Macarena Ch\u00e1vez vicecoordinadora del Grupo Parlamentario del Partido Acci\u00f3n Nacional durante la presentaci\u00f3n del Segundo Informe del Estado que Guarda la Administraci\u00f3n P\u00fablica Estatal.<\/p>\n<p class=\"x_MsoNormal\">En Sesi\u00f3n Solemne, el Gobernador del Estado present\u00f3 ante la\u00a0<span id=\"0.24429558816061814\" class=\"currentHitHighlight\">LXXIII<\/span>\u00a0Legislatura su segundo informe, a lo que la diputada a nombre del PAN en su intervenci\u00f3n en la m\u00e1xima tribuna del estado destac\u00f3 que hoy la prioridad es que le vaya bien a Michoac\u00e1n. No caigamos en la tentaci\u00f3n partidista de los tiempos electorales y convirtamos los disentimientos en confrontaci\u00f3n, intolerancia o silencio, que no se aproveche el poder de la tribuna para el conflicto medi\u00e1tico.<\/p>\n<p class=\"x_MsoNormal\">Resalt\u00f3 que no se puede continuar con el discurso que sosten\u00eda que toda la fortuna o toda la desgracia de la sociedad son imputables al Gobernador en turno. Resulta claro que este Congreso cuenta con los instrumentos de control para vigilar y en su caso, sancionar al Ejecutivo, o bien, de cooperar para el desarrollo, ejemplific\u00f3 con la intervenci\u00f3n del Poder Legislativo en el presupuesto de egresos; adem\u00e1s se debemos garantizar a todos los ciudadanos: seguridad, crecimiento humano, cooperaci\u00f3n solidaria, equidad y sustentabilidad.<\/p>\n<p class=\"x_MsoNormal\">\u201cLos diputados de Acci\u00f3n Nacional refrendamos frente a la sociedad y frente a los titulares del Poder Ejecutivo y del Poder Judicial del Estado de Michoac\u00e1n, el compromiso de co-gobernar\u201d, refiri\u00f3 la parlamentaria, quien adem\u00e1s enfatiz\u00f3 que esto no significa la renuncia a la cr\u00edtica, al se\u00f1alamiento, al cuestionamiento, a la revisi\u00f3n permanente, sino a la tarea de anteponer el inter\u00e9s p\u00fablico sobre el personal o pol\u00edtico.<\/p>\n<p class=\"x_MsoNormal\">Asimismo, Ch\u00e1vez Flores subray\u00f3 que el reto es claro, lo que se informe o no se informe tiene consecuencias trascendentes para la realidad del estado, por lo que resulta crucial el compromiso de todos, \u201clas condiciones est\u00e1n dadas en el estado para que asumamos plenamente nuestra corresponsabilidad de gobernar, con el \u00fanico inter\u00e9s de servir a Michoac\u00e1n\u201d.<\/p>\n<p class=\"x_MsoNormal\">Se\u00f1al\u00f3 que no se puede tener un Michoac\u00e1n distinto, en un d\u00eda, un a\u00f1o o en dos; lo importante es que la responsabilidad p\u00fablica se traduzca en avances evidentes y palpables para todos los michoacanos; por ello, invit\u00f3 a responder con altura, a la responsabilidad hist\u00f3rica de estos tiempos y construir caminos que abonen al desarrollo que quieren y merecen los michoacanos.<\/p>\n<p class=\"x_MsoNormal\">Durante su intervenci\u00f3n la panista reiter\u00f3 que M\u00e9xico, est\u00e1 cambiando y Michoac\u00e1n tiene el desaf\u00edo de cambiar con responsabilidad y rumbo; \u201cno regresemos al pasado, no frenemos la transformaci\u00f3n de nuestro sistema pol\u00edtico; valoremos esta relaci\u00f3n entre poderes: respetuosa, tolerante y considerada\u201d.<\/p>\n<p class=\"x_MsoNormal\">Finalmente, la legisladora celebr\u00f3 que el informe anual del Ejecutivo dej\u00f3 de ser el\u00a0 acto protocolario de la simulaci\u00f3n y el elogio, y dijo que de inmediato comenzar\u00e1n el an\u00e1lisis con rigor y hondura, as\u00ed como eficacia y eficiencia en las acciones de gobierno.<\/p>\n","protected":false},"excerpt":{"rendered":"<p>&nbsp; \u00b7\u00a0\u00a0\u00a0\u00a0\u00a0\u00a0\u00a0\u00a0\u00a0La vicecoordinadora del GPPAN, fue la encargada de intervenir en la presentaci\u00f3n del Segundo Informe de Gobierno \u00a0 Morelia; Michoac\u00e1n, 24 de septiembre de 2017.- \u00a0\u00a0Gobernar es mucho m\u00e1s que administrar bienes y recursos, el \u00e9xito de las acciones de gobierno no puede ni debe medirse s\u00f3lo por balances y eficiencia gerencial, sino que [&hellip;]<\/p>\n","protected":false},"author":2,"featured_media":44744,"comment_status":"closed","ping_status":"closed","sticky":false,"template":"","format":"standard","meta":{"footnotes":""},"categories":[6,14],"tags":[],"class_list":["post-44743","post","type-post","status-publish","format-standard","has-post-thumbnail","hentry","category-congreso-del-estado","category-destacadas"],"_links":{"self":[{"href":"https:\/\/radiowebmx.com\/nota\/wp-json\/wp\/v2\/posts\/44743","targetHints":{"allow":["GET"]}}],"collection":[{"href":"https:\/\/radiowebmx.com\/nota\/wp-json\/wp\/v2\/posts"}],"about":[{"href":"https:\/\/radiowebmx.com\/nota\/wp-json\/wp\/v2\/types\/post"}],"author":[{"embeddable":true,"href":"https:\/\/radiowebmx.com\/nota\/wp-json\/wp\/v2\/users\/2"}],"replies":[{"embeddable":true,"href":"https:\/\/radiowebmx.com\/nota\/wp-json\/wp\/v2\/comments?post=44743"}],"version-history":[{"count":1,"href":"https:\/\/radiowebmx.com\/nota\/wp-json\/wp\/v2\/posts\/44743\/revisions"}],"predecessor-version":[{"id":44746,"href":"https:\/\/radiowebmx.com\/nota\/wp-json\/wp\/v2\/posts\/44743\/revisions\/44746"}],"wp:featuredmedia":[{"embeddable":true,"href":"https:\/\/radiowebmx.com\/nota\/wp-json\/wp\/v2\/media\/44744"}],"wp:attachment":[{"href":"https:\/\/radiowebmx.com\/nota\/wp-json\/wp\/v2\/media?parent=44743"}],"wp:term":[{"taxonomy":"category","embeddable":true,"href":"https:\/\/radiowebmx.com\/nota\/wp-json\/wp\/v2\/categories?post=44743"},{"taxonomy":"post_tag","embeddable":true,"href":"https:\/\/radiowebmx.com\/nota\/wp-json\/wp\/v2\/tags?post=44743"}],"curies":[{"name":"wp","href":"https:\/\/api.w.org\/{rel}","templated":true}]}}