{"id":44735,"date":"2017-09-24T15:36:47","date_gmt":"2017-09-24T20:36:47","guid":{"rendered":"https:\/\/radiowebmx.com\/nota\/?p=44735"},"modified":"2017-09-25T11:39:46","modified_gmt":"2017-09-25T16:39:46","slug":"necesario-fortalecer-seguridad-salud-y-educacion-diputados","status":"publish","type":"post","link":"https:\/\/radiowebmx.com\/nota\/necesario-fortalecer-seguridad-salud-y-educacion-diputados\/","title":{"rendered":"Necesario fortalecer seguridad, salud y educaci\u00f3n: diputados"},"content":{"rendered":"<p><a href=\"https:\/\/radiowebmx.com\/nota\/wp-content\/uploads\/2017\/09\/Comunicado-1295-3.jpg\"><img loading=\"lazy\" decoding=\"async\" class=\"alignnone  wp-image-44737\" src=\"https:\/\/radiowebmx.com\/nota\/wp-content\/uploads\/2017\/09\/Comunicado-1295-3-595x398.jpg\" alt=\"\" width=\"400\" height=\"268\" srcset=\"https:\/\/radiowebmx.com\/nota\/wp-content\/uploads\/2017\/09\/Comunicado-1295-3-595x398.jpg 595w, https:\/\/radiowebmx.com\/nota\/wp-content\/uploads\/2017\/09\/Comunicado-1295-3-768x513.jpg 768w, https:\/\/radiowebmx.com\/nota\/wp-content\/uploads\/2017\/09\/Comunicado-1295-3-960x642.jpg 960w, https:\/\/radiowebmx.com\/nota\/wp-content\/uploads\/2017\/09\/Comunicado-1295-3-272x182.jpg 272w\" sizes=\"auto, (max-width: 400px) 100vw, 400px\" \/><\/a><\/p>\n<p>&nbsp;<\/p>\n<ul>\n<li class=\"x_gmail-MsoListParagraph\"><strong>\u00a0\u00a0\u00a0Congreso revisar\u00e1 en forma puntual Segundo Informe del Titular del Ejecutivo<\/strong><\/li>\n<\/ul>\n<p class=\"x_MsoNormal\"><b>Morelia; Michoac\u00e1n, 24 de septiembre de 2017.- \u00a0\u00a0<\/b>Los diputados de los diferentes Grupos Parlamentarios en la\u00a0<span id=\"0.5767590209129754\" class=\"currentHitHighlight\">LXXIII<\/span>\u00a0Legislatura coincidieron que temas como la seguridad, la salud, la educaci\u00f3n, son rubros que a\u00fan necesitan fortalecerse, pero reconocen que trabajando juntos, en coordinaci\u00f3n se puede alcanzar la verdadera democracia, el bienestar social, la paz y desarrollo humano, esto durante la Sesi\u00f3n Solemne en donde el mandatario estatal present\u00f3 el Segundo Informe del Estado que Guarda la Administraci\u00f3n P\u00fablica Estatal.<\/p>\n<p class=\"x_MsoNormal\">Por su parte, el diputado Roberto Carlos L\u00f3pez a nombre del Grupo Parlamentario del PRI enfatiz\u00f3 que en esta administraci\u00f3n a\u00fan sigue siendo el tal\u00f3n de Aquiles la seguridad p\u00fablica, ya que seg\u00fan datos del Sistema Nacional de Seguridad muestran el crecimiento de la incidencia delictiva, contrario a las cifras y declaraciones que maneja la administraci\u00f3n estatal. Asimismo el legislador hizo un llamado al mandatario estatal que cumpla su palabra con las mujeres de tierra caliente y construya Ciudad Mujer en M\u00fagica.<\/p>\n<p class=\"x_MsoNormal\">Pascual Sigala, integrante del Grupo Parlamentario del Partido de la Revoluci\u00f3n Democr\u00e1tica en la m\u00e1xima tribuna del estado reconoci\u00f3 que a\u00fan quedan temas pendientes, en los que todos deben trabajar, como la seguridad p\u00fablica, la procuraci\u00f3n de justicia, la generaci\u00f3n de empleos, la educaci\u00f3n, la distribuci\u00f3n equitativa de la riqueza, el desarrollo social, el combate a la corrupci\u00f3n, estas y otras asignaturas siguen siendo tareas por resolver, rubros en los que se debe privilegiar el\u00a0 di\u00e1logo democr\u00e1tico y respetuoso, aprovechando la voluntad y la disposici\u00f3n de todas y todos.<\/p>\n<p class=\"x_MsoNormal\">Durante su intervenci\u00f3n la diputada Macarena Ch\u00e1vez Flores, Vicecoordinadora de los diputados del Partido Acci\u00f3n Nacional destac\u00f3 que gobernar es mucho m\u00e1s que administrar bienes y recursos, el \u00e9xito de las acciones de gobierno no puede ni debe medirse s\u00f3lo por balances y eficiencia gerencial, sino que debe traducirse en un aumento real en los \u00edndices de bienestar social, de paz y de desarrollo humano; por ello, dijo que el presupuesto de egresos, debe garantizar a todos los ciudadanos: seguridad, crecimiento humano, cooperaci\u00f3n solidaria, equidad y sustentabilidad, e hizo un llamado a no caer en la tentaci\u00f3n partidista de los tiempos electorales y convirtamos los disentimientos en confrontaci\u00f3n, intolerancia o silencio.<\/p>\n<p class=\"x_MsoNormal\">El Coordinador de los diputados del PVEM, Ernesto N\u00fa\u00f1ez subray\u00f3 que los delitos de fuero com\u00fan han tenido aumentos, y expres\u00f3 que todos los d\u00edas atiende a ciudadanos, que se quejan no de percepci\u00f3n sino de problemas reales de seguridad, as\u00ed como, denuncian la deficiencia en la falta de m\u00e9dicos y de medicamentos, por lo que es prioritario que el gobierno redoble los esfuerzos para poder satisfacer esta demanda tan b\u00e1sica y prioritaria. Adem\u00e1s, hizo un llamado al Poder Ejecutivo a que aplique la ley en el desmantelamiento de las huertas de aguacate que ha llevado a cabo su gobierno.<\/p>\n<p class=\"x_MsoNormal\">La diputada Mary Carmen Bernal, Coordinadora del Grupo Parlamentario del PT, dijo hablar por los michoacanos que diario se enfrentan a la falta de seguridad, falta de opciones para continuar estudiando, oportunidades de empleo digno. Puntualiz\u00f3 que es alarmante la violencia que sufren las mujeres en nuestro estado y es necesario se apoye de manera contundente a la cultura, a la ciencia y tecnolog\u00eda.<\/p>\n<p class=\"x_MsoNormal\">En su oportunidad, el diputado del Partido Movimiento Ciudadano, Daniel Moncada durante su participaci\u00f3n expuso que hacen falta menos aplausos y m\u00e1s trabajo. En el tema de corrupci\u00f3n cuestion\u00f3 \u00bfD\u00f3nde est\u00e1n los responsables del Teatro Matamoros? \u00bfLa Presa J. M\u00fagica? \u00bfLa construcci\u00f3n de un Hospital en el Puerto de L\u00e1zaro C\u00e1rdenas en un pantano?, e hizo un llamado al Gobernador a hacer corte de caja, en estos temas.<\/p>\n<p class=\"x_MsoNormal\">Asimismo, el diputado Enrique Zepeda del Partido Movimiento Regeneraci\u00f3n Nacional denunci\u00f3 con datos del secretariado Ejecutivo del Sistema Nacional de Seguridad P\u00fablica, en lo que va del a\u00f1o hasta el mes de agosto, en la entidad se han registrado mil 486 homicidios dolosos, lo que refleja una gran problem\u00e1tica en el estado.<\/p>\n","protected":false},"excerpt":{"rendered":"<p>&nbsp; \u00a0\u00a0\u00a0Congreso revisar\u00e1 en forma puntual Segundo Informe del Titular del Ejecutivo Morelia; Michoac\u00e1n, 24 de septiembre de 2017.- \u00a0\u00a0Los diputados de los diferentes Grupos Parlamentarios en la\u00a0LXXIII\u00a0Legislatura coincidieron que temas como la seguridad, la salud, la educaci\u00f3n, son rubros que a\u00fan necesitan fortalecerse, pero reconocen que trabajando juntos, en coordinaci\u00f3n se puede alcanzar la [&hellip;]<\/p>\n","protected":false},"author":2,"featured_media":44736,"comment_status":"closed","ping_status":"closed","sticky":false,"template":"","format":"standard","meta":{"footnotes":""},"categories":[6,14],"tags":[],"class_list":["post-44735","post","type-post","status-publish","format-standard","has-post-thumbnail","hentry","category-congreso-del-estado","category-destacadas"],"_links":{"self":[{"href":"https:\/\/radiowebmx.com\/nota\/wp-json\/wp\/v2\/posts\/44735","targetHints":{"allow":["GET"]}}],"collection":[{"href":"https:\/\/radiowebmx.com\/nota\/wp-json\/wp\/v2\/posts"}],"about":[{"href":"https:\/\/radiowebmx.com\/nota\/wp-json\/wp\/v2\/types\/post"}],"author":[{"embeddable":true,"href":"https:\/\/radiowebmx.com\/nota\/wp-json\/wp\/v2\/users\/2"}],"replies":[{"embeddable":true,"href":"https:\/\/radiowebmx.com\/nota\/wp-json\/wp\/v2\/comments?post=44735"}],"version-history":[{"count":1,"href":"https:\/\/radiowebmx.com\/nota\/wp-json\/wp\/v2\/posts\/44735\/revisions"}],"predecessor-version":[{"id":44738,"href":"https:\/\/radiowebmx.com\/nota\/wp-json\/wp\/v2\/posts\/44735\/revisions\/44738"}],"wp:featuredmedia":[{"embeddable":true,"href":"https:\/\/radiowebmx.com\/nota\/wp-json\/wp\/v2\/media\/44736"}],"wp:attachment":[{"href":"https:\/\/radiowebmx.com\/nota\/wp-json\/wp\/v2\/media?parent=44735"}],"wp:term":[{"taxonomy":"category","embeddable":true,"href":"https:\/\/radiowebmx.com\/nota\/wp-json\/wp\/v2\/categories?post=44735"},{"taxonomy":"post_tag","embeddable":true,"href":"https:\/\/radiowebmx.com\/nota\/wp-json\/wp\/v2\/tags?post=44735"}],"curies":[{"name":"wp","href":"https:\/\/api.w.org\/{rel}","templated":true}]}}