{"id":44732,"date":"2017-09-24T15:33:08","date_gmt":"2017-09-24T20:33:08","guid":{"rendered":"https:\/\/radiowebmx.com\/nota\/?p=44732"},"modified":"2017-09-25T11:36:41","modified_gmt":"2017-09-25T16:36:41","slug":"reconoce-carlos-quintana-disposicion-del-ejecutivo-para-construir-acuerdos-por-michoacan","status":"publish","type":"post","link":"https:\/\/radiowebmx.com\/nota\/reconoce-carlos-quintana-disposicion-del-ejecutivo-para-construir-acuerdos-por-michoacan\/","title":{"rendered":"Reconoce Carlos Quintana disposici\u00f3n del Ejecutivo para construir acuerdos por Michoac\u00e1n"},"content":{"rendered":"<ul>\n<li class=\"x_gmail-MsoListParagraph\"><strong>\u00a0\u00a0\u00a0El coordinador de la bancada del PAN en Michoac\u00e1n, consider\u00f3 que a\u00fan falta mucho por hacer y pidi\u00f3 a todas las dependencias, sumar esfuerzo y trabajo por la entidad<\/strong><\/li>\n<\/ul>\n<p class=\"x_MsoNormal\"><b>Morelia; Michoac\u00e1n, 24 de septiembre de 2017.- \u00a0\u00a0<\/b>Consciente de que Michoac\u00e1n enfrenta grandes retos y que a\u00fan falta mucho por hacer, el coordinador del Grupo Parlamentario del PAN, Carlos Quintana Mart\u00ednez, reconoci\u00f3 que \u00fanicamente a trav\u00e9s del debate de ideas, se pueden construir los acuerdos que reviertan los rezagos que en diversos rubros sigue haciendo falta superar en el estado.<\/p>\n<p class=\"x_MsoNormal\">Quintana Mart\u00ednez, consider\u00f3 que los desaf\u00edos m\u00e1s importantes para los michoacanos es abatir la inseguridad, impulsar el desarrollo econ\u00f3mico, ofrecer mayores fuentes de empleo, as\u00ed como resarcir el rezago educativo, todos estos considerados por los ciudadanos los problemas que m\u00e1s les preocupan.<\/p>\n<p class=\"x_MsoNormal\">No obstante, el coordinador de la bancada albiceleste reconoci\u00f3 el esfuerzo que se ha hecho por parte del Poder Ejecutivo para darle gobernabilidad a la entidad, adem\u00e1s de la implementaci\u00f3n de la reforma educativa para atender el rezago educativo; el establecimiento de mesas de di\u00e1logo para la seguridad e impulsar desde diversas frentes, pol\u00edticas p\u00fablicas que permitan hacer un frente com\u00fan contra estos males.<\/p>\n<p class=\"x_MsoNormal\">\u201cReconocemos la voluntad que existe por parte del Gobernador Estado para trabajar y sumar esfuerzos; sin embargo, el Gobierno en su conjunto debe trabajar en el mismo sentido, no nada m\u00e1s el Titular del Poder Ejecutivo, por lo que hacemos un llamado a las diferentes dependencias gubernamentales, sumarse a esta inercia de trabajo y darle resultados m\u00e1s efectivos a los michoacanos\u201d.<\/p>\n<p class=\"x_MsoNormal\">De esta manera, Carlos Quintana reiter\u00f3 que como l\u00edder parlamentario, mantendr\u00e1 su voluntad para sumar acuerdos e impulsar desde el Legislativo, la normativa necesaria para garantizar a la poblaci\u00f3n que sus representantes, ponderan ante cualquier diferencia partidista, el bienestar integral de los michoacanos.<\/p>\n","protected":false},"excerpt":{"rendered":"<p>\u00a0\u00a0\u00a0El coordinador de la bancada del PAN en Michoac\u00e1n, consider\u00f3 que a\u00fan falta mucho por hacer y pidi\u00f3 a todas las dependencias, sumar esfuerzo y trabajo por la entidad Morelia; Michoac\u00e1n, 24 de septiembre de 2017.- \u00a0\u00a0Consciente de que Michoac\u00e1n enfrenta grandes retos y que a\u00fan falta mucho por hacer, el coordinador del Grupo Parlamentario [&hellip;]<\/p>\n","protected":false},"author":2,"featured_media":44733,"comment_status":"closed","ping_status":"closed","sticky":false,"template":"","format":"standard","meta":{"footnotes":""},"categories":[6,14],"tags":[],"class_list":["post-44732","post","type-post","status-publish","format-standard","has-post-thumbnail","hentry","category-congreso-del-estado","category-destacadas"],"_links":{"self":[{"href":"https:\/\/radiowebmx.com\/nota\/wp-json\/wp\/v2\/posts\/44732","targetHints":{"allow":["GET"]}}],"collection":[{"href":"https:\/\/radiowebmx.com\/nota\/wp-json\/wp\/v2\/posts"}],"about":[{"href":"https:\/\/radiowebmx.com\/nota\/wp-json\/wp\/v2\/types\/post"}],"author":[{"embeddable":true,"href":"https:\/\/radiowebmx.com\/nota\/wp-json\/wp\/v2\/users\/2"}],"replies":[{"embeddable":true,"href":"https:\/\/radiowebmx.com\/nota\/wp-json\/wp\/v2\/comments?post=44732"}],"version-history":[{"count":1,"href":"https:\/\/radiowebmx.com\/nota\/wp-json\/wp\/v2\/posts\/44732\/revisions"}],"predecessor-version":[{"id":44734,"href":"https:\/\/radiowebmx.com\/nota\/wp-json\/wp\/v2\/posts\/44732\/revisions\/44734"}],"wp:featuredmedia":[{"embeddable":true,"href":"https:\/\/radiowebmx.com\/nota\/wp-json\/wp\/v2\/media\/44733"}],"wp:attachment":[{"href":"https:\/\/radiowebmx.com\/nota\/wp-json\/wp\/v2\/media?parent=44732"}],"wp:term":[{"taxonomy":"category","embeddable":true,"href":"https:\/\/radiowebmx.com\/nota\/wp-json\/wp\/v2\/categories?post=44732"},{"taxonomy":"post_tag","embeddable":true,"href":"https:\/\/radiowebmx.com\/nota\/wp-json\/wp\/v2\/tags?post=44732"}],"curies":[{"name":"wp","href":"https:\/\/api.w.org\/{rel}","templated":true}]}}