{"id":44718,"date":"2017-09-25T11:21:01","date_gmt":"2017-09-25T16:21:01","guid":{"rendered":"https:\/\/radiowebmx.com\/nota\/?p=44718"},"modified":"2017-09-25T11:21:01","modified_gmt":"2017-09-25T16:21:01","slug":"puntos-a-reflexionar-en-materia-de-seguridad-publica-derivados-del-segundo-ano-de-gobierno-en-el-estado-de-michoacan","status":"publish","type":"post","link":"https:\/\/radiowebmx.com\/nota\/puntos-a-reflexionar-en-materia-de-seguridad-publica-derivados-del-segundo-ano-de-gobierno-en-el-estado-de-michoacan\/","title":{"rendered":"Puntos a reflexionar en materia de Seguridad P\u00fablica, derivados del Segundo A\u00f1o de Gobierno en el Estado de Michoac\u00e1n."},"content":{"rendered":"<div class=\"x_s6\">1.\u00a0<span class=\"x_s5\"><span class=\"x_bumpedFont15\">L<\/span><\/span><span class=\"x_s5\"><span class=\"x_bumpedFont15\">os informes de la Cuenta P\u00fablica Estatal\u00a0<\/span><\/span><span class=\"x_s5\"><span class=\"x_bumpedFont15\">se presentan en forma<\/span><\/span><span class=\"x_s5\"><span class=\"x_bumpedFont15\">\u00a0globalizad<\/span><\/span><span class=\"x_s5\"><span class=\"x_bumpedFont15\">a,\u00a0<\/span><\/span><span class=\"x_s5\"><span class=\"x_bumpedFont15\">por lo que\u00a0<\/span><\/span><span class=\"x_s5\"><span class=\"x_bumpedFont15\">no\u00a0<\/span><\/span><span class=\"x_s5\"><span class=\"x_bumpedFont15\">se\u00a0<\/span><\/span><span class=\"x_s5\"><span class=\"x_bumpedFont15\">transparenta el ejercicio de los recursos p\u00fablicos, lo que no permite\u00a0<\/span><\/span><span class=\"x_s5\"><span class=\"x_bumpedFont15\">a la ciudadan\u00eda\u00a0<\/span><\/span><span class=\"x_s5\"><span class=\"x_bumpedFont15\">identificar los avances financieros ni en qu\u00e9 se aplican\u00a0<\/span><\/span><span class=\"x_s5\"><span class=\"x_bumpedFont15\">para\u00a0<\/span><\/span><span class=\"x_s5\"><span class=\"x_bumpedFont15\">que<\/span><\/span><span class=\"x_s5\"><span class=\"x_bumpedFont15\">conozca\u00a0<\/span><\/span><span class=\"x_s5\"><span class=\"x_bumpedFont15\">su destino, por lo que<\/span><\/span><span class=\"x_s5\"><span class=\"x_bumpedFont15\">\u00a0no es posible ver el comportamie<\/span><\/span><span class=\"x_s5\"><span class=\"x_bumpedFont15\">nto de avance de los programas ni<\/span><\/span><span class=\"x_s5\"><span class=\"x_bumpedFont15\">\u00a0el ejercicio detallado de la<\/span><\/span><span class=\"x_s5\"><span class=\"x_bumpedFont15\">\u00a0inversi\u00f3n federal y\u00a0<\/span><\/span><span class=\"x_s5\"><span class=\"x_bumpedFont15\">la\u00a0<\/span><\/span><span class=\"x_s5\"><span class=\"x_bumpedFont15\">estatal.<\/span><\/span><\/div>\n<p class=\"x_s8\"><span class=\"x_s5\"><span class=\"x_bumpedFont15\">Por lo anterior, habremos de solicitar la revisi\u00f3n del ejercicio del gasto 2017 que increment\u00f3 en 6<\/span><\/span><span class=\"x_s5\"><span class=\"x_bumpedFont15\">00 millones en<\/span><\/span><span class=\"x_s5\"><span class=\"x_bumpedFont15\">\u00a0tan s\u00f3lo este a\u00f1o con relaci\u00f3n al a\u00f1o anterior<\/span><\/span><span class=\"x_s5\"><span class=\"x_bumpedFont15\">, antes de poder estar de acuerdo en un incremento para el a\u00f1o 2018 que se solicita en 400 millones de pesos adicionales<\/span><\/span><\/p>\n<div class=\"x_s6\">2.\u00a0<span class=\"x_s5\"><span class=\"x_bumpedFont15\">A dos a\u00f1os del\u00a0<\/span><\/span><span class=\"x_s5\"><span class=\"x_bumpedFont15\">actual gobierno\u00a0<\/span><\/span><span class=\"x_s5\"><span class=\"x_bumpedFont15\">del Estado\u00a0<\/span><\/span><span class=\"x_s5\"><span class=\"x_bumpedFont15\">no ha<\/span><\/span><span class=\"x_s5\"><span class=\"x_bumpedFont15\">y un P<\/span><\/span><span class=\"x_s5\"><span class=\"x_bumpedFont15\">lan de\u00a0<\/span><\/span><span class=\"x_s5\"><span class=\"x_bumpedFont15\">S<\/span><\/span><span class=\"x_s5\"><span class=\"x_bumpedFont15\">eguridad,<\/span><\/span><span class=\"x_s5\"><span class=\"x_bumpedFont15\">\u00a0tal como fue varias veces anunciado,<\/span><\/span><span class=\"x_s5\"><span class=\"x_bumpedFont15\">\u00a0ni<\/span><\/span><span class=\"x_s5\"><span class=\"x_bumpedFont15\">\u00a0<\/span><\/span><span class=\"x_s5\"><span class=\"x_bumpedFont15\">ha\u00a0<\/span><\/span><span class=\"x_s5\"><span class=\"x_bumpedFont15\">presentado una estrategia integral<\/span><\/span><span class=\"x_s5\"><span class=\"x_bumpedFont15\">\u00a0en materia de seguridad que \u00a0d\u00e9 la confianza de<\/span><\/span><span class=\"x_s5\"><span class=\"x_bumpedFont15\">\u00a0<\/span><\/span><span class=\"x_s5\"><span class=\"x_bumpedFont15\">tener<\/span><\/span><span class=\"x_s5\"><span class=\"x_bumpedFont15\">\u00a0rumbo en esta materia<\/span><\/span><span class=\"x_s5\"><span class=\"x_bumpedFont15\">.<\/span><\/span><span class=\"x_s5\"><span class=\"x_bumpedFont15\">\u00a0Al d\u00eda de hoy es justo de reconocer que hace falta demasiado para ver coordinaci\u00f3n efectiva entre los municipios y el estado.<\/span><\/span><\/div>\n<div><\/div>\n<div class=\"x_s6\">3.\u00a0<span class=\"x_s5\"><span class=\"x_bumpedFont15\">Se dice que\u00a0<\/span><\/span><span class=\"x_s5\"><span class=\"x_bumpedFont15\">ya\u00a0<\/span><\/span><span class=\"x_s5\"><span class=\"x_bumpedFont15\">hay 8 mil polic\u00edas\u00a0<\/span><\/span><span class=\"x_s5\"><span class=\"x_bumpedFont15\">y\u00a0<\/span><\/span><span class=\"x_s5\"><span class=\"x_bumpedFont15\">que se requieren\u00a0<\/span><\/span><span class=\"x_s5\"><span class=\"x_bumpedFont15\">otros 7 mil\u00a0<\/span><\/span><span class=\"x_s5\"><span class=\"x_bumpedFont15\">para sumar 15 mil, que es la ca<\/span><\/span><span class=\"x_s5\"><span class=\"x_bumpedFont15\">ntidad de elementos que ocupa<\/span><\/span><span class=\"x_s5\"><span class=\"x_bumpedFont15\">\u00a0el Estado para ga<\/span><\/span><span class=\"x_s5\"><span class=\"x_bumpedFont15\">rantizar la seguridad<\/span><\/span><span class=\"x_s5\"><span class=\"x_bumpedFont15\">. As\u00ed como<\/span><\/span><span class=\"x_s5\"><span class=\"x_bumpedFont15\">\u00a0que\u00a0<\/span><\/span><span class=\"x_s5\"><span class=\"x_bumpedFont15\">se contratan mil al a\u00f1o.<\/span><\/span><span class=\"x_s5\"><span class=\"x_bumpedFont15\">\u00a0Sin embargo, es p\u00fablico y notorio que la sociedad no se explica por qu\u00e9 ahora que hay m\u00e1s polic\u00eda tambi\u00e9n hay m\u00e1s delitos tanto del fuero com\u00fan como, al parecer, un incremento importante en los delitos de alto impacto.<\/span><\/span><\/div>\n<div><\/div>\n<div class=\"x_s6\">4.\u00a0<span class=\"x_s5\"><span class=\"x_bumpedFont15\">Se dice que nos encontramos po<\/span><\/span><span class=\"x_s5\"><span class=\"x_bumpedFont15\">r debajo de la media nacional en<\/span><\/span><span class=\"x_s5\"><span class=\"x_bumpedFont15\">\u00a0cantidad de polic\u00edas por cada 100 mil habitantes, pues en Michoac\u00e1n tenemos 166.7 elementos, mientras que la media nacional es de 231 por cada 100 mil.<\/span><\/span><span class=\"x_s5\"><span class=\"x_bumpedFont15\">\u00a0Lo que es verdad y se debe de seguir haciendo el esfuerzo. Sin embargo, el Congreso habr\u00e1 de hacer el esfuerzo en la medida en que las cuentas est\u00e9n claras respecto del ejercicio presupuestal actual. De lo contrari<\/span><\/span><span class=\"x_s5\"><span class=\"x_bumpedFont15\">o<\/span><\/span><span class=\"x_s5\"><span class=\"x_bumpedFont15\">, seremos los primeros en no estar de acuerdo en que se incremente el recurso en esta materia.<\/span><\/span><\/div>\n<div><\/div>\n<div class=\"x_s6\">5.\u00a0<span class=\"x_s5\"><span class=\"x_bumpedFont15\">En el Cong<\/span><\/span><span class=\"x_s5\"><span class=\"x_bumpedFont15\">reso del Estado no se ha tramitado<\/span><\/span><span class=\"x_s5\"><span class=\"x_bumpedFont15\">\u00a0la comparecencia de la Secretaria Ejecutiva del Consejo Estatal de Segur<\/span><\/span><span class=\"x_s5\"><span class=\"x_bumpedFont15\">idad P\u00fablica y si se hizo, no se le dio el curso correspondiente, por lo que estamos actualizando la solicitud al Presidente de la Mesa Directiva, para que a su vez, actualice la\u00a0<\/span><\/span><span class=\"x_s5\"><span class=\"x_bumpedFont15\">solicitud al Ejecutivo del estado, v\u00eda la Secretar\u00eda de Gobierno. Nosotros no vamos a quitar el dedo del rengl\u00f3n, pues es un mandato del Pleno.<\/span><\/span><\/div>\n<div><\/div>\n<div class=\"x_s6\">6.\u00a0<span class=\"x_s5\"><span class=\"x_bumpedFont15\">El Consejo Estatal de Seguridad P\u00fablica se debe reunir en sesi\u00f3n ordinaria cada 3 meses y\u00a0<\/span><\/span><span class=\"x_s5\"><span class=\"x_bumpedFont15\">lu<\/span><\/span><span class=\"x_s5\"><span class=\"x_bumpedFont15\">ego de la reuni\u00f3n del 2 de mayo, podemos decir que es dos a\u00f1os, el Ejecutivo Estatal no ha mostrado mayor inter\u00e9s en este Consejo pues pr\u00e1cticamente las reuniones han sido nulas y las que se han llevado a cabo han sido protocolarias solamente.\u00a0<\/span><\/span><\/div>\n<div><\/div>\n<div class=\"x_s6\">7.\u00a0<span class=\"x_s5\"><span class=\"x_bumpedFont15\">La principal estrategia estatal desde el inicio de la actual administraci\u00f3n descansa en el modelo policial de\u00a0<\/span><\/span><span class=\"x_s5\"><span class=\"x_bumpedFont15\">Mando \u00danico que no est\u00e1 resultan<\/span><\/span><span class=\"x_s5\"><span class=\"x_bumpedFont15\">do eficaz o no est\u00e1 suficientemente articulada y recientemente tambi\u00e9n opera un Mando \u00danico Regional entre los estados de Michoac\u00e1n, Guanajuato y Jalisco para atender para atender a los municipios de las zonas lim\u00edtrofes entre \u00e9stos, del\u00a0<\/span><\/span><span class=\"x_s5\"><span class=\"x_bumpedFont15\">que\u00a0<\/span><\/span><span class=\"x_s5\"><span class=\"x_bumpedFont15\">no\u00a0<\/span><\/span><span class=\"x_s5\"><span class=\"x_bumpedFont15\">se han dado a conocer<\/span><\/span><span class=\"x_s5\"><span class=\"x_bumpedFont15\">\u00a0resultado alguno<\/span><\/span><span class=\"x_s5\"><span class=\"x_bumpedFont15\">.<\/span><\/span><\/div>\n<div><\/div>\n<div class=\"x_s6\">8.\u00a0<span class=\"x_s5\"><span class=\"x_bumpedFont15\">E<\/span><\/span><span class=\"x_s5\"><span class=\"x_bumpedFont15\">n el\u00a0<\/span><\/span><span class=\"x_s5\"><span class=\"x_bumpedFont15\">Estado\u00a0<\/span><\/span><span class=\"x_s5\"><span class=\"x_bumpedFont15\">se\u00a0<\/span><\/span><span class=\"x_s5\"><span class=\"x_bumpedFont15\">tiene<\/span><\/span><span class=\"x_s5\"><span class=\"x_bumpedFont15\">n<\/span><\/span><span class=\"x_s5\"><span class=\"x_bumpedFont15\">\u00a0instaladas 7 Mesas de Seguridad y Justicia: Morelia, Zamora, Uruapan, La Piedad, Apatzing\u00e1n, L\u00e1zaro C\u00e1rdenas y Zit\u00e1cuaro con 14 municipios, que la hacen l\u00edder a nivel nacional, pero que nece<\/span><\/span><span class=\"x_s5\"><span class=\"x_bumpedFont15\">sitan ser m\u00e1s tomadas en cuenta, para ser vinculatorios sus acuerdos con el grupo de Coordinaci\u00f3n y con los organismos dedicados a la prevenci\u00f3n, as\u00ed como a la reacci\u00f3n. Nuestro reconocimiento a la organizaci\u00f3n ciudadana y particularmente a la Asociaci\u00f3n Civil S.O.S. as\u00ed como a Orlando Camacho, su Director Nacional.<\/span><\/span><\/div>\n<div><\/div>\n<div class=\"x_s6\">9.\u00a0<span class=\"x_s5\"><span class=\"x_bumpedFont15\">En cuanto a la Ley de Cultura de Paz y Prevenci\u00f3n de la Violencia y la Delincuencia, promulgada el 26\u00a0<\/span><\/span><span class=\"x_s5\"><span class=\"x_bumpedFont15\">de septiembre de 2016,<\/span><\/span><span class=\"x_s5\"><span class=\"x_bumpedFont15\">\u00a0el Gobierno del Estado no ha expedido la reglamentaci\u00f3n de la misma, no obstante haber vencido\u00a0<\/span><\/span><span class=\"x_s5\"><span class=\"x_bumpedFont15\">el plazo el mes de marzo pasado, adem\u00e1s de que el Centro Estatal de Prevenci\u00f3n y Participaci\u00f3n Ciudadana sigue cerrado por el Estado sin mayor explicaci\u00f3n desde hace m\u00e1s de seis meses.<\/span><\/span><\/div>\n<div><\/div>\n<div class=\"x_s6\">10.\u00a0<span class=\"x_s5\"><span class=\"x_bumpedFont15\">Despu\u00e9s de una d\u00e9cada que los gobiernos federal,<\/span><\/span><span class=\"x_s5\"><span class=\"x_bumpedFont15\">\u00a0<\/span><\/span><span class=\"x_s5\"><span class=\"x_bumpedFont15\">estatal y municipales vienen enfrentando a la delincuencia contin\u00faa la crisis de inseguridad en la entidad,\u00a0<\/span><\/span><span class=\"x_s5\"><span class=\"x_bumpedFont15\">en la que\u00a0<\/span><\/span><span class=\"x_s5\"><span class=\"x_bumpedFont15\">se observa una dram\u00e1tica tendencia al crecimiento en la incidencia delictiva\u00a0<\/span><\/span><span class=\"x_s5\"><span class=\"x_bumpedFont15\">pues retornaron los bloqueos carreteros, creci\u00f3 el secuestro 39.1%, 33.9% aument\u00f3 el robo con violencia,\u00a0<\/span><\/span><span class=\"x_s5\"><span class=\"x_bumpedFont15\">en feminicidios<\/span><\/span><span class=\"x_s5\"><span class=\"x_bumpedFont15\">\u00a0se contabiliza<\/span><\/span><span class=\"x_s5\"><span class=\"x_bumpedFont15\">ron<\/span><\/span><span class=\"x_s5\"><span class=\"x_bumpedFont15\">\u00a0163 en 2016 y<\/span><\/span><span class=\"x_s5\"><span class=\"x_bumpedFont15\">\u00a0102<\/span><\/span><span class=\"x_s5\"><span class=\"x_bumpedFont15\">\u00a0en solo este a\u00f1o<\/span><\/span><span class=\"x_s5\"><span class=\"x_bumpedFont15\">, no obstante la declaratoria de Alerta de Violencia de G\u00e9nero en 14 municipios<\/span><\/span><span class=\"x_s5\"><span class=\"x_bumpedFont15\">.<\/span><\/span><\/div>\n<div><\/div>\n<div class=\"x_s6\">11.\u00a0<span class=\"x_s5\"><span class=\"x_bumpedFont15\">Seg\u00fan el Secretariado del Sistema<\/span><\/span><a target=\"_blank\" rel=\"noopener noreferrer\" name=\"x__GoBack\"><\/a><span class=\"x_s5\"><span class=\"x_bumpedFont15\">\u00a0<\/span><\/span><span class=\"x_s5\"><span class=\"x_bumpedFont15\">Nacional\u00a0<\/span><\/span><span class=\"x_s5\"><span class=\"x_bumpedFont15\">de Seguridad P\u00fablica en Morelia se han incrementado los delitos de robo de veh\u00edculos y los homicidios dolosos<\/span><\/span><span class=\"x_s5\"><span class=\"x_bumpedFont15\">, que relaci<\/span><\/span><span class=\"x_s5\"><span class=\"x_bumpedFont15\">ona con delincuencia organizada, sin embargo, seg\u00fan la sociedad en su conjunto, no s\u00f3lo esos delitos han ido a la alza y son consecuencia todos, de la falta de coordinaci\u00f3n absoluta entre el Estado y el Municipio capitalino.<\/span><\/span><\/div>\n<div><\/div>\n<div class=\"x_s6\">12.\u00a0<span class=\"x_s5\"><span class=\"x_bumpedFont15\">Seg\u00fan el peri\u00f3dico Milenio, despu\u00e9s de 10 a\u00f1os \u00a09 meses, la narcoviolencia rebas\u00f3 los 100 mil ejecutados<\/span><\/span><span class=\"x_s5\"><span class=\"x_bumpedFont15\">\u00a0de los cuales el 58.4 de \u00e9stos se concentran en 6 entidades: Chihuahua, Guerrero, Sinaloa<\/span><\/span><span class=\"x_s5\"><span class=\"x_bumpedFont15\">,<\/span><\/span><span class=\"x_s5\"><span class=\"x_bumpedFont15\">\u00a0Michoac\u00e1n, Baja California y el Estado de M\u00e9xico.\u00a0<\/span><\/span><span class=\"x_s5\"><span class=\"x_bumpedFont15\">Michoac\u00e1n es considerado como uno de\u00a0<\/span><\/span><span class=\"x_s5\"><span class=\"x_bumpedFont15\">los<\/span><\/span><span class=\"x_s5\"><span class=\"x_bumpedFont15\">\u00a0<\/span><\/span><span class=\"x_s5\"><span class=\"x_bumpedFont15\">Estados m\u00e1s violentos, ya que se encuentra en cuarto lugar<\/span><\/span><span class=\"x_s5\"><span class=\"x_bumpedFont15\">\u00a0nacional<\/span><\/span><span class=\"x_s5\"><span class=\"x_bumpedFont15\">\u00a0con 5 mil 165 ejecutados.<\/span><\/span>13.\u00a0<span class=\"x_s5\"><span class=\"x_bumpedFont15\">El accionar delincuencial del fuero com\u00fan en mayor medida, as\u00ed como de alto impacto est\u00e1n provocando \u00a0angustia e incertidumbre en la poblaci\u00f3n, que aunque realiza con normalidad sus actividades se advierte la zozobra en que vive y necesitamos restituirle la tranquilidad para que realice sus actividades sin la preocupaci\u00f3n de verse afectada.<\/span><\/span><\/div>\n<div><\/div>\n<div class=\"x_s6\">14.\u00a0<span class=\"x_s5\"><span class=\"x_bumpedFont15\">Es de reconocer los esfuerzos permanentes del Presidente de la Rep\u00fablica Enrique Pe\u00f1a Nieto, quien a trav\u00e9s del Gabinete de Seguridad Nacional que coordina\u00a0<\/span><\/span><span class=\"x_s5\"><span class=\"x_bumpedFont15\">el Secretario de Gobernaci\u00f3n,\u00a0<\/span><\/span><span class=\"x_s5\"><span class=\"x_bumpedFont15\">Miguel \u00c1ngel Osorio Chong, no ha dejado de apoyar mediante el Grupo de Coordinaci\u00f3n Michoac\u00e1n, donde concurren\u00a0<\/span><\/span><span class=\"x_s5\"><span class=\"x_bumpedFont15\">con el gobierno del estado y han tenido avances, que si bien son importantes, no son suficientes<\/span><\/span><span class=\"x_s5\"><span class=\"x_bumpedFont15\">, la Prueba es que para este a\u00f1o la aplicaci\u00f3n de recursos federales para el Estado rebas\u00f3 los 500 millones de pesos en diversos programas para la entidad.<\/span><\/span><\/div>\n<div><\/div>\n<div class=\"x_s6\">15.\u00a0<span class=\"x_s5\"><span class=\"x_bumpedFont15\">Es por eso que el Ejecutivo del Estado Ing. Silvano Aureoles Conejo, haciendo uso de su liderazgo y legitimidad debe replantear la estrategia de seguridad estatal porque no est\u00e1 funcionan<\/span><\/span><span class=\"x_s5\"><span class=\"x_bumpedFont15\">do con los resultados esperados y que fueron<\/span><\/span><span class=\"x_s5\"><span class=\"x_bumpedFont15\">,<\/span><\/span><span class=\"x_s5\"><span class=\"x_bumpedFont15\">\u00a0primero<\/span><\/span><span class=\"x_s5\"><span class=\"x_bumpedFont15\">,<\/span><\/span><span class=\"x_s5\"><span class=\"x_bumpedFont15\">\u00a0ofertados en su campa\u00f1a pol\u00edtica a cambio del voto ciudadano y despu\u00e9s en su toma de protesta, lo que dista bastante de ser realidad, en esta materia de seguridad p\u00fablica con todo y la importante inversi\u00f3n que se viene ejecutando.<\/span><\/span><\/div>\n<p class=\"x_s8\"><span class=\"x_s5\"><span class=\"x_bumpedFont15\">Los michoacanos o<\/span><\/span><span class=\"x_s5\"><span class=\"x_bumpedFont15\">cupamos que las autoridades<\/span><\/span><span class=\"x_s5\"><span class=\"x_bumpedFont15\">, todas, \u00a0asumamos nuestra responsabilidad y dejemos<\/span><\/span><span class=\"x_s5\"><span class=\"x_bumpedFont15\">\u00a0a un lado la ret\u00f3ric<\/span><\/span><span class=\"x_s5\"><span class=\"x_bumpedFont15\">a, pues muy seguido s\u00f3lo trata<\/span><\/span><span class=\"x_s5\"><span class=\"x_bumpedFont15\">\u00a0la crisis de seguridad como un fen\u00f3meno medi\u00e1tico y\u00a0<\/span><\/span><span class=\"x_s5\"><span class=\"x_bumpedFont15\">se pretende<\/span><\/span><span class=\"x_s5\"><span class=\"x_bumpedFont15\">\u00a0resolverla con declaracion<\/span><\/span><span class=\"x_s5\"><span class=\"x_bumpedFont15\">es a los medios de comunicaci\u00f3n, cosa que es irreal e insuficiente.<\/span><\/span><\/p>\n<p class=\"x_s8\"><span class=\"x_s5\"><span class=\"x_bumpedFont15\">Por las reflexiones anteriores y m\u00e1s, es que hemos solicitado p\u00fablicamente y en persona al Gobernador del Estado, que encabece la glosa de su informe en materia de Seguridad P\u00fablica y Protecci\u00f3n Civil, para poder ampliar la informaci\u00f3n y estar en condiciones de tomar la decisi\u00f3n de promover un incremento o no de los recursos que se aplican para el fin de la seguridad de los Michoacanos, pues, al ritmo que vamos, no se percibe m\u00e1s que el prop\u00f3sito de mantener la carrera de crecimiento en los sistemas de reacci\u00f3n y nada de trabajo para recuperar el tejido social, la organizaci\u00f3n vecinal, y el trabajo transversal para la promoci\u00f3n de la cultura de paz y prevenci\u00f3n de la violencia y la delincuencia, pues, de lo contario, no habr\u00e1 armamento ni personal que nos alcance para detener el deterioro de la seguridad p\u00fablica.<\/span><\/span><\/p>\n","protected":false},"excerpt":{"rendered":"<p>1.\u00a0Los informes de la Cuenta P\u00fablica Estatal\u00a0se presentan en forma\u00a0globalizada,\u00a0por lo que\u00a0no\u00a0se\u00a0transparenta el ejercicio de los recursos p\u00fablicos, lo que no permite\u00a0a la ciudadan\u00eda\u00a0identificar los avances financieros ni en qu\u00e9 se aplican\u00a0para\u00a0queconozca\u00a0su destino, por lo que\u00a0no es posible ver el comportamiento de avance de los programas ni\u00a0el ejercicio detallado de la\u00a0inversi\u00f3n federal y\u00a0la\u00a0estatal. Por lo [&hellip;]<\/p>\n","protected":false},"author":2,"featured_media":44719,"comment_status":"closed","ping_status":"closed","sticky":false,"template":"","format":"standard","meta":{"footnotes":""},"categories":[6,14],"tags":[],"class_list":["post-44718","post","type-post","status-publish","format-standard","has-post-thumbnail","hentry","category-congreso-del-estado","category-destacadas"],"_links":{"self":[{"href":"https:\/\/radiowebmx.com\/nota\/wp-json\/wp\/v2\/posts\/44718","targetHints":{"allow":["GET"]}}],"collection":[{"href":"https:\/\/radiowebmx.com\/nota\/wp-json\/wp\/v2\/posts"}],"about":[{"href":"https:\/\/radiowebmx.com\/nota\/wp-json\/wp\/v2\/types\/post"}],"author":[{"embeddable":true,"href":"https:\/\/radiowebmx.com\/nota\/wp-json\/wp\/v2\/users\/2"}],"replies":[{"embeddable":true,"href":"https:\/\/radiowebmx.com\/nota\/wp-json\/wp\/v2\/comments?post=44718"}],"version-history":[{"count":1,"href":"https:\/\/radiowebmx.com\/nota\/wp-json\/wp\/v2\/posts\/44718\/revisions"}],"predecessor-version":[{"id":44720,"href":"https:\/\/radiowebmx.com\/nota\/wp-json\/wp\/v2\/posts\/44718\/revisions\/44720"}],"wp:featuredmedia":[{"embeddable":true,"href":"https:\/\/radiowebmx.com\/nota\/wp-json\/wp\/v2\/media\/44719"}],"wp:attachment":[{"href":"https:\/\/radiowebmx.com\/nota\/wp-json\/wp\/v2\/media?parent=44718"}],"wp:term":[{"taxonomy":"category","embeddable":true,"href":"https:\/\/radiowebmx.com\/nota\/wp-json\/wp\/v2\/categories?post=44718"},{"taxonomy":"post_tag","embeddable":true,"href":"https:\/\/radiowebmx.com\/nota\/wp-json\/wp\/v2\/tags?post=44718"}],"curies":[{"name":"wp","href":"https:\/\/api.w.org\/{rel}","templated":true}]}}