{"id":44708,"date":"2017-09-23T19:42:08","date_gmt":"2017-09-24T00:42:08","guid":{"rendered":"https:\/\/radiowebmx.com\/nota\/?p=44708"},"modified":"2017-09-25T10:36:57","modified_gmt":"2017-09-25T15:36:57","slug":"enriquecen-diplomado-de-cgcs-decanos-de-la-locucion","status":"publish","type":"post","link":"https:\/\/radiowebmx.com\/nota\/enriquecen-diplomado-de-cgcs-decanos-de-la-locucion\/","title":{"rendered":"Enriquecen Diplomado de CGCS decanos de la locuci\u00f3n"},"content":{"rendered":"<p><a href=\"https:\/\/radiowebmx.com\/nota\/wp-content\/uploads\/2017\/09\/153b4787-c4dd-4bf0-a56e-f326ef17de7f.jpeg\"><img loading=\"lazy\" decoding=\"async\" class=\"alignnone  wp-image-44710\" src=\"https:\/\/radiowebmx.com\/nota\/wp-content\/uploads\/2017\/09\/153b4787-c4dd-4bf0-a56e-f326ef17de7f-595x446.jpeg\" alt=\"\" width=\"401\" height=\"301\" srcset=\"https:\/\/radiowebmx.com\/nota\/wp-content\/uploads\/2017\/09\/153b4787-c4dd-4bf0-a56e-f326ef17de7f-595x446.jpeg 595w, https:\/\/radiowebmx.com\/nota\/wp-content\/uploads\/2017\/09\/153b4787-c4dd-4bf0-a56e-f326ef17de7f-768x576.jpeg 768w, https:\/\/radiowebmx.com\/nota\/wp-content\/uploads\/2017\/09\/153b4787-c4dd-4bf0-a56e-f326ef17de7f-960x720.jpeg 960w, https:\/\/radiowebmx.com\/nota\/wp-content\/uploads\/2017\/09\/153b4787-c4dd-4bf0-a56e-f326ef17de7f.jpeg 1024w\" sizes=\"auto, (max-width: 401px) 100vw, 401px\" \/><\/a><\/p>\n<p>&nbsp;<\/p>\n<ul>\n<li><strong>La capacitaci\u00f3n es una disciplina que debe seguirse promoviendo e incentivando haciendo sinergia con los medios de comunicaci\u00f3n, porque de esa manera fomentamos la generaci\u00f3n de mejores contenidos informativos y fortalecemos nuestra democracia: Julieta L\u00f3pez.<\/strong><\/li>\n<\/ul>\n<p><strong>Morelia, Michoac\u00e1n, a 23 de septiembre de 2017.-<\/strong>Experimentados locutores cerraron hoy una nueva jornada dentro del Diplomado en Locuci\u00f3n y Periodismo que la Coordinaci\u00f3n General de Comunicaci\u00f3n Social (CGCS) del Gobierno del Estado imparte a periodistas y comunicadores michoacanos, para contribuir en su profesionalizaci\u00f3n y actualizaci\u00f3n.<\/p>\n<p>La Asociaci\u00f3n Nacional de Locutores de M\u00e9xico (ANLM), que tiene a su cargo la parte acad\u00e9mica del curso, integr\u00f3 a las clases a los maestros Jorge Manuel Hern\u00e1ndez P\u00e9rez, pionero de la radio en M\u00e9xico, as\u00ed como a Rebeca de Vivar, con m\u00e1s de medio siglo de trayectoria como locutora y actriz.<\/p>\n<p>Hern\u00e1ndez P\u00e9rez, quien se inici\u00f3 en la radio el 30 de Octubre de 1949 con el programa \u201cLa Legi\u00f3n del Amanecer&#8221; en la XEB, la estaci\u00f3n \u201cDel Buen Tono\u201d, imparti\u00f3 el m\u00f3dulo &#8220;Entrevista&#8221; a los periodistas y comunicadores inscritos en el municipio de Uruapan.<\/p>\n<p>Tambi\u00e9n condujo el programa \u201cPico de Oro\u201d en la XEQ, para luego seguir en la XENK Radio 620, con \u201cLa Patrulla Juvenil\u201d; posteriormente pas\u00f3 a la XEAI Radio Horizontes y en 1970 llega a formar parte del cuerpo de locutores de la XEX, donde surge el programa pionero nocturno \u201cUstedes y Nosotros\u201d, que a la fecha se mantiene pero ahora desde la XEITE Radio Capital.<\/p>\n<p>&#8220;Realmente es un placer escucharlo, con ese mundo de experiencias tanto profesionales, como de la vida&#8221;, expres\u00f3 el periodista Guillermo Cerda.<\/p>\n<p>En tanto que, Rebeca de Vivar es locutora, actriz y cantante con una trayectoria de m\u00e1s de 50 a\u00f1os en los medios de comunicaci\u00f3n. En su faceta de actriz particip\u00f3 en pel\u00edculas como Crisol (1967) y El Caudillo (1968).<\/p>\n<p>Junto con el maestro Javier Sobrino, ella imparte a periodistas y comunicadores de la regi\u00f3n oriente los m\u00f3dulos &#8220;Estudio de la Voz&#8221; y &#8220;Actuaci\u00f3n de la Voz&#8221;.<\/p>\n<p>En Morelia, la otra sede del Diplomado, el curso fue impartido por Tony O&#8217;Farril, ex locutor del Estado Mayor Presidencial en los gobiernos de Miguel de la Madrid y Jos\u00e9 L\u00f3pez Portillo; fue adem\u00e1s reportero de ABC Internacional y conductor de programas en estaciones como la XEW.<\/p>\n<p>O&#8217;Farril, famoso por su programa &#8220;El Club de los Vampiros&#8221;, tiene a su cargo el modulo &#8220;Creatividad&#8221;.<\/p>\n<p>&#8220;Para la Coordinaci\u00f3n General de Comunicaci\u00f3n la capacitaci\u00f3n es una disciplina que debe seguirse promoviendo e incentivando haciendo sinergia con los medios de comunicaci\u00f3n, porque de esa manera fomentamos la generaci\u00f3n de mejores contenidos informativos y fortalecemos nuestra democracia&#8221;, destac\u00f3 Julieta L\u00f3pez Bautista, titular de la dependencia.<\/p>\n<p>El Diplomado de Locuci\u00f3n y Periodismo comprende 13 m\u00f3dulos que, al ser acreditados, le permitir\u00e1 a los participantes tramitar el Certificado de Locuci\u00f3n ante la Asociaci\u00f3n Nacional de Locutores de M\u00e9xico e ingresar a una Bolsa de Voz para competir por la grabaci\u00f3n de spots en todo el pa\u00eds.<\/p>\n<p>&nbsp;<\/p>\n<p><a href=\"https:\/\/radiowebmx.com\/nota\/wp-content\/uploads\/2017\/09\/bce0357e-4e03-4523-ac7a-dc0b5e8e1cf2.jpeg\"><img loading=\"lazy\" decoding=\"async\" class=\"alignnone  wp-image-44711\" src=\"https:\/\/radiowebmx.com\/nota\/wp-content\/uploads\/2017\/09\/bce0357e-4e03-4523-ac7a-dc0b5e8e1cf2-595x335.jpeg\" alt=\"\" width=\"400\" height=\"225\" srcset=\"https:\/\/radiowebmx.com\/nota\/wp-content\/uploads\/2017\/09\/bce0357e-4e03-4523-ac7a-dc0b5e8e1cf2-595x335.jpeg 595w, https:\/\/radiowebmx.com\/nota\/wp-content\/uploads\/2017\/09\/bce0357e-4e03-4523-ac7a-dc0b5e8e1cf2-768x432.jpeg 768w, https:\/\/radiowebmx.com\/nota\/wp-content\/uploads\/2017\/09\/bce0357e-4e03-4523-ac7a-dc0b5e8e1cf2-960x540.jpeg 960w, https:\/\/radiowebmx.com\/nota\/wp-content\/uploads\/2017\/09\/bce0357e-4e03-4523-ac7a-dc0b5e8e1cf2.jpeg 1280w\" sizes=\"auto, (max-width: 400px) 100vw, 400px\" \/><\/a><\/p>\n","protected":false},"excerpt":{"rendered":"<p>&nbsp; La capacitaci\u00f3n es una disciplina que debe seguirse promoviendo e incentivando haciendo sinergia con los medios de comunicaci\u00f3n, porque de esa manera fomentamos la generaci\u00f3n de mejores contenidos informativos y fortalecemos nuestra democracia: Julieta L\u00f3pez. Morelia, Michoac\u00e1n, a 23 de septiembre de 2017.-Experimentados locutores cerraron hoy una nueva jornada dentro del Diplomado en Locuci\u00f3n [&hellip;]<\/p>\n","protected":false},"author":2,"featured_media":44709,"comment_status":"closed","ping_status":"closed","sticky":false,"template":"","format":"standard","meta":{"footnotes":""},"categories":[14,3,60],"tags":[],"class_list":["post-44708","post","type-post","status-publish","format-standard","has-post-thumbnail","hentry","category-destacadas","category-gobierno-del-estado-de-michoacan","category-michoacan"],"_links":{"self":[{"href":"https:\/\/radiowebmx.com\/nota\/wp-json\/wp\/v2\/posts\/44708","targetHints":{"allow":["GET"]}}],"collection":[{"href":"https:\/\/radiowebmx.com\/nota\/wp-json\/wp\/v2\/posts"}],"about":[{"href":"https:\/\/radiowebmx.com\/nota\/wp-json\/wp\/v2\/types\/post"}],"author":[{"embeddable":true,"href":"https:\/\/radiowebmx.com\/nota\/wp-json\/wp\/v2\/users\/2"}],"replies":[{"embeddable":true,"href":"https:\/\/radiowebmx.com\/nota\/wp-json\/wp\/v2\/comments?post=44708"}],"version-history":[{"count":1,"href":"https:\/\/radiowebmx.com\/nota\/wp-json\/wp\/v2\/posts\/44708\/revisions"}],"predecessor-version":[{"id":44712,"href":"https:\/\/radiowebmx.com\/nota\/wp-json\/wp\/v2\/posts\/44708\/revisions\/44712"}],"wp:featuredmedia":[{"embeddable":true,"href":"https:\/\/radiowebmx.com\/nota\/wp-json\/wp\/v2\/media\/44709"}],"wp:attachment":[{"href":"https:\/\/radiowebmx.com\/nota\/wp-json\/wp\/v2\/media?parent=44708"}],"wp:term":[{"taxonomy":"category","embeddable":true,"href":"https:\/\/radiowebmx.com\/nota\/wp-json\/wp\/v2\/categories?post=44708"},{"taxonomy":"post_tag","embeddable":true,"href":"https:\/\/radiowebmx.com\/nota\/wp-json\/wp\/v2\/tags?post=44708"}],"curies":[{"name":"wp","href":"https:\/\/api.w.org\/{rel}","templated":true}]}}