{"id":44704,"date":"2017-09-24T13:59:38","date_gmt":"2017-09-24T18:59:38","guid":{"rendered":"https:\/\/radiowebmx.com\/nota\/?p=44704"},"modified":"2017-09-25T10:33:21","modified_gmt":"2017-09-25T15:33:21","slug":"ayuntamiento-convoca-a-morelianos-a-integrar-grupo-b-del-consejo-ciudadano","status":"publish","type":"post","link":"https:\/\/radiowebmx.com\/nota\/ayuntamiento-convoca-a-morelianos-a-integrar-grupo-b-del-consejo-ciudadano\/","title":{"rendered":"Ayuntamiento convoca a morelianos a integrar Grupo \u201cB\u201d del Consejo Ciudadano"},"content":{"rendered":"<p><a href=\"https:\/\/radiowebmx.com\/nota\/wp-content\/uploads\/2017\/09\/bb155efa-9262-4228-aaad-b2b0965c1098.jpg\"><img loading=\"lazy\" decoding=\"async\" class=\"alignnone  wp-image-44705\" src=\"https:\/\/radiowebmx.com\/nota\/wp-content\/uploads\/2017\/09\/bb155efa-9262-4228-aaad-b2b0965c1098-595x397.jpg\" alt=\"\" width=\"399\" height=\"266\" srcset=\"https:\/\/radiowebmx.com\/nota\/wp-content\/uploads\/2017\/09\/bb155efa-9262-4228-aaad-b2b0965c1098-595x397.jpg 595w, https:\/\/radiowebmx.com\/nota\/wp-content\/uploads\/2017\/09\/bb155efa-9262-4228-aaad-b2b0965c1098-768x512.jpg 768w, https:\/\/radiowebmx.com\/nota\/wp-content\/uploads\/2017\/09\/bb155efa-9262-4228-aaad-b2b0965c1098-960x640.jpg 960w, https:\/\/radiowebmx.com\/nota\/wp-content\/uploads\/2017\/09\/bb155efa-9262-4228-aaad-b2b0965c1098-272x182.jpg 272w\" sizes=\"auto, (max-width: 399px) 100vw, 399px\" \/><\/a><\/p>\n<p>&nbsp;<\/p>\n<p>En aras de fortalecer la participaci\u00f3n ciudadana e inmiscuir a los morelianos en la toma de decisiones del municipio, el Ayuntamiento encabezado por el Alcalde, Alfonso Mart\u00ednez Alc\u00e1zar, convoca a las personas interesadas a integrar el Grupo \u201cB\u201d del Consejo Ciudadano de Morelia, \u00f3rgano de consulta que se ha convertido en un acompa\u00f1ante y pieza clave en la consolidaci\u00f3n de pol\u00edticas p\u00fablicas de la actual Administraci\u00f3n Independiente.<\/p>\n<p>Cabe recordar que el Reglamento del Consejo Ciudadano se\u00f1ala que para garantizar la continuidad de los planes y trabajos en el seno de este \u00f3rgano, se dividir\u00e1 a una mitad de sus integrantes como perteneciente al grupo A y la otra mitad al grupo B. El grupo A ser\u00e1 designado el segundo mes del inicio de cada Administraci\u00f3n y el grupo B al a\u00f1o y medio de iniciada, por lo que a partir de este lunes se emitir\u00e1 la respectiva convocatoria.<\/p>\n<p>De esta manera, tal como lo establece el Art\u00edculo 7 de dicha normatividad, para la designaci\u00f3n de Consejeros, se solicitar\u00e1n candidatos a universidades e instituciones educativas de Nivel Medio Superior y Superior, as\u00ed como a ONG\u00b4S, Asociaciones de Profesionistas y Asociaciones Civiles, en tanto que no podr\u00e1n ser integrantes quienes se encuentren en el ejercicio de cualquier cargo p\u00fablico.<\/p>\n<p>Una vez electos, los Consejeros, cuyo cargo es honor\u00edfico, tendr\u00e1n tal car\u00e1cter por tres a\u00f1os desde el momento de su designaci\u00f3n y estar\u00e1n adscritos a una Comisi\u00f3n, pero podr\u00e1n participar en otras que resulten de su inter\u00e9s.<\/p>\n<p>Es de destacar que para ser integrante del Consejo es necesario ser residente de Morelia con arraigo m\u00ednimo de cinco a\u00f1os; tener una destacada capacidad profesional o experiencia; contar con excelente reputaci\u00f3n; y mantener una actitud solidaria, de apoyo social aceptando los valores y principios humanos, as\u00ed como la dignidad de todas las personas.<\/p>\n<p>Los ciudadanos que resulten designados con apego a lo estipulado en el Reglamento del Consejo Ciudadano ser\u00e1n notificados personalmente y el listado completo debidamente publicado en los estrados de la Presidencia Municipal.<\/p>\n","protected":false},"excerpt":{"rendered":"<p>&nbsp; En aras de fortalecer la participaci\u00f3n ciudadana e inmiscuir a los morelianos en la toma de decisiones del municipio, el Ayuntamiento encabezado por el Alcalde, Alfonso Mart\u00ednez Alc\u00e1zar, convoca a las personas interesadas a integrar el Grupo \u201cB\u201d del Consejo Ciudadano de Morelia, \u00f3rgano de consulta que se ha convertido en un acompa\u00f1ante y [&hellip;]<\/p>\n","protected":false},"author":2,"featured_media":44706,"comment_status":"closed","ping_status":"closed","sticky":false,"template":"","format":"standard","meta":{"footnotes":""},"categories":[14,60,9],"tags":[],"class_list":["post-44704","post","type-post","status-publish","format-standard","has-post-thumbnail","hentry","category-destacadas","category-michoacan","category-morelia"],"_links":{"self":[{"href":"https:\/\/radiowebmx.com\/nota\/wp-json\/wp\/v2\/posts\/44704","targetHints":{"allow":["GET"]}}],"collection":[{"href":"https:\/\/radiowebmx.com\/nota\/wp-json\/wp\/v2\/posts"}],"about":[{"href":"https:\/\/radiowebmx.com\/nota\/wp-json\/wp\/v2\/types\/post"}],"author":[{"embeddable":true,"href":"https:\/\/radiowebmx.com\/nota\/wp-json\/wp\/v2\/users\/2"}],"replies":[{"embeddable":true,"href":"https:\/\/radiowebmx.com\/nota\/wp-json\/wp\/v2\/comments?post=44704"}],"version-history":[{"count":1,"href":"https:\/\/radiowebmx.com\/nota\/wp-json\/wp\/v2\/posts\/44704\/revisions"}],"predecessor-version":[{"id":44707,"href":"https:\/\/radiowebmx.com\/nota\/wp-json\/wp\/v2\/posts\/44704\/revisions\/44707"}],"wp:featuredmedia":[{"embeddable":true,"href":"https:\/\/radiowebmx.com\/nota\/wp-json\/wp\/v2\/media\/44706"}],"wp:attachment":[{"href":"https:\/\/radiowebmx.com\/nota\/wp-json\/wp\/v2\/media?parent=44704"}],"wp:term":[{"taxonomy":"category","embeddable":true,"href":"https:\/\/radiowebmx.com\/nota\/wp-json\/wp\/v2\/categories?post=44704"},{"taxonomy":"post_tag","embeddable":true,"href":"https:\/\/radiowebmx.com\/nota\/wp-json\/wp\/v2\/tags?post=44704"}],"curies":[{"name":"wp","href":"https:\/\/api.w.org\/{rel}","templated":true}]}}