{"id":4468,"date":"2013-10-03T13:25:28","date_gmt":"2013-10-03T18:25:28","guid":{"rendered":"https:\/\/radiowebmx.com\/nota\/?p=4468"},"modified":"2013-11-06T13:28:56","modified_gmt":"2013-11-06T19:28:56","slug":"dona-amda-apoyo-economico-al-centro-de-acopio","status":"publish","type":"post","link":"https:\/\/radiowebmx.com\/nota\/dona-amda-apoyo-economico-al-centro-de-acopio\/","title":{"rendered":"DONA AMDA APOYO ECON\u00d3MICO AL CENTRO DE ACOPIO"},"content":{"rendered":"<p><a href=\"https:\/\/radiowebmx.com\/nota\/wp-content\/uploads\/2013\/11\/donativo-1.jpg\"><img loading=\"lazy\" decoding=\"async\" class=\"alignleft size-full wp-image-4469\" alt=\"donativo (1)\" src=\"https:\/\/radiowebmx.com\/nota\/wp-content\/uploads\/2013\/11\/donativo-1.jpg\" width=\"591\" height=\"332\" \/><\/a>Cada vez son m\u00e1s los ciudadanos, organizaciones e instituciones que se suman a las acciones del gobierno estatal por apoyar a las familias que resultaron damnificadas tras las intensas lluvias registradas el mes pasado; en esta ocasi\u00f3n, la Asociaci\u00f3n Mexicana de Distribuidores de Automotores en Michoac\u00e1n (AMDA), don\u00f3 un cheque al Centro de Acopio, con la finalidad de que sea depositado en la cuenta oficial para la adquisici\u00f3n de alimentos y medicamentos que se har\u00e1n llegar a los afectados.<\/p>\n<p>En la explanada de la plaza Melchor Ocampo, Jaime Mares Camarena, Rodrigo Maldonado L\u00f3pez y M\u00f3nica Montejano Monroy; secretario de Gobierno, secretario de Pol\u00edtica Social y secretaria particular del Sistema DIF Michoac\u00e1n, respectivamente; recibieron de manos de Jaime Morelos Su\u00e1rez, presidente estatal de la AMDA, el apoyo.<\/p>\n<p>Durante la entrega, Mares Camarena hizo un reconocimiento a la Asociaci\u00f3n de Distribuidores por este donativo; \u201clo que ustedes han hecho el d\u00eda de hoy, es un acto sumamente noble, que habla de la parte humana de la asociaci\u00f3n que conforman\u201d.<\/p>\n<p>Por su parte, Morelos Su\u00e1rez habl\u00f3 a nombre del grupo empresarial y apunt\u00f3 que con este tipo de acciones la AMDA busca retribuir a la sociedad michoacana los apoyos recibidos por la misma.<\/p>\n<p>De la misma manera, hizo un llamado a otras c\u00e1maras y asociaciones empresariales para contribuir a la causa. \u201cEste es buen momento para que todos nos unamos, creemos puentes y tendamos las manos a nuestros hermanos michoacanos\u201d, coment\u00f3.<\/p>\n<p>Por \u00faltimo, Rodrigo Maldonado agradeci\u00f3 a nombre de Sepsol y DIF Estatal el apoyo recibido, al tiempo que garantiz\u00f3 a los empresarios que recibir\u00e1n un reporte completo sobre el destino del donativo realizado.<\/p>\n<p>Reiter\u00f3 adem\u00e1s, que el gobierno del estado a trav\u00e9s de la Secretar\u00eda de Finanzas y Administraci\u00f3n habilit\u00f3 en Bancomer dos cuentas para hacer dep\u00f3sitos. A trav\u00e9s de internet, los dep\u00f3sitos se pueden realizar a la cuenta n\u00famero 012470001940895028 o en ventanillas a la cuenta 0194089502.<\/p>\n","protected":false},"excerpt":{"rendered":"<p>Cada vez son m\u00e1s los ciudadanos, organizaciones e instituciones que se suman a las acciones del gobierno estatal por apoyar a las familias que resultaron damnificadas tras las intensas lluvias registradas el mes pasado<\/p>\n","protected":false},"author":1,"featured_media":0,"comment_status":"open","ping_status":"open","sticky":false,"template":"","format":"standard","meta":{"footnotes":""},"categories":[14,3],"tags":[],"class_list":["post-4468","post","type-post","status-publish","format-standard","hentry","category-destacadas","category-gobierno-del-estado-de-michoacan"],"_links":{"self":[{"href":"https:\/\/radiowebmx.com\/nota\/wp-json\/wp\/v2\/posts\/4468","targetHints":{"allow":["GET"]}}],"collection":[{"href":"https:\/\/radiowebmx.com\/nota\/wp-json\/wp\/v2\/posts"}],"about":[{"href":"https:\/\/radiowebmx.com\/nota\/wp-json\/wp\/v2\/types\/post"}],"author":[{"embeddable":true,"href":"https:\/\/radiowebmx.com\/nota\/wp-json\/wp\/v2\/users\/1"}],"replies":[{"embeddable":true,"href":"https:\/\/radiowebmx.com\/nota\/wp-json\/wp\/v2\/comments?post=4468"}],"version-history":[{"count":3,"href":"https:\/\/radiowebmx.com\/nota\/wp-json\/wp\/v2\/posts\/4468\/revisions"}],"predecessor-version":[{"id":4472,"href":"https:\/\/radiowebmx.com\/nota\/wp-json\/wp\/v2\/posts\/4468\/revisions\/4472"}],"wp:attachment":[{"href":"https:\/\/radiowebmx.com\/nota\/wp-json\/wp\/v2\/media?parent=4468"}],"wp:term":[{"taxonomy":"category","embeddable":true,"href":"https:\/\/radiowebmx.com\/nota\/wp-json\/wp\/v2\/categories?post=4468"},{"taxonomy":"post_tag","embeddable":true,"href":"https:\/\/radiowebmx.com\/nota\/wp-json\/wp\/v2\/tags?post=4468"}],"curies":[{"name":"wp","href":"https:\/\/api.w.org\/{rel}","templated":true}]}}