{"id":44678,"date":"2017-09-22T13:21:34","date_gmt":"2017-09-22T18:21:34","guid":{"rendered":"https:\/\/radiowebmx.com\/nota\/?p=44678"},"modified":"2017-09-22T14:09:55","modified_gmt":"2017-09-22T19:09:55","slug":"premia-iam-a-ganadores-del-concurso-artesanal-de-nuevo-parangaricutiro","status":"publish","type":"post","link":"https:\/\/radiowebmx.com\/nota\/premia-iam-a-ganadores-del-concurso-artesanal-de-nuevo-parangaricutiro\/","title":{"rendered":"Premia IAM a ganadores del concurso artesanal de Nuevo Parangaricutiro"},"content":{"rendered":"<p><a href=\"https:\/\/radiowebmx.com\/nota\/wp-content\/uploads\/2017\/09\/b81c90cc-b066-487a-96fe-e4abbbae8050.jpg\"><img loading=\"lazy\" decoding=\"async\" class=\"alignnone  wp-image-44681\" src=\"https:\/\/radiowebmx.com\/nota\/wp-content\/uploads\/2017\/09\/b81c90cc-b066-487a-96fe-e4abbbae8050-595x335.jpg\" alt=\"\" width=\"400\" height=\"225\" srcset=\"https:\/\/radiowebmx.com\/nota\/wp-content\/uploads\/2017\/09\/b81c90cc-b066-487a-96fe-e4abbbae8050-595x335.jpg 595w, https:\/\/radiowebmx.com\/nota\/wp-content\/uploads\/2017\/09\/b81c90cc-b066-487a-96fe-e4abbbae8050-768x432.jpg 768w, https:\/\/radiowebmx.com\/nota\/wp-content\/uploads\/2017\/09\/b81c90cc-b066-487a-96fe-e4abbbae8050-960x540.jpg 960w, https:\/\/radiowebmx.com\/nota\/wp-content\/uploads\/2017\/09\/b81c90cc-b066-487a-96fe-e4abbbae8050.jpg 1280w\" sizes=\"auto, (max-width: 400px) 100vw, 400px\" \/><\/a><\/p>\n<p>&nbsp;<\/p>\n<p><strong>Nuevo Parangaricutiro, Michoac\u00e1n, a 22 de septiembre de 2017.-\u00a0<\/strong>Art\u00edfices de este municipio dieron muestra de su talento y creatividad en el XXXII Concurso Artesanal de textiles de algod\u00f3n, madera y varios, que llevaron a cabo el Instituto del Artesano Michoacano (IAM) y el Ayuntamiento, con una bolsa de 30 mil pesos repartidos en 14 premios.<\/p>\n<p>Durante la premiaci\u00f3n, el subdirector de Operaci\u00f3n del IAM, Ulises S\u00e1nchez P\u00e9rez, destac\u00f3 la importancia de que las y los artesanos se capaciten a trav\u00e9s de los programas que ofrece la dependencia, ya que en las piezas que elaboran y presentaron en el concurso, ten\u00edan a\u00fan m\u00e1s calidad, innovaci\u00f3n y t\u00e9cnica.<\/p>\n<p>Agradeci\u00f3 la participaci\u00f3n del Ayuntamiento para llevar a cabo este concurso y felicit\u00f3 al alcalde Gabriel Anducho Campoverde por el apoyo que les brind\u00f3 a las y los art\u00edfices de Nuevo Parangaricutiro para que asistieran a su festejo del D\u00eda del Artesano, donde el suyo fue uno de los mejores contingentes del desfile.<\/p>\n<p>Por su parte, el alcalde destac\u00f3 el trabajo del IAM y manifest\u00f3 la importancia de que las y los artesanos contin\u00faen capacit\u00e1ndose para producir mejores piezas que se mantengan en el gusto de sus clientes.<\/p>\n<p>A nombre de sus compa\u00f1eros artesanos, Mar\u00eda de la Luz Arriaga Lemus agradeci\u00f3 el apoyo que les ha brindado el IAM y solicit\u00f3 que contin\u00faen las capacitaciones, ya que les son de mucha utilidad porque les permiten mejorar su t\u00e9cnica, elaborar nuevos dise\u00f1os y mantener esta tradici\u00f3n en su localidad.<\/p>\n<p>Las y los ganadores del primer lugar en las ramas de textil, madera y varios fueron Mar\u00eda Maclovia Salda\u00f1a Alfaro, con un guanengo bordado rojo y azul; Ver\u00f3nica Rom\u00e1n Contreras, con un mandil perfilado; Juan Aguilar Salda\u00f1a, con una m\u00e1scara de maringu\u00eda; y Micaela Rivera Guti\u00e9rrez, con un rollo de gala rojo con verde.<\/p>\n<p>A la ceremonia de premiaci\u00f3n tambi\u00e9n asistieron el jefe del Departamento de Concursos del IAM, Silvestre Z\u00fa\u00f1iga Olvera; la maestra de capacitaci\u00f3n, Beatriz Aguilera Ortiz; y la jefa del Departamento de Capacitaci\u00f3n del IAM, Maritza Carranza Alc\u00e1ntar.<\/p>\n<p>&nbsp;<\/p>\n<p><a href=\"https:\/\/radiowebmx.com\/nota\/wp-content\/uploads\/2017\/09\/60171c66-18c4-4b86-b517-c843512ad611.jpg\"><img loading=\"lazy\" decoding=\"async\" class=\"alignnone  wp-image-44682\" src=\"https:\/\/radiowebmx.com\/nota\/wp-content\/uploads\/2017\/09\/60171c66-18c4-4b86-b517-c843512ad611-595x335.jpg\" alt=\"\" width=\"401\" height=\"226\" srcset=\"https:\/\/radiowebmx.com\/nota\/wp-content\/uploads\/2017\/09\/60171c66-18c4-4b86-b517-c843512ad611-595x335.jpg 595w, https:\/\/radiowebmx.com\/nota\/wp-content\/uploads\/2017\/09\/60171c66-18c4-4b86-b517-c843512ad611-768x432.jpg 768w, https:\/\/radiowebmx.com\/nota\/wp-content\/uploads\/2017\/09\/60171c66-18c4-4b86-b517-c843512ad611-960x540.jpg 960w, https:\/\/radiowebmx.com\/nota\/wp-content\/uploads\/2017\/09\/60171c66-18c4-4b86-b517-c843512ad611.jpg 1280w\" sizes=\"auto, (max-width: 401px) 100vw, 401px\" \/><\/a><\/p>\n","protected":false},"excerpt":{"rendered":"<p>&nbsp; Nuevo Parangaricutiro, Michoac\u00e1n, a 22 de septiembre de 2017.-\u00a0Art\u00edfices de este municipio dieron muestra de su talento y creatividad en el XXXII Concurso Artesanal de textiles de algod\u00f3n, madera y varios, que llevaron a cabo el Instituto del Artesano Michoacano (IAM) y el Ayuntamiento, con una bolsa de 30 mil pesos repartidos en 14 [&hellip;]<\/p>\n","protected":false},"author":2,"featured_media":44680,"comment_status":"closed","ping_status":"closed","sticky":false,"template":"","format":"standard","meta":{"footnotes":""},"categories":[14,3,60],"tags":[],"class_list":["post-44678","post","type-post","status-publish","format-standard","has-post-thumbnail","hentry","category-destacadas","category-gobierno-del-estado-de-michoacan","category-michoacan"],"_links":{"self":[{"href":"https:\/\/radiowebmx.com\/nota\/wp-json\/wp\/v2\/posts\/44678","targetHints":{"allow":["GET"]}}],"collection":[{"href":"https:\/\/radiowebmx.com\/nota\/wp-json\/wp\/v2\/posts"}],"about":[{"href":"https:\/\/radiowebmx.com\/nota\/wp-json\/wp\/v2\/types\/post"}],"author":[{"embeddable":true,"href":"https:\/\/radiowebmx.com\/nota\/wp-json\/wp\/v2\/users\/2"}],"replies":[{"embeddable":true,"href":"https:\/\/radiowebmx.com\/nota\/wp-json\/wp\/v2\/comments?post=44678"}],"version-history":[{"count":1,"href":"https:\/\/radiowebmx.com\/nota\/wp-json\/wp\/v2\/posts\/44678\/revisions"}],"predecessor-version":[{"id":44683,"href":"https:\/\/radiowebmx.com\/nota\/wp-json\/wp\/v2\/posts\/44678\/revisions\/44683"}],"wp:featuredmedia":[{"embeddable":true,"href":"https:\/\/radiowebmx.com\/nota\/wp-json\/wp\/v2\/media\/44680"}],"wp:attachment":[{"href":"https:\/\/radiowebmx.com\/nota\/wp-json\/wp\/v2\/media?parent=44678"}],"wp:term":[{"taxonomy":"category","embeddable":true,"href":"https:\/\/radiowebmx.com\/nota\/wp-json\/wp\/v2\/categories?post=44678"},{"taxonomy":"post_tag","embeddable":true,"href":"https:\/\/radiowebmx.com\/nota\/wp-json\/wp\/v2\/tags?post=44678"}],"curies":[{"name":"wp","href":"https:\/\/api.w.org\/{rel}","templated":true}]}}