{"id":44664,"date":"2017-09-22T11:10:09","date_gmt":"2017-09-22T16:10:09","guid":{"rendered":"https:\/\/radiowebmx.com\/nota\/?p=44664"},"modified":"2017-09-22T12:20:31","modified_gmt":"2017-09-22T17:20:31","slug":"ijum-y-morelianos-suman-esfuerzos-para-rescatar-espacio-publico-en-villas-de-la-loma","status":"publish","type":"post","link":"https:\/\/radiowebmx.com\/nota\/ijum-y-morelianos-suman-esfuerzos-para-rescatar-espacio-publico-en-villas-de-la-loma\/","title":{"rendered":"IJUM y morelianos suman esfuerzos para rescatar espacio p\u00fablico en Villas de la Loma"},"content":{"rendered":"<p><a href=\"https:\/\/radiowebmx.com\/nota\/wp-content\/uploads\/2017\/09\/bcd64d7c-4475-49ab-841e-c8d1e2243212.jpg\"><img loading=\"lazy\" decoding=\"async\" class=\"alignnone  wp-image-44666\" src=\"https:\/\/radiowebmx.com\/nota\/wp-content\/uploads\/2017\/09\/bcd64d7c-4475-49ab-841e-c8d1e2243212-595x446.jpg\" alt=\"\" width=\"401\" height=\"301\" srcset=\"https:\/\/radiowebmx.com\/nota\/wp-content\/uploads\/2017\/09\/bcd64d7c-4475-49ab-841e-c8d1e2243212-595x446.jpg 595w, https:\/\/radiowebmx.com\/nota\/wp-content\/uploads\/2017\/09\/bcd64d7c-4475-49ab-841e-c8d1e2243212-768x576.jpg 768w, https:\/\/radiowebmx.com\/nota\/wp-content\/uploads\/2017\/09\/bcd64d7c-4475-49ab-841e-c8d1e2243212.jpg 960w\" sizes=\"auto, (max-width: 401px) 100vw, 401px\" \/><\/a><\/p>\n<p>&nbsp;<\/p>\n<ul>\n<li><strong>Colonos se comprometen a cuidar el espacio intervenido.<\/strong><\/li>\n<\/ul>\n<p>&nbsp;<\/p>\n<div>En apoyo e impulso a las pol\u00edticas p\u00fablicas promovidas por el Ayuntamiento a trav\u00e9s del Instituto de la Juventud Moreliana (IJUM), en coordinaci\u00f3n con los colonos del Fraccionamiento Villas de la Loma, se realiz\u00f3 el rescate de un espacio p\u00fablico.<\/p>\n<p>El Titular de IJUM, Juan Pablo Motilla Zarur, destac\u00f3 que el objetivo de esta acci\u00f3n responde a recobro un espacio p\u00fablico para que j\u00f3venes y ciudadan\u00eda en general tengan un \u00e1rea de convivencia y puedan desarrollar diferentes actividades recreativas o de activaci\u00f3n f\u00edsica.<\/p>\n<p>El encargado de la pol\u00edtica juvenil resalt\u00f3 que esta actividad es un claro ejemplo de participaci\u00f3n ciudadana, que al preocuparse por tener mejor infraestructura urbana se sumaron al Gobierno Municipal para embellecer la zona.<\/p>\n<p>Cabe recordar que las labores realizadas fue el embellecer el \u00e1rea verde, atenci\u00f3n a la infraestructura urbana recreativa, recolecci\u00f3n de basura y poda, adem\u00e1s de generar el compromiso con la ciudadan\u00eda de mantener la conservaci\u00f3n de este lugar lo mejor posible.<\/p>\n<p>Motilla Zarur trajo a cuenta que las diferentes dependencias municipales realizan la atenci\u00f3n a este tipo de solicitudes ciudadanas, que permiten recuperar espacios p\u00fablicos para la poblaci\u00f3n y se logra un bien com\u00fan, adem\u00e1s de que los morelianos son coparticipes del beneficio que se queda en su zona habitacional.<\/p>\n<p>De esta manera, el Ayuntamiento de Morelia persistir\u00e1 con su trabajo de apertura a la participaci\u00f3n ciudadana con aporte de ideas y acciones que \u201cpermitan realizar un trabajo hombro con hombro\u201d.<\/p><\/div>\n","protected":false},"excerpt":{"rendered":"<p>&nbsp; Colonos se comprometen a cuidar el espacio intervenido. &nbsp; En apoyo e impulso a las pol\u00edticas p\u00fablicas promovidas por el Ayuntamiento a trav\u00e9s del Instituto de la Juventud Moreliana (IJUM), en coordinaci\u00f3n con los colonos del Fraccionamiento Villas de la Loma, se realiz\u00f3 el rescate de un espacio p\u00fablico. El Titular de IJUM, Juan [&hellip;]<\/p>\n","protected":false},"author":2,"featured_media":44665,"comment_status":"closed","ping_status":"closed","sticky":false,"template":"","format":"standard","meta":{"footnotes":""},"categories":[14,60,9],"tags":[],"class_list":["post-44664","post","type-post","status-publish","format-standard","has-post-thumbnail","hentry","category-destacadas","category-michoacan","category-morelia"],"_links":{"self":[{"href":"https:\/\/radiowebmx.com\/nota\/wp-json\/wp\/v2\/posts\/44664","targetHints":{"allow":["GET"]}}],"collection":[{"href":"https:\/\/radiowebmx.com\/nota\/wp-json\/wp\/v2\/posts"}],"about":[{"href":"https:\/\/radiowebmx.com\/nota\/wp-json\/wp\/v2\/types\/post"}],"author":[{"embeddable":true,"href":"https:\/\/radiowebmx.com\/nota\/wp-json\/wp\/v2\/users\/2"}],"replies":[{"embeddable":true,"href":"https:\/\/radiowebmx.com\/nota\/wp-json\/wp\/v2\/comments?post=44664"}],"version-history":[{"count":1,"href":"https:\/\/radiowebmx.com\/nota\/wp-json\/wp\/v2\/posts\/44664\/revisions"}],"predecessor-version":[{"id":44667,"href":"https:\/\/radiowebmx.com\/nota\/wp-json\/wp\/v2\/posts\/44664\/revisions\/44667"}],"wp:featuredmedia":[{"embeddable":true,"href":"https:\/\/radiowebmx.com\/nota\/wp-json\/wp\/v2\/media\/44665"}],"wp:attachment":[{"href":"https:\/\/radiowebmx.com\/nota\/wp-json\/wp\/v2\/media?parent=44664"}],"wp:term":[{"taxonomy":"category","embeddable":true,"href":"https:\/\/radiowebmx.com\/nota\/wp-json\/wp\/v2\/categories?post=44664"},{"taxonomy":"post_tag","embeddable":true,"href":"https:\/\/radiowebmx.com\/nota\/wp-json\/wp\/v2\/tags?post=44664"}],"curies":[{"name":"wp","href":"https:\/\/api.w.org\/{rel}","templated":true}]}}