{"id":446,"date":"2012-11-29T10:50:24","date_gmt":"2012-11-29T16:50:24","guid":{"rendered":"https:\/\/radiowebmx.com\/nota\/?p=446"},"modified":"2012-11-29T10:50:24","modified_gmt":"2012-11-29T16:50:24","slug":"arranca-construccion-de-estancia-infantil-en-villamar-para-apoyar-a-madres-trabajadoras","status":"publish","type":"post","link":"https:\/\/radiowebmx.com\/nota\/arranca-construccion-de-estancia-infantil-en-villamar-para-apoyar-a-madres-trabajadoras\/","title":{"rendered":"ARRANCA CONSTRUCCI\u00d3N DE ESTANCIA INFANTIL EN VILLAMAR PARA APOYAR A MADRES TRABAJADORAS"},"content":{"rendered":"<p><img loading=\"lazy\" decoding=\"async\" class=\"alignnone\" src=\"http:\/\/img267.imageshack.us\/img267\/1958\/99363977.jpg\" alt=\"\" width=\"591\" height=\"233\" \/>La Secretar\u00eda de la Mujer de Michoac\u00e1n (Semujer), la delegaci\u00f3n estatal de la Secretar\u00eda de Desarrollo Social federal (Sedesol), la Secretar\u00eda del Migrante del estado, el Ayuntamiento de Villamar y grupos de migrantes, arrancaron la construcci\u00f3n de la Estancia Infantil para apoyar a madres trabajadoras de escasos recursos.<\/p>\n<p>&nbsp;<\/p>\n<p>Con una inversi\u00f3n inicial de 800 mil pesos, se prev\u00e9 que la guarder\u00eda tenga una capacidad para dar atenci\u00f3n a 150 ni\u00f1as y ni\u00f1os, quienes contar\u00e1n con un lugar seguro y con los cuidados necesarios, mientras que sus madres salen a trabajar.<\/p>\n<p>&nbsp;<\/p>\n<p>Acompa\u00f1ada del alcalde de Villamar, Froil\u00e1n Zambrano L\u00f3pez y por el diputado local, Miguel Amezcua Manzo, la secretaria de la Mujer del estado, Consuelo Muro Urista, resalt\u00f3 la colaboraci\u00f3n de los tres niveles de gobierno y del legislador para concretar la construcci\u00f3n de este centro infantil que dijo, se constituye como acci\u00f3n en beneficio de las madres trabajadoras.<\/p>\n<p>&nbsp;<\/p>\n<p>\u201cMujeres que sacan adelante a sus familias y que no tienen ese trabajo que les pueda dar las prestaciones suficientes para contar con una guarder\u00eda del IMSS o del ISSSTE, esa lucha diaria que realizan d\u00eda a d\u00eda nos hace a todas las autoridades reflexionar y decir que de ese poco recurso que haya, tenemos que redoblar esfuerzos para apoyarlas\u201d, manifest\u00f3 a las futuras beneficiarias presentes.<\/p>\n<p>&nbsp;<\/p>\n<p>La funcionaria estatal reconoci\u00f3 el respaldo del gobernador del estado, Fausto Vallejo Figueroa, para impulsar acciones que incidan en beneficio de las michoacanas; de igual forma, agradeci\u00f3 el trabajo conjunto del delegado estatal de la Sedesol, Germ\u00e1n Tena Fern\u00e1ndez, as\u00ed como de la Secretar\u00eda del Migrante, del Ayuntamiento de Villamar y de las y los migrantes, resaltando que el diputado Miguel Amezcua se encuentra trabajando con la Comisi\u00f3n de Desarrollo Social que preside en el Congreso del Estado, para apoyar la construcci\u00f3n de guarder\u00edas.<\/p>\n<p>&nbsp;<\/p>\n<p>En su turno, el alcalde de Villamar, Froil\u00e1n Zambrano, sostuvo que no obstante que ha sido un a\u00f1o complicado econ\u00f3micamente, con la suma de diversas dependencias se logr\u00f3 iniciar la edificaci\u00f3n de la guarder\u00eda. \u201cAqu\u00ed se van albergar ni\u00f1os que van a estar seguros; esta primera piedra que hoy se coloca es fundamental para la vida econ\u00f3mica y futura de Villamar\u201d, dijo.<\/p>\n<p>&nbsp;<\/p>\n<p>El legislador local, Miguel Amezcua Manzo, precis\u00f3 que se estar\u00e1n construyendo otras cuatro estancias infantiles en el estado, tras se\u00f1alar que ha venido trabajando con la Semujer y con la Semigrante para que la guarder\u00eda de Villamar se edifique con prontitud.<\/p>\n<p>&nbsp;<\/p>\n<p>\u201cPr\u00f3ximamente en el Congreso vamos a estar discutiendo el presupuesto y vamos a tratar de etiquetar recursos para que esta obra sea una realidad r\u00e1pido, que ser\u00e1 de beneficio para las mujeres y sus ni\u00f1os que estar\u00e1n gozando de este espacio y de una educaci\u00f3n buena, de calidad, mientras ellas trabajan\u201d.<\/p>\n<p>&nbsp;<\/p>\n<p>El coordinador de Proyectos de Desarrollo de la Secretar\u00eda del Migrante, Miguel Alejandro Vega, en representaci\u00f3n del titular de la dependencia, Luis Carlos Ch\u00e1vez Santacruz, reconoci\u00f3 al alcalde de Villamar as\u00ed como a las instituciones participantes para concretar la construcci\u00f3n de la guarder\u00eda.<\/p>\n<p>&nbsp;<\/p>\n<p>Cabe se\u00f1alar que la estancia infantil se edificar\u00e1 en un terreno de 700 metros cuadrados y contar\u00e1 con tres salas de maternal, cada sala para ni\u00f1os\/as de 1 hasta 3 a\u00f1os y medio de edad, adem\u00e1s de tres salas para lactantes para peque\u00f1os\/as de 45 d\u00edas de nacidos hasta a\u00f1o y medio de vida.<\/p>\n<p>&nbsp;<\/p>\n<p>Durante el evento tambi\u00e9n estuvieron presentes, Guillermina Romero y Graciela Garibay, integrantes del Grupo Espejo organizaci\u00f3n de migrantes michoacanos\/as; Claudia Ruiz, directora de la Instancia Municipal de la Mujer en Villamar; la directora del DIF Municipal, Mar\u00eda Luisa \u00c1lvaro Ochoa; el s\u00edndico, Carlos Maravilla, el cuerpo de regidores\/as; la coordinadora de Proyectos Productivos de la Semujer, Marlene Le\u00f3n, adem\u00e1s de funcionarias y funcionarios municipales.<\/p>\n","protected":false},"excerpt":{"rendered":"<p>La Secretar\u00eda de la Mujer de Michoac\u00e1n (Semujer), la delegaci\u00f3n estatal de la Secretar\u00eda de Desarrollo Social federal (Sedesol), la Secretar\u00eda del Migrante del estado, el Ayuntamiento de Villamar y grupos de migrantes, arrancaron la construcci\u00f3n de la Estancia Infantil para apoyar a madres trabajadoras de escasos recursos. &nbsp; Con una inversi\u00f3n inicial de 800 [&hellip;]<\/p>\n","protected":false},"author":1,"featured_media":0,"comment_status":"open","ping_status":"open","sticky":false,"template":"","format":"standard","meta":{"footnotes":""},"categories":[3],"tags":[],"class_list":["post-446","post","type-post","status-publish","format-standard","hentry","category-gobierno-del-estado-de-michoacan"],"_links":{"self":[{"href":"https:\/\/radiowebmx.com\/nota\/wp-json\/wp\/v2\/posts\/446","targetHints":{"allow":["GET"]}}],"collection":[{"href":"https:\/\/radiowebmx.com\/nota\/wp-json\/wp\/v2\/posts"}],"about":[{"href":"https:\/\/radiowebmx.com\/nota\/wp-json\/wp\/v2\/types\/post"}],"author":[{"embeddable":true,"href":"https:\/\/radiowebmx.com\/nota\/wp-json\/wp\/v2\/users\/1"}],"replies":[{"embeddable":true,"href":"https:\/\/radiowebmx.com\/nota\/wp-json\/wp\/v2\/comments?post=446"}],"version-history":[{"count":1,"href":"https:\/\/radiowebmx.com\/nota\/wp-json\/wp\/v2\/posts\/446\/revisions"}],"predecessor-version":[{"id":447,"href":"https:\/\/radiowebmx.com\/nota\/wp-json\/wp\/v2\/posts\/446\/revisions\/447"}],"wp:attachment":[{"href":"https:\/\/radiowebmx.com\/nota\/wp-json\/wp\/v2\/media?parent=446"}],"wp:term":[{"taxonomy":"category","embeddable":true,"href":"https:\/\/radiowebmx.com\/nota\/wp-json\/wp\/v2\/categories?post=446"},{"taxonomy":"post_tag","embeddable":true,"href":"https:\/\/radiowebmx.com\/nota\/wp-json\/wp\/v2\/tags?post=446"}],"curies":[{"name":"wp","href":"https:\/\/api.w.org\/{rel}","templated":true}]}}