{"id":4453,"date":"2013-10-18T12:50:54","date_gmt":"2013-10-18T17:50:54","guid":{"rendered":"https:\/\/radiowebmx.com\/nota\/?p=4453"},"modified":"2013-11-06T12:52:50","modified_gmt":"2013-11-06T18:52:50","slug":"mostramos-al-mundo-que-tenemos-un-michoacan-de-desarrollo-y-estable-asevero-el-gobernador-jesus-reyna","status":"publish","type":"post","link":"https:\/\/radiowebmx.com\/nota\/mostramos-al-mundo-que-tenemos-un-michoacan-de-desarrollo-y-estable-asevero-el-gobernador-jesus-reyna\/","title":{"rendered":"MOSTRAMOS AL MUNDO QUE TENEMOS UN MICHOAC\u00c1N DE DESARROLLO Y ESTABLE, ASEVER\u00d3 EL GOBERNADOR JES\u00daS REYNA"},"content":{"rendered":"<p><a href=\"https:\/\/radiowebmx.com\/nota\/wp-content\/uploads\/2013\/11\/DSC_8376.jpg\"><img loading=\"lazy\" decoding=\"async\" class=\"alignleft size-full wp-image-4454\" alt=\"DSC_8376\" src=\"https:\/\/radiowebmx.com\/nota\/wp-content\/uploads\/2013\/11\/DSC_8376.jpg\" width=\"591\" height=\"288\" \/><\/a>Somos m\u00e1s los que deseamos un Michoac\u00e1n estable y de desarrollo, no nos dejamos vencer, estamos mostrando al mundo que tenemos un Michoac\u00e1n de progreso, expuso el gobernador del estado, Jes\u00fas Reyna Garc\u00eda al inaugurar el 11\u00ba Festival Internacional de Cine de Morelia (FICM), que desde esta fecha y hasta el 27 de octubre de 2013 proyectar\u00e1 43 cortometrajes, 23 documentales, 11 obras michoacanas y 12 largometrajes de cineastas de distintos estados, entre ellos Michoac\u00e1n.<\/p>\n<p>&nbsp;<\/p>\n<p>Durante la ceremonia de apertura, el mandatario estatal reconoci\u00f3 a los fundadores y organizadores su trabajo a favor del s\u00e9ptimo arte, el cual ha permitido poner a la entidad bajo los reflectores internacionales, \u201clos michoacanos somos testigos de c\u00f3mo este festival ha venido registrando consistentemente un progresivo reconocimiento a nivel internacional, consolid\u00e1ndose como uno de los mejores en su g\u00e9nero, y esto gracias al \u00a0empe\u00f1o de sus fundadores y organizadores, por eso nuestro reconocimiento a lo mucho que han aportado a esta ciudad y a esta entidad\u201d.<\/p>\n<p>&nbsp;<\/p>\n<p>Asimismo solicit\u00f3 a la comunidad f\u00edlmica, productores, creadores, guionistas, actrices y actores, su colaboraci\u00f3n para convertirse en embajadores para que transmitan la intensidad y el placer de sus vivencias en este estado, \u201ca Michoac\u00e1n hay que recorrerlo, probarlo, pero sobre todo vivirlo\u201d, manifest\u00f3.<\/p>\n<p>&nbsp;<\/p>\n<p>En tanto que record\u00f3 que el FICM exhibe las mejores propuestas de organizadores mexicanos y que en esta ocasi\u00f3n se rendir\u00e1 un homenaje especial al michoacano Jos\u00e9 Rub\u00e9n Romero.<\/p>\n<p>&nbsp;<\/p>\n<p>Alfonso Cuar\u00f3n Orozco, productor mexicano de la pel\u00edcula &#8220;Gravedad&#8221;, que abri\u00f3 este evento y se present\u00f3 por primera vez en nuestro pa\u00eds, dijo que Michoac\u00e1n y Morelia, a trav\u00e9s de este Festival, son por excelencia el destino fundamental del Cine Internacional.<\/p>\n<p>&nbsp;<\/p>\n<p>Mientras que Alejandro Ram\u00edrez Maga\u00f1a, presidente del Festival, agradeci\u00f3 el apoyo recibido por el Gobierno de Michoac\u00e1n para la realizaci\u00f3n del mismo y destac\u00f3 que durante el evento tambi\u00e9n se contar\u00e1 con las opciones en competencia de: Secci\u00f3n Michoacana, Cortometraje Mexicano, Documental Mexicano y Largometraje Mexicano. Este a\u00f1o en el caso de los cortometrajes de ficci\u00f3n, documental y animaci\u00f3n, el ganador ser\u00e1 considerado como elegible para la nominaci\u00f3n al Oscar\u00ae.<\/p>\n<p>&nbsp;<\/p>\n<p>Este a\u00f1o la Secci\u00f3n de Largometrajes Mexicanos, est\u00e1 conformada por: A los ojos de Michel y Victoria Franco; Club S\u00e1ndwich de Fernando Eimbcke; Gonz\u00e1lez de Christian D\u00edaz; Las horas muertas de Aar\u00f3n Fern\u00e1ndez; Los ins\u00f3litos peces gato de Claudia Sainte-Luce; La jaula de oro de Diego Quemada-Diez; Manto Acu\u00edfero de Michael Rowe; Para\u00edso de Mariana Chenillo; Penumbra de Eduardo Villanueva; Somos Mari Pepa de Samuel Kishi Leopo; La vida despu\u00e9s de David Pablos; y Workers de Jos\u00e9 Luis Valle Gonz\u00e1lez.<\/p>\n<p>&nbsp;<\/p>\n<p>Asistieron, Jorge S\u00e1nchez Sosa, director del Instituto Mexicano de Cinematograf\u00eda; Cuauht\u00e9moc C\u00e1rdenas Batel, vicepresidente del Festival y Daniela Michel, directora del mismo; adem\u00e1s de Wilfrido L\u00e1zaro Medina, presidente municipal de Morelia.<\/p>\n<p>&nbsp;<\/p>\n<p>&nbsp;<\/p>\n<p>&nbsp;<\/p>\n<p>&nbsp;<\/p>\n","protected":false},"excerpt":{"rendered":"<p>Somos m\u00e1s los que deseamos un Michoac\u00e1n estable y de desarrollo, no nos dejamos vencer, estamos mostrando al mundo que tenemos un Michoac\u00e1n de progreso, expuso el gobernador del estado, Jes\u00fas Reyna Garc\u00eda al inaugurar el 11\u00ba Festival Internacional de Cine de Morelia (FICM)<\/p>\n","protected":false},"author":1,"featured_media":0,"comment_status":"open","ping_status":"open","sticky":false,"template":"","format":"standard","meta":{"footnotes":""},"categories":[14,3],"tags":[],"class_list":["post-4453","post","type-post","status-publish","format-standard","hentry","category-destacadas","category-gobierno-del-estado-de-michoacan"],"_links":{"self":[{"href":"https:\/\/radiowebmx.com\/nota\/wp-json\/wp\/v2\/posts\/4453","targetHints":{"allow":["GET"]}}],"collection":[{"href":"https:\/\/radiowebmx.com\/nota\/wp-json\/wp\/v2\/posts"}],"about":[{"href":"https:\/\/radiowebmx.com\/nota\/wp-json\/wp\/v2\/types\/post"}],"author":[{"embeddable":true,"href":"https:\/\/radiowebmx.com\/nota\/wp-json\/wp\/v2\/users\/1"}],"replies":[{"embeddable":true,"href":"https:\/\/radiowebmx.com\/nota\/wp-json\/wp\/v2\/comments?post=4453"}],"version-history":[{"count":2,"href":"https:\/\/radiowebmx.com\/nota\/wp-json\/wp\/v2\/posts\/4453\/revisions"}],"predecessor-version":[{"id":4456,"href":"https:\/\/radiowebmx.com\/nota\/wp-json\/wp\/v2\/posts\/4453\/revisions\/4456"}],"wp:attachment":[{"href":"https:\/\/radiowebmx.com\/nota\/wp-json\/wp\/v2\/media?parent=4453"}],"wp:term":[{"taxonomy":"category","embeddable":true,"href":"https:\/\/radiowebmx.com\/nota\/wp-json\/wp\/v2\/categories?post=4453"},{"taxonomy":"post_tag","embeddable":true,"href":"https:\/\/radiowebmx.com\/nota\/wp-json\/wp\/v2\/tags?post=4453"}],"curies":[{"name":"wp","href":"https:\/\/api.w.org\/{rel}","templated":true}]}}