{"id":44479,"date":"2017-09-20T12:53:33","date_gmt":"2017-09-20T17:53:33","guid":{"rendered":"https:\/\/radiowebmx.com\/nota\/?p=44479"},"modified":"2017-09-20T12:53:33","modified_gmt":"2017-09-20T17:53:33","slug":"convoca-sigala-a-diputados-del-pais-a-donar-recursos-y-viveres-para-damnificados-con-sismo","status":"publish","type":"post","link":"https:\/\/radiowebmx.com\/nota\/convoca-sigala-a-diputados-del-pais-a-donar-recursos-y-viveres-para-damnificados-con-sismo\/","title":{"rendered":"Convoca Sigala a diputados del pa\u00eds a donar recursos y v\u00edveres para damnificados con sismo"},"content":{"rendered":"<p class=\"x_MsoNormal\"><b>Morelia; Michoac\u00e1n, 20 de septiembre de 2017<\/b>.- El compromiso de los representantes populares no s\u00f3lo radica en el correcto desarrollo de sus actividades, sino tambi\u00e9n en el grado de solidaridad que demuestren frente a las adversidades y contingencias, apunt\u00f3 Pascual Sigala P\u00e1ez en su calidad de presidente de la Conferencia Permanente de Congresos Locales (Copecol), quien convoc\u00f3 a los legisladores del pa\u00eds a donar recursos econ\u00f3micos y v\u00edveres en favor de los damnificados con el sismo.<\/p>\n<p class=\"x_MsoNormal\">Luego del sismo de 7.1 grados en la escala de Richter, con epicentro en Puebla, y en el que se reportan m\u00e1s de 225 muertos, el legislador solicit\u00f3 a las y los diputados locales de la Rep\u00fablica Mexicana un minuto de silencio en el marco de las sesiones y asimismo, a hacer una aportaci\u00f3n econ\u00f3mica y en especie para apoyar a la brevedad a los afectados con el movimiento tel\u00farico.<\/p>\n<p class=\"x_MsoNormal\">Pascual Sigala hizo un llamado a la solidaridad de todos los representantes populares y exhort\u00f3 a que las autoridades de las entidades federativas y zonas vecinas con la Ciudad de M\u00e9xico, Morelos, Puebla, Estado de M\u00e9xico, Guerrero y Oaxaca a enviar apoyos, desde recursos econ\u00f3micos, v\u00edveres y a personal capacitado para remover los escombros en las zonas m\u00e1s afectadas.<\/p>\n<p class=\"x_MsoNormal\">En ese sentido, subray\u00f3 que es apremiante la solidaridad de todos los actores pol\u00edticos a sumarse y apoyar a la poblaci\u00f3n afectada.<\/p>\n<p class=\"x_MsoNormal\">\u201cHoy nuestro pa\u00eds nos vuelve a llamar a unirnos y a que todos los sectores sociales, en condiciones de aportar, lo hagamos de inmediato, ya que en estos momentos es apremiante no escatimar esfuerzos y se debe priorizar remover los escombros y salvar a las personas que est\u00e9n en riesgo, as\u00ed como ayudar a todas y todos los damnificados y familiares de las v\u00edctimas\u201d, manifest\u00f3.<\/p>\n<p class=\"x_MsoNormal\">Dio a conocer que en unos d\u00edas se reunir\u00e1 con el Comit\u00e9 Directivo de la Copecol para analizar diversos puntos y uno de ellos ser\u00e1 conocer cu\u00e1ntos Congresos Locales del pa\u00eds se han sumado a apoyar a la poblaci\u00f3n afectada con el sismo de este martes y con el ocurrido hace una semanas en Oaxaca y Chiapas.<\/p>\n<p class=\"x_MsoNormal\">\u201cAs\u00ed, como miles de mexicanos han salido para colaborar en las labores para el rescate de las v\u00edctimas, es necesario que todos los representantes populares aportemos de inmediato recursos, v\u00edveres, medicinas y todo lo que podamos y sea vital en estos momentos\u201d, sostuvo.<\/p>\n<p class=\"x_MsoNormal\">Tras reconocer la solidaridad de la poblaci\u00f3n que ha estado trabajando arduamente en las labores de rescate y desde el momento llevando v\u00edveres, hizo un llamado a considerar las recomendaciones que las autoridades de protecci\u00f3n civil y de seguridad han hecho.<\/p>\n<p class=\"x_MsoNormal\">\u201cLo importante es apoyar a quien lo necesita, salvar a quienes est\u00e1n en los escombros, prevenir y estar alertas ante cualquier contingencia y apoyar con recursos econ\u00f3micos y humanos, as\u00ed como v\u00edveres a quienes hoy est\u00e1n viviendo una dif\u00edcil situaci\u00f3n\u201d, finaliz\u00f3.<\/p>\n","protected":false},"excerpt":{"rendered":"<p>Morelia; Michoac\u00e1n, 20 de septiembre de 2017.- El compromiso de los representantes populares no s\u00f3lo radica en el correcto desarrollo de sus actividades, sino tambi\u00e9n en el grado de solidaridad que demuestren frente a las adversidades y contingencias, apunt\u00f3 Pascual Sigala P\u00e1ez en su calidad de presidente de la Conferencia Permanente de Congresos Locales (Copecol), [&hellip;]<\/p>\n","protected":false},"author":2,"featured_media":44480,"comment_status":"closed","ping_status":"closed","sticky":false,"template":"","format":"standard","meta":{"footnotes":""},"categories":[6,14],"tags":[],"class_list":["post-44479","post","type-post","status-publish","format-standard","has-post-thumbnail","hentry","category-congreso-del-estado","category-destacadas"],"_links":{"self":[{"href":"https:\/\/radiowebmx.com\/nota\/wp-json\/wp\/v2\/posts\/44479","targetHints":{"allow":["GET"]}}],"collection":[{"href":"https:\/\/radiowebmx.com\/nota\/wp-json\/wp\/v2\/posts"}],"about":[{"href":"https:\/\/radiowebmx.com\/nota\/wp-json\/wp\/v2\/types\/post"}],"author":[{"embeddable":true,"href":"https:\/\/radiowebmx.com\/nota\/wp-json\/wp\/v2\/users\/2"}],"replies":[{"embeddable":true,"href":"https:\/\/radiowebmx.com\/nota\/wp-json\/wp\/v2\/comments?post=44479"}],"version-history":[{"count":1,"href":"https:\/\/radiowebmx.com\/nota\/wp-json\/wp\/v2\/posts\/44479\/revisions"}],"predecessor-version":[{"id":44481,"href":"https:\/\/radiowebmx.com\/nota\/wp-json\/wp\/v2\/posts\/44479\/revisions\/44481"}],"wp:featuredmedia":[{"embeddable":true,"href":"https:\/\/radiowebmx.com\/nota\/wp-json\/wp\/v2\/media\/44480"}],"wp:attachment":[{"href":"https:\/\/radiowebmx.com\/nota\/wp-json\/wp\/v2\/media?parent=44479"}],"wp:term":[{"taxonomy":"category","embeddable":true,"href":"https:\/\/radiowebmx.com\/nota\/wp-json\/wp\/v2\/categories?post=44479"},{"taxonomy":"post_tag","embeddable":true,"href":"https:\/\/radiowebmx.com\/nota\/wp-json\/wp\/v2\/tags?post=44479"}],"curies":[{"name":"wp","href":"https:\/\/api.w.org\/{rel}","templated":true}]}}