{"id":4447,"date":"2013-10-17T12:44:42","date_gmt":"2013-10-17T17:44:42","guid":{"rendered":"https:\/\/radiowebmx.com\/nota\/?p=4447"},"modified":"2013-11-06T12:46:31","modified_gmt":"2013-11-06T18:46:31","slug":"comunicado-0572013-conmemoran-el-60-aniversario-del-sufragio-femenino-en-mexico","status":"publish","type":"post","link":"https:\/\/radiowebmx.com\/nota\/comunicado-0572013-conmemoran-el-60-aniversario-del-sufragio-femenino-en-mexico\/","title":{"rendered":"CONMEMORAN EL 60 ANIVERSARIO DEL SUFRAGIO FEMENINO EN M\u00c9XICO"},"content":{"rendered":"<p><a href=\"https:\/\/radiowebmx.com\/nota\/wp-content\/uploads\/2013\/11\/4.jpg\"><img loading=\"lazy\" decoding=\"async\" class=\"alignleft size-full wp-image-4448\" alt=\"4\" src=\"https:\/\/radiowebmx.com\/nota\/wp-content\/uploads\/2013\/11\/4.jpg\" width=\"591\" height=\"273\" \/><\/a>A 60 a\u00f1os del sufragio femenino en M\u00e9xico, se han logrado importantes avances para lograr una mayor participaci\u00f3n de la mujer en el espacio p\u00fablico, sin embargo se requiere seguir impulsando la participaci\u00f3n decidida de las mexicanas en todos los \u00e1mbitos y continuar construyendo alianzas para lograr una sociedad con mayor igualdad de oportunidades para las y los ciudadanos, coincidieron participantes en la mesa denominada \u201cReconocimiento del Voto de la Mujer en M\u00e9xico\u201d.<\/p>\n<p>&nbsp;<\/p>\n<p>El evento fue organizado por el Tribunal Electoral del Estado de Michoac\u00e1n (TEEM), por el Poder Judicial de la Federaci\u00f3n y por la Facultad de Derecho y Ciencias Sociales de la Universidad Michoacana de San Nicol\u00e1s de Hidalgo (UMNSH), en el que particip\u00f3 la secretaria de la Mujer, Consuelo Muro Urista.<\/p>\n<p>&nbsp;<\/p>\n<p>La funcionaria estatal comparti\u00f3 la mesa con la titular del TEEM, Magda Mar\u00eda de Jes\u00fas Garc\u00eda; con el subdirector de la Facultad de Derecho, Tom\u00e1s Vega Mar\u00edn, as\u00ed como con Antonio Ceja Ochoa, magistrado del Quinto Tribunal Colegiado del Centro Auxiliar de la Tercera Regi\u00f3n Morelia.<\/p>\n<p>&nbsp;<\/p>\n<p>Durante su participaci\u00f3n, la secretaria de la Mujer, Consuelo Muro, record\u00f3 como un acto de justicia el que el 17 de octubre de 1953, siendo presidente de la Rep\u00fablica, Adolfo Ruiz Cortines, se publicara en el Diario Oficial el nuevo texto del art\u00edculo 34 Constitucional, donde se reconoc\u00eda el derecho al sufragio femenino.<\/p>\n<p>&nbsp;<\/p>\n<p>Manifest\u00f3 que han sido d\u00e9cadas enteras de una lucha permanente e intensa a favor de una\u00a0 sociedad m\u00e1s justa, incluyente e igualitaria. \u201cPues a pesar de que las mujeres\u00a0 representamos poco m\u00e1s del 51 por ciento del padr\u00f3n electoral y el 43.5 por ciento de la poblaci\u00f3n econ\u00f3micamente activa, seguimos recibiendo en muchos casos un trato de minor\u00eda\u201d.<\/p>\n<p>&nbsp;<\/p>\n<p>Agreg\u00f3 que la exclusi\u00f3n de mujeres de los espacios de toma de decisiones limita las posibilidades de fortificar los principios de democracia en una sociedad, obstaculiza el desarrollo econ\u00f3mico y desalienta el logro de generar condiciones de igualdad entre g\u00e9neros.<\/p>\n<p>&nbsp;<\/p>\n<p>Muro Urista hizo un reconocimiento a la iniciativa del presidente de M\u00e9xico, Enrique Pe\u00f1a Nieto, quien pretende reformar el C\u00f3digo Federal de Instituciones y Procedimientos Electorales, para que los partidos pol\u00edticos est\u00e9n obligados a que el 50 por ciento de sus candidaturas en la C\u00e1mara de Diputados y en el Senado sean para mujeres.<\/p>\n<p>&nbsp;<\/p>\n<p>\u201cSe garantiza adem\u00e1s que las suplentes tambi\u00e9n sean mujeres, evitando cualquier simulaci\u00f3n; sin duda ser\u00e1 un paso decisivo en el camino para lograr la igualdad. Nuestra aspiraci\u00f3n debe ser la paridad y debemos luchar por ella. Porque los cambios no llegan solo por decreto. Hay que trabajar para hacerlos realidad\u201d, agreg\u00f3 la secretaria de la Mujer.<\/p>\n<p>&nbsp;<\/p>\n<p>La funcionaria estatal afirm\u00f3 que a pesar del avance de las mujeres en todos los \u00e1mbitos de la vida p\u00fablica, es necesario seguir impulsando acciones afirmativas que reduzcan de manera significativa las brechas de g\u00e9nero.<\/p>\n<p>&nbsp;<\/p>\n<p>En su turno, la presidenta del TEEM, Magda Mar\u00eda de Jes\u00fas Garc\u00eda, resalt\u00f3 la importancia de la reforma constitucional 1957 en la que se dota de plena ciudadan\u00eda a la mujer, se\u00f1al\u00f3 que ello signific\u00f3 un parteaguas para la evoluci\u00f3n y el reconocimiento de otros derechos de las mujeres.<\/p>\n<p>&nbsp;<\/p>\n<p>Record\u00f3 el caso de las \u201cjuanitas\u201d y celebr\u00f3 los candados que se han puesto para que situaciones como esa no ocurran nuevamente y se cumpla la cuota de g\u00e9nero. Afirm\u00f3 que es necesario continuar aplicando acciones afirmativas que generen mejores condiciones para las mujeres.<\/p>\n<p>&nbsp;<\/p>\n<p>El magistrado Antonio Ceja expuso la problem\u00e1tica que enfrentan las mujeres ind\u00edgenas tanto en el \u00e1mbito p\u00fablico y educativo, por lo que se pronunci\u00f3 por implementar acciones y pol\u00edticas p\u00fablicas que faciliten su pleno desarrollo.<\/p>\n<p>&nbsp;<\/p>\n<p>De igual forma sostuvo que la presencia de las mujeres en el Poder Judicial, a\u00fan es una minor\u00eda, por lo que es necesario crear mayores condiciones de acceso de las mujeres en dicha \u00e1rea.<\/p>\n<p>&nbsp;<\/p>\n<p>Por su parte, el subdirector de la Facultad de Derecho, Tom\u00e1s Vega Mar\u00edn, sostuvo que no solamente hay que hacer un reconocimiento por el derecho constitucional que la mujer adquiri\u00f3 hace 60 a\u00f1os; tambi\u00e9n dijo, es necesario reconocer el papel que tiene la mujer en todos los \u00e1mbitos.\u00a0 \u201cHay que trabajar, pugnar porque la mujer logre mayores espacios pol\u00edticos de primer nivel\u201d, sostuvo.<\/p>\n<p>&nbsp;<\/p>\n<p>En el evento tambi\u00e9n estuvieron presentes el presidente de la Comisi\u00f3n Estatal de Derechos Humanos, Jos\u00e9 Mar\u00eda C\u00e1zares Sol\u00f3rzano; el vocal Ejecutivo del IFE en Michoac\u00e1n, Joaqu\u00edn Rubio S\u00e1nchez; Marbella Ortiz, presidenta del Partido Nueva Alianza; Arturo Castro, director de Asuntos Jur\u00eddicos del Comit\u00e9 Directivo Estatal del Partido Revolucionario Institucional, as\u00ed como magistrados, consejeros del Poder Judicial, y funcionarios\/as estatales.<\/p>\n<p>&nbsp;<\/p>\n","protected":false},"excerpt":{"rendered":"<p>A 60 a\u00f1os del sufragio femenino en M\u00e9xico, se han logrado importantes avances para lograr una mayor participaci\u00f3n de la mujer en el espacio p\u00fablico<\/p>\n","protected":false},"author":1,"featured_media":0,"comment_status":"open","ping_status":"open","sticky":false,"template":"","format":"standard","meta":{"footnotes":""},"categories":[14,3],"tags":[],"class_list":["post-4447","post","type-post","status-publish","format-standard","hentry","category-destacadas","category-gobierno-del-estado-de-michoacan"],"_links":{"self":[{"href":"https:\/\/radiowebmx.com\/nota\/wp-json\/wp\/v2\/posts\/4447","targetHints":{"allow":["GET"]}}],"collection":[{"href":"https:\/\/radiowebmx.com\/nota\/wp-json\/wp\/v2\/posts"}],"about":[{"href":"https:\/\/radiowebmx.com\/nota\/wp-json\/wp\/v2\/types\/post"}],"author":[{"embeddable":true,"href":"https:\/\/radiowebmx.com\/nota\/wp-json\/wp\/v2\/users\/1"}],"replies":[{"embeddable":true,"href":"https:\/\/radiowebmx.com\/nota\/wp-json\/wp\/v2\/comments?post=4447"}],"version-history":[{"count":3,"href":"https:\/\/radiowebmx.com\/nota\/wp-json\/wp\/v2\/posts\/4447\/revisions"}],"predecessor-version":[{"id":4452,"href":"https:\/\/radiowebmx.com\/nota\/wp-json\/wp\/v2\/posts\/4447\/revisions\/4452"}],"wp:attachment":[{"href":"https:\/\/radiowebmx.com\/nota\/wp-json\/wp\/v2\/media?parent=4447"}],"wp:term":[{"taxonomy":"category","embeddable":true,"href":"https:\/\/radiowebmx.com\/nota\/wp-json\/wp\/v2\/categories?post=4447"},{"taxonomy":"post_tag","embeddable":true,"href":"https:\/\/radiowebmx.com\/nota\/wp-json\/wp\/v2\/tags?post=4447"}],"curies":[{"name":"wp","href":"https:\/\/api.w.org\/{rel}","templated":true}]}}