{"id":44457,"date":"2017-09-20T11:54:58","date_gmt":"2017-09-20T16:54:58","guid":{"rendered":"https:\/\/radiowebmx.com\/nota\/?p=44457"},"modified":"2017-09-20T11:54:58","modified_gmt":"2017-09-20T16:54:58","slug":"recaudacion-del-predial-en-ciudad-industrial-se-destinara-a-esta-zona-alfonso-martinez","status":"publish","type":"post","link":"https:\/\/radiowebmx.com\/nota\/recaudacion-del-predial-en-ciudad-industrial-se-destinara-a-esta-zona-alfonso-martinez\/","title":{"rendered":"Recaudaci\u00f3n del predial en Ciudad Industrial se destinar\u00e1 a esta zona: Alfonso Mart\u00ednez"},"content":{"rendered":"<p><a href=\"https:\/\/radiowebmx.com\/nota\/wp-content\/uploads\/2017\/09\/21fd9cfb-ea21-476f-944e-e27a59e35503.jpeg\"><img loading=\"lazy\" decoding=\"async\" class=\"alignnone  wp-image-44459\" src=\"https:\/\/radiowebmx.com\/nota\/wp-content\/uploads\/2017\/09\/21fd9cfb-ea21-476f-944e-e27a59e35503-595x396.jpeg\" alt=\"\" width=\"400\" height=\"266\" srcset=\"https:\/\/radiowebmx.com\/nota\/wp-content\/uploads\/2017\/09\/21fd9cfb-ea21-476f-944e-e27a59e35503-595x396.jpeg 595w, https:\/\/radiowebmx.com\/nota\/wp-content\/uploads\/2017\/09\/21fd9cfb-ea21-476f-944e-e27a59e35503-768x511.jpeg 768w, https:\/\/radiowebmx.com\/nota\/wp-content\/uploads\/2017\/09\/21fd9cfb-ea21-476f-944e-e27a59e35503-960x639.jpeg 960w, https:\/\/radiowebmx.com\/nota\/wp-content\/uploads\/2017\/09\/21fd9cfb-ea21-476f-944e-e27a59e35503-272x182.jpeg 272w, https:\/\/radiowebmx.com\/nota\/wp-content\/uploads\/2017\/09\/21fd9cfb-ea21-476f-944e-e27a59e35503.jpeg 1280w\" sizes=\"auto, (max-width: 400px) 100vw, 400px\" \/><\/a><\/p>\n<p>&nbsp;<\/p>\n<ul>\n<li><strong>El Presidente Municipal dio el banderazo de inicio al Reencarpetamiento de la calle Oriente 4.<\/strong><\/li>\n<li><strong>Esta obra beneficiar\u00e1 a 15 mil vecinos e industriales.<\/strong><\/li>\n<li><strong>\u201dNo queremos hacer las cosas baratas, queremos hacer las cosas bien\u201d, afirm\u00f3 el Alcalde.<\/strong><\/li>\n<\/ul>\n<p>&nbsp;<\/p>\n<p>&nbsp;<\/p>\n<div>Con la consigna de que cada peso que se recupere por concepto de adeudo del impuesto predial en Ciudad Industrial, ser\u00e1 destinado para el mejoramiento de infraestructura vial en esta zona, el Presidente Municipal de Morelia, Alfonso Mart\u00ednez Alc\u00e1zar, encabez\u00f3 el Arranque Oficial al Reencarpetamiento de la calle Oriente 4, en el que se invertir\u00e1n 2.5 millones de pesos en beneficio de 15 mil habitantes.<\/p>\n<p>En compa\u00f1\u00eda del Secretario de Desarrollo Metropolitano e Infraestructura, Juan Fernando Sosa Tapia; los Regidores F\u00e9lix Madrigal Pulido, Salvador Arvizu Cisneros y Germ\u00e1n Ireta Lino; el Secretario T\u00e9cnico del Consejo Ciudadano, Erick Avil\u00e9s Mart\u00ednez; as\u00ed como del Gerente General de Michoacana de Pl\u00e1sticos, Arturo Weber D\u00edas, el Alcalde inform\u00f3 que son cerca de 5 millones de pesos los que de manera global se adeudan por predios ubicados en esta zona.<\/p>\n<p>\u201cQuienes deben el predial no son los due\u00f1os de las f\u00e1bricas que est\u00e1n trabajando y generando empleos, ellos son puntuales y cumplen pagando su predial, m\u00e1s bien son quienes est\u00e1n especulando con la tierra y tienen terrenos, estos son los que no pagan su predial y evitan dos cosas: que se generen empleos y que se puedan mejorar las calles. Por ello, estamos buscando c\u00f3mo se pongan al corriente, para que cada peso que aqu\u00ed se recupere se invierta en esta zona\u201d, explic\u00f3 al tiempo que se\u00f1al\u00f3 que est\u00e1 en comunicaci\u00f3n con la Secretar\u00eda de Desarrollo Econ\u00f3mico Estatal, para efectuar una estrategia de rehabilitaci\u00f3n de otras \u00e1reas.<\/p><\/div>\n<div><\/div>\n<div><a href=\"https:\/\/radiowebmx.com\/nota\/wp-content\/uploads\/2017\/09\/30ff24df-aaae-4792-81f8-7bb1b8e85c37.jpeg\"><img loading=\"lazy\" decoding=\"async\" class=\"alignnone  wp-image-44460\" src=\"https:\/\/radiowebmx.com\/nota\/wp-content\/uploads\/2017\/09\/30ff24df-aaae-4792-81f8-7bb1b8e85c37-595x396.jpeg\" alt=\"\" width=\"401\" height=\"267\" srcset=\"https:\/\/radiowebmx.com\/nota\/wp-content\/uploads\/2017\/09\/30ff24df-aaae-4792-81f8-7bb1b8e85c37-595x396.jpeg 595w, https:\/\/radiowebmx.com\/nota\/wp-content\/uploads\/2017\/09\/30ff24df-aaae-4792-81f8-7bb1b8e85c37-768x511.jpeg 768w, https:\/\/radiowebmx.com\/nota\/wp-content\/uploads\/2017\/09\/30ff24df-aaae-4792-81f8-7bb1b8e85c37-960x639.jpeg 960w, https:\/\/radiowebmx.com\/nota\/wp-content\/uploads\/2017\/09\/30ff24df-aaae-4792-81f8-7bb1b8e85c37-272x182.jpeg 272w, https:\/\/radiowebmx.com\/nota\/wp-content\/uploads\/2017\/09\/30ff24df-aaae-4792-81f8-7bb1b8e85c37.jpeg 1280w\" sizes=\"auto, (max-width: 401px) 100vw, 401px\" \/><\/a><\/div>\n<div>\n<p>Alfonso Mart\u00ednez, recalc\u00f3 la apremiante necesidad de que se rehabiliten las vialidades de Ciudad Industrial, mismas que fueron construidas desde hace muchos a\u00f1os y en las que por lo general transitan veh\u00edculos de carga pesada, por lo que sufren un mayor deterioro. De ah\u00ed, agreg\u00f3, es que la actual Administraci\u00f3n, inicia con el reencarpetamiento de la calle Oriente 4, que impactar\u00e1 positivamente en 15 mil vecinos e industriales.<\/p>\n<p>En este tenor, indic\u00f3 que en esta obra, al igual que el resto que se ejecutan en la ciudad, se efectuar\u00e1 con los m\u00e1s altos est\u00e1ndares de calidad, \u201cno queremos hacer las cosas baratas, queremos hacer las cosas bien y que se cumpla con la caracter\u00edsticas que requiere esta calle\u201d.<\/p>\n<p>Al hacer uso de la voz, Sosa Tapia, detall\u00f3 que los trabajos de reencarpetamiento no s\u00f3lo contemplan la colocaci\u00f3n de carpeta asf\u00e1ltica de 8 cent\u00edmetros, tambi\u00e9n se mejorar\u00e1 la estructura que soporta el pavimento en un espesor de 80 a 90 cent\u00edmetros, se pondr\u00e1 una capa de filtro y se\u00f1alamientos, con lo que se garantizar\u00e1 que esta obra sea duradera.<\/p>\n<p>Es de se\u00f1alar que la ruta alterna para quienes circulan por esta zona de la ciudad es la calle Norte 4, la cu\u00e1l ser\u00e1 de doble sentido para as\u00ed liberar la carga vehicular.<\/p><\/div>\n","protected":false},"excerpt":{"rendered":"<p>&nbsp; El Presidente Municipal dio el banderazo de inicio al Reencarpetamiento de la calle Oriente 4. Esta obra beneficiar\u00e1 a 15 mil vecinos e industriales. \u201dNo queremos hacer las cosas baratas, queremos hacer las cosas bien\u201d, afirm\u00f3 el Alcalde. &nbsp; &nbsp; Con la consigna de que cada peso que se recupere por concepto de adeudo [&hellip;]<\/p>\n","protected":false},"author":2,"featured_media":44458,"comment_status":"closed","ping_status":"closed","sticky":false,"template":"","format":"standard","meta":{"footnotes":""},"categories":[14,60,9],"tags":[],"class_list":["post-44457","post","type-post","status-publish","format-standard","has-post-thumbnail","hentry","category-destacadas","category-michoacan","category-morelia"],"_links":{"self":[{"href":"https:\/\/radiowebmx.com\/nota\/wp-json\/wp\/v2\/posts\/44457","targetHints":{"allow":["GET"]}}],"collection":[{"href":"https:\/\/radiowebmx.com\/nota\/wp-json\/wp\/v2\/posts"}],"about":[{"href":"https:\/\/radiowebmx.com\/nota\/wp-json\/wp\/v2\/types\/post"}],"author":[{"embeddable":true,"href":"https:\/\/radiowebmx.com\/nota\/wp-json\/wp\/v2\/users\/2"}],"replies":[{"embeddable":true,"href":"https:\/\/radiowebmx.com\/nota\/wp-json\/wp\/v2\/comments?post=44457"}],"version-history":[{"count":1,"href":"https:\/\/radiowebmx.com\/nota\/wp-json\/wp\/v2\/posts\/44457\/revisions"}],"predecessor-version":[{"id":44461,"href":"https:\/\/radiowebmx.com\/nota\/wp-json\/wp\/v2\/posts\/44457\/revisions\/44461"}],"wp:featuredmedia":[{"embeddable":true,"href":"https:\/\/radiowebmx.com\/nota\/wp-json\/wp\/v2\/media\/44458"}],"wp:attachment":[{"href":"https:\/\/radiowebmx.com\/nota\/wp-json\/wp\/v2\/media?parent=44457"}],"wp:term":[{"taxonomy":"category","embeddable":true,"href":"https:\/\/radiowebmx.com\/nota\/wp-json\/wp\/v2\/categories?post=44457"},{"taxonomy":"post_tag","embeddable":true,"href":"https:\/\/radiowebmx.com\/nota\/wp-json\/wp\/v2\/tags?post=44457"}],"curies":[{"name":"wp","href":"https:\/\/api.w.org\/{rel}","templated":true}]}}