{"id":44453,"date":"2017-09-19T17:10:32","date_gmt":"2017-09-19T22:10:32","guid":{"rendered":"https:\/\/radiowebmx.com\/nota\/?p=44453"},"modified":"2017-09-20T11:52:26","modified_gmt":"2017-09-20T16:52:26","slug":"valida-unesco-trabajo-por-erradicar-aulas-de-palitos-en-michoacan","status":"publish","type":"post","link":"https:\/\/radiowebmx.com\/nota\/valida-unesco-trabajo-por-erradicar-aulas-de-palitos-en-michoacan\/","title":{"rendered":"Valida UNESCO trabajo por erradicar aulas \u201cde palitos\u201d en Michoac\u00e1n"},"content":{"rendered":"<p><a href=\"https:\/\/radiowebmx.com\/nota\/wp-content\/uploads\/2017\/09\/137a779b-9073-489b-9f27-01abb19f3dc0.jpg\"><img loading=\"lazy\" decoding=\"async\" class=\"alignnone  wp-image-44455\" src=\"https:\/\/radiowebmx.com\/nota\/wp-content\/uploads\/2017\/09\/137a779b-9073-489b-9f27-01abb19f3dc0-595x397.jpg\" alt=\"\" width=\"399\" height=\"266\" srcset=\"https:\/\/radiowebmx.com\/nota\/wp-content\/uploads\/2017\/09\/137a779b-9073-489b-9f27-01abb19f3dc0-595x397.jpg 595w, https:\/\/radiowebmx.com\/nota\/wp-content\/uploads\/2017\/09\/137a779b-9073-489b-9f27-01abb19f3dc0-768x512.jpg 768w, https:\/\/radiowebmx.com\/nota\/wp-content\/uploads\/2017\/09\/137a779b-9073-489b-9f27-01abb19f3dc0-960x640.jpg 960w, https:\/\/radiowebmx.com\/nota\/wp-content\/uploads\/2017\/09\/137a779b-9073-489b-9f27-01abb19f3dc0-272x182.jpg 272w, https:\/\/radiowebmx.com\/nota\/wp-content\/uploads\/2017\/09\/137a779b-9073-489b-9f27-01abb19f3dc0.jpg 1280w\" sizes=\"auto, (max-width: 399px) 100vw, 399px\" \/><\/a><\/p>\n<p>&nbsp;<\/p>\n<ul>\n<li><strong>La Oficial Nacional de Educaci\u00f3n en la UNESCO, Rosa Wolpert, atestigua las acciones realizadas en primaria \u201cL\u00e1zaro C\u00e1rdenas\u201d, en la capital michoacana.<\/strong><\/li>\n<li><strong>En conjunto con la titular del IIFEEM, Mar\u00eda Guadalupe D\u00edaz Chagolla, presiden la inauguraci\u00f3n de la primera etapa de la construcci\u00f3n y rehabilitaci\u00f3n del mismos plantel.\u00a0<\/strong><\/li>\n<\/ul>\n<p><strong>Morelia, Michoac\u00e1n, a 19 de septiembre de 2017.-\u00a0<\/strong>La Oficial Nacional de Educaci\u00f3n de la Organizaci\u00f3n de las Naciones Unidas para la Educaci\u00f3n, Ciencia y la Cultura (UNESCO), Rosa Wolpert, arrib\u00f3 esta ma\u00f1ana a Michoac\u00e1n para atestiguar los avances de la erradicaci\u00f3n de las aulas \u201cde palitos\u201d en la entidad, a trav\u00e9s del programa Escuelas al CIEN.<\/p>\n<p>Al acompa\u00f1ar a la titular del Instituto de Infraestructura F\u00edsica y Educativa del Estado, Mar\u00eda Guadalupe D\u00edaz Chagolla a la inauguraci\u00f3n de las aulas de la escuela primaria &#8220;L\u00e1zaro C\u00e1rdenas&#8221;, mismas que hoy dejan de ser \u201cde palitos\u201d para convertirse en espacios dignos y equipados, se dio a conocer que hasta el momento en Michoac\u00e1n se presenta un avance de 271 planteles intervenidos y reconocidos, con una inversi\u00f3n de 120 millones de pesos a trav\u00e9s del Programa Escuelas al CIEN.<\/p>\n<p>&#8220;Estamos visitando escuelas de todo el pa\u00eds y Michoac\u00e1n no es la excepci\u00f3n, queremos conocer los alcances que se presentan hasta el momento y el impacto que \u00e9stos generan y que deben cobijar y hacer sentir seguros a las y los ni\u00f1os del plantel&#8221;, destac\u00f3 Rosa Wolpert.<\/p>\n<p>Por su parte, D\u00edaz Chagolla agradeci\u00f3 la presencia de la Oficial Nacional de Educaci\u00f3n de la UNESCO en este plantel de la colonia Jos\u00e9 Vasconcelos, a quien le comparti\u00f3 que pese a las carencias, por instrucci\u00f3n del Gobernador Silvano Aureoles Conejo, en Michoac\u00e1n se trabaja arduamente para erradicar y sustituir las aulas \u201cde palitos\u201d, en una acci\u00f3n transversal para abatir el rezago educativo y mejorar la calidad de vida de las y los ni\u00f1os michoacanos.<\/p>\n<p>En este evento en el que adem\u00e1s estuvieron presentes padres de familia, estudiantes de la primaria, autoridades estatales y federales, se detall\u00f3 que con la aportaci\u00f3n cercana al mill\u00f3n de pesos, el IIFEEM realiz\u00f3 en una primera etapa la construcci\u00f3n de tres aulas y otorg\u00f3 la dotaci\u00f3n de mobiliario para cada una de ellas, acciones que en su conjunto beneficiar\u00e1n a 150 estudiantes.<\/p>\n<p>Adem\u00e1s, D\u00edaz Chagolla expuso que habr\u00e1 una segunda etapa, en la que se terminar\u00e1 un aula y ser\u00e1 construida otra m\u00e1s, as\u00ed como la construcci\u00f3n del m\u00f3dulo de servicios sanitarios y la entrega de mobiliario, acciones que requerir\u00e1n una aportaci\u00f3n de un mill\u00f3n 200 mil pesos.<\/p>\n<p>&#8220;Sabemos las carencias que existen en Michoac\u00e1n en materia educativa, pero no podemos negar que se ha trabajado duro para erradicarlas y hemos avanzado a pasos firmes porque estamos haciendo las cosas bien&#8221;, acot\u00f3.<\/p>\n<p>En representaci\u00f3n del Gobernador Constitucional Silvano Aureoles, el Coordinador de Asesores del mandatario, Antonio Soto S\u00e1nchez, refrend\u00f3 su compromiso con la ni\u00f1ez michoacana y su educaci\u00f3n, al se\u00f1alar que en todo el estado se trabaja para brindar m\u00e1s y mejores condiciones que permitan elevar el nivel educativo.<\/p>\n<p>Las integrantes del Comit\u00e9 de Padres de Familia se dijeron agradecidas por las obras de alto impacto que vendr\u00e1n a mejorar la vida de sus hijos; &#8220;ustedes s\u00ed que nos han hecho mucho caso al atender todas las necesidades de las escuelas, qu\u00e9 bueno es saber que el Gobierno trabaja para brindarles un mejor futuro a nuestros menores&#8221;.<\/p>\n<p>Es importante recordar que el pasado 3 de mayo, la UNESCO, en conjunto con el Instituto Nacional de la Infraestructura F\u00edsica Educativa (INIFED) firmaron un convenio de colaboraci\u00f3n, en el que evaluar\u00e1n a 15 escuelas del pa\u00eds que se atendieron a trav\u00e9s de Escuelas al CIEN, incluyendo a Michoac\u00e1n.<\/p>\n<p>En el evento tambi\u00e9n estuvieron presentes Javier Hern\u00e1ndez Morales, director de la Escuela Primaria; Irma Irene Ontiveros, presidenta del Comit\u00e9 de Padre de Familia y Aar\u00f3n Adri\u00e1n Pichardo V\u00e1zquez, coordinador estatal del Programa Escuelas al CIEN.<\/p>\n","protected":false},"excerpt":{"rendered":"<p>&nbsp; La Oficial Nacional de Educaci\u00f3n en la UNESCO, Rosa Wolpert, atestigua las acciones realizadas en primaria \u201cL\u00e1zaro C\u00e1rdenas\u201d, en la capital michoacana. En conjunto con la titular del IIFEEM, Mar\u00eda Guadalupe D\u00edaz Chagolla, presiden la inauguraci\u00f3n de la primera etapa de la construcci\u00f3n y rehabilitaci\u00f3n del mismos plantel.\u00a0 Morelia, Michoac\u00e1n, a 19 de septiembre [&hellip;]<\/p>\n","protected":false},"author":2,"featured_media":44454,"comment_status":"closed","ping_status":"closed","sticky":false,"template":"","format":"standard","meta":{"footnotes":""},"categories":[14,3,60],"tags":[],"class_list":["post-44453","post","type-post","status-publish","format-standard","has-post-thumbnail","hentry","category-destacadas","category-gobierno-del-estado-de-michoacan","category-michoacan"],"_links":{"self":[{"href":"https:\/\/radiowebmx.com\/nota\/wp-json\/wp\/v2\/posts\/44453","targetHints":{"allow":["GET"]}}],"collection":[{"href":"https:\/\/radiowebmx.com\/nota\/wp-json\/wp\/v2\/posts"}],"about":[{"href":"https:\/\/radiowebmx.com\/nota\/wp-json\/wp\/v2\/types\/post"}],"author":[{"embeddable":true,"href":"https:\/\/radiowebmx.com\/nota\/wp-json\/wp\/v2\/users\/2"}],"replies":[{"embeddable":true,"href":"https:\/\/radiowebmx.com\/nota\/wp-json\/wp\/v2\/comments?post=44453"}],"version-history":[{"count":1,"href":"https:\/\/radiowebmx.com\/nota\/wp-json\/wp\/v2\/posts\/44453\/revisions"}],"predecessor-version":[{"id":44456,"href":"https:\/\/radiowebmx.com\/nota\/wp-json\/wp\/v2\/posts\/44453\/revisions\/44456"}],"wp:featuredmedia":[{"embeddable":true,"href":"https:\/\/radiowebmx.com\/nota\/wp-json\/wp\/v2\/media\/44454"}],"wp:attachment":[{"href":"https:\/\/radiowebmx.com\/nota\/wp-json\/wp\/v2\/media?parent=44453"}],"wp:term":[{"taxonomy":"category","embeddable":true,"href":"https:\/\/radiowebmx.com\/nota\/wp-json\/wp\/v2\/categories?post=44453"},{"taxonomy":"post_tag","embeddable":true,"href":"https:\/\/radiowebmx.com\/nota\/wp-json\/wp\/v2\/tags?post=44453"}],"curies":[{"name":"wp","href":"https:\/\/api.w.org\/{rel}","templated":true}]}}