{"id":44445,"date":"2017-09-19T20:24:22","date_gmt":"2017-09-20T01:24:22","guid":{"rendered":"https:\/\/radiowebmx.com\/nota\/?p=44445"},"modified":"2017-09-20T11:46:15","modified_gmt":"2017-09-20T16:46:15","slug":"proteccion-civil-y-bomberos-de-morelia-apuesta-a-la-prevencion-alfonso-martinez","status":"publish","type":"post","link":"https:\/\/radiowebmx.com\/nota\/proteccion-civil-y-bomberos-de-morelia-apuesta-a-la-prevencion-alfonso-martinez\/","title":{"rendered":"Protecci\u00f3n Civil y Bomberos de Morelia, apuesta a la prevenci\u00f3n: Alfonso Mart\u00ednez"},"content":{"rendered":"<p><a href=\"https:\/\/radiowebmx.com\/nota\/wp-content\/uploads\/2017\/09\/4871ee96-8f35-4c90-ba7c-7fc49ae9a217.jpeg\"><img loading=\"lazy\" decoding=\"async\" class=\"alignnone  wp-image-44447\" src=\"https:\/\/radiowebmx.com\/nota\/wp-content\/uploads\/2017\/09\/4871ee96-8f35-4c90-ba7c-7fc49ae9a217-595x396.jpeg\" alt=\"\" width=\"401\" height=\"267\" srcset=\"https:\/\/radiowebmx.com\/nota\/wp-content\/uploads\/2017\/09\/4871ee96-8f35-4c90-ba7c-7fc49ae9a217-595x396.jpeg 595w, https:\/\/radiowebmx.com\/nota\/wp-content\/uploads\/2017\/09\/4871ee96-8f35-4c90-ba7c-7fc49ae9a217-768x511.jpeg 768w, https:\/\/radiowebmx.com\/nota\/wp-content\/uploads\/2017\/09\/4871ee96-8f35-4c90-ba7c-7fc49ae9a217-960x639.jpeg 960w, https:\/\/radiowebmx.com\/nota\/wp-content\/uploads\/2017\/09\/4871ee96-8f35-4c90-ba7c-7fc49ae9a217-272x182.jpeg 272w, https:\/\/radiowebmx.com\/nota\/wp-content\/uploads\/2017\/09\/4871ee96-8f35-4c90-ba7c-7fc49ae9a217.jpeg 1280w\" sizes=\"auto, (max-width: 401px) 100vw, 401px\" \/><\/a><\/p>\n<p>&nbsp;<\/p>\n<p>Con el compromiso de fortalecer al cuerpo de Protecci\u00f3n Civil Municipal para que contin\u00fae con la prevenci\u00f3n y r\u00e1pida respuesta ante los casos de emergencia que se presentan en la capital del estado, el Alcalde, Alfonso Mart\u00ednez Alc\u00e1zar, encabez\u00f3 este martes el Aniversario del D\u00eda Nacional de Protecci\u00f3n Civil, evento en el cual se anunci\u00f3 la publicaci\u00f3n en el Peri\u00f3dico Oficial del Gobierno del Estado del nuevo Reglamento en la materia y se tom\u00f3 protesta a los integrantes del Consejo respectivo.<\/p>\n<p>Reunido en el Patio Principal de Palacio Municipal y con la presencia del Secretario del Ayuntamiento, Jes\u00fas \u00c1valos Plata; el Tesorero Municipal, Alberto Guzm\u00e1n D\u00edaz; los Regidores Adela Alejandre Flores y F\u00e9lix Madrigal Pulido; el Secretario de Desarrollo Humano y Bienestar Social, Guillermo Mar\u00edn Ch\u00e1vez; as\u00ed como el Eduardo Ram\u00edrez Canals, Coordinador de Protecci\u00f3n Civil y Bomberos de Morelia, se dijo consciente de las necesidades del cuerpo de auxilio, por lo que asegur\u00f3 que se buscar\u00e1 mejorar sus condiciones.<\/p>\n<p>El Presidente Municipal, reconoci\u00f3 la loable labor que realizan al apostar muy fuerte en el tema de prevenci\u00f3n para garantizar la integridad f\u00edsica de las familias morelianas, a trav\u00e9s de la inspecci\u00f3n permanente en instituciones educativas y establecimientos comerciales, pues refiri\u00f3 que no \u201ces un tema menor\u201d ante el latente riesgo que pueden sufrir estos espacios.<\/p>\n<p>Asimismo, record\u00f3 que fue despu\u00e9s del sismo de 1985 que se cre\u00f3 el Sistema Nacional de Protecci\u00f3n Civil, \u201cen el pa\u00eds han pasado hechos, como el terremoto del 85 que marc\u00f3 la historia del pa\u00eds y a la sociedad y los cuales resaltaron la capacidad de organizaci\u00f3n y solidaridad del pueblo mexicano\u201d y que hoy, a\u00f1adi\u00f3, obligan a las autoridades a tomar mayores medidas de precauci\u00f3n.<\/p>\n<p>En este sentido, el Secretario del Ayuntamiento, Jes\u00fas \u00c1valos, subray\u00f3 que en esta temporada de fuertes lluvias y huracanes, e incluso ante los sismos registrados, la Coordinaci\u00f3n de Protecci\u00f3n Civil y Bomberos de Morelia ha estado en alerta permanente para proteger la vida y el patrimonio de los morelianos; \u201csiempre listos para proteger, ayudar, organizar y en su caso evacuar a la poblaci\u00f3n en peligro, y auxiliarla\u201d.<\/p>\n<p>A\u00f1adi\u00f3 que muestra de la responsabilidad social de la actual Administraci\u00f3n en este tema, es que tras 20 a\u00f1os de no actualizar y fortalecer la normatividad en esta materia en Morelia, el Ayuntamiento capitalino cuenta con un nuevo Reglamento Municipal de Protecci\u00f3n Civil, el cual fue publicado el pasado primero de septiembre en el Peri\u00f3dico Oficial del Gobierno Constitucional del Estado de Michoac\u00e1n de Ocampo, el cual destaca la creaci\u00f3n de todo un Sistema Municipal de Protecci\u00f3n Civil con el \u00fanico prop\u00f3sito de coordinar esfuerzos y capacidades para proteger a las personas, mediante la prevenci\u00f3n y atenci\u00f3n, ante posibles contingencias.<\/p>\n<p>Al hacer uso de la voz, Ram\u00edrez Canals, se\u00f1al\u00f3 que por decreto Presidencial se declar\u00f3 el 19 de septiembre de cada a\u00f1o como D\u00eda Nacional de Protecci\u00f3n Civil, fecha que dijo, es fundamental para reflexionar sobre la trascendencia de su trabajo.<\/p>\n<p>\u201cA partir de una simple inspecci\u00f3n, un dictamen, una recomendaci\u00f3n t\u00e9cnica, una buena valoraci\u00f3n de los programas de protecci\u00f3n civil, estamos salvando vidas. Somos nosotros una pieza importante en este sistema que busca mitigar y prevenir, dar certeza y fortaleza al bienestar de los morelianos y consecuentemente de sus bienes materiales\u201d, afirm\u00f3 al tiempo que refrend\u00f3 su compromiso por seguir trabajando por el cuidado de la ciudadan\u00eda.<\/p>\n<p>Posteriormente, el Presidente Municipal entreg\u00f3 reconocimientos a los integrantes del Comit\u00e9 de Prevenci\u00f3n de Inundaciones y tom\u00f3 protesta a los integrantes del Consejo de Protecci\u00f3n Civil de Morelia, \u00f3rgano gubernamental y de coordinaci\u00f3n interna de consulta, planeaci\u00f3n y supervisi\u00f3n del Sistema que tiene como fin proteger la vida, la salud y el patrimonio de las personas, la planta productiva, la prestaci\u00f3n de servicios p\u00fablicos y el medio ambiente, ante los riesgos, emergencias o desastres, producidos por causas de origen natural o humano.<\/p>\n<p>Este cuerpo colegiado est\u00e1 conformado por el Alcalde, como Presidente del mismo; el Secretario del Ayuntamiento, Jes\u00fas \u00c1valos, quien fungir\u00e1 como Secretario Ejecutivo; el Coordinador de Protecci\u00f3n Civil, Eduardo Ram\u00edrez, como Secretario T\u00e9cnico; el Tesorero, Alberto Guzm\u00e1n D\u00edaz; el S\u00edndico, Fabio Sistos Rangel; el Secretario de Efectividad e Innovaci\u00f3n Gubernamental, Antonio Plaza; el Secretario de Administraci\u00f3n, Yankel Ben\u00edtez; el Secretario de Desarrollo Metropolitano e Infraestructura, Juan Sosa; el Secretario de Desarrollo Humano y Bienestar Social, Guillermo Mar\u00edn; el Comisionado Municipal, Bernardo Le\u00f3n; as\u00ed como los Regidores Adela Alejandre, F\u00e9lix Madrigal, Salvador Arvizu y Jorge Tinoco.<\/p>\n","protected":false},"excerpt":{"rendered":"<p>&nbsp; Con el compromiso de fortalecer al cuerpo de Protecci\u00f3n Civil Municipal para que contin\u00fae con la prevenci\u00f3n y r\u00e1pida respuesta ante los casos de emergencia que se presentan en la capital del estado, el Alcalde, Alfonso Mart\u00ednez Alc\u00e1zar, encabez\u00f3 este martes el Aniversario del D\u00eda Nacional de Protecci\u00f3n Civil, evento en el cual se [&hellip;]<\/p>\n","protected":false},"author":2,"featured_media":44446,"comment_status":"closed","ping_status":"closed","sticky":false,"template":"","format":"standard","meta":{"footnotes":""},"categories":[14,60,9],"tags":[],"class_list":["post-44445","post","type-post","status-publish","format-standard","has-post-thumbnail","hentry","category-destacadas","category-michoacan","category-morelia"],"_links":{"self":[{"href":"https:\/\/radiowebmx.com\/nota\/wp-json\/wp\/v2\/posts\/44445","targetHints":{"allow":["GET"]}}],"collection":[{"href":"https:\/\/radiowebmx.com\/nota\/wp-json\/wp\/v2\/posts"}],"about":[{"href":"https:\/\/radiowebmx.com\/nota\/wp-json\/wp\/v2\/types\/post"}],"author":[{"embeddable":true,"href":"https:\/\/radiowebmx.com\/nota\/wp-json\/wp\/v2\/users\/2"}],"replies":[{"embeddable":true,"href":"https:\/\/radiowebmx.com\/nota\/wp-json\/wp\/v2\/comments?post=44445"}],"version-history":[{"count":1,"href":"https:\/\/radiowebmx.com\/nota\/wp-json\/wp\/v2\/posts\/44445\/revisions"}],"predecessor-version":[{"id":44448,"href":"https:\/\/radiowebmx.com\/nota\/wp-json\/wp\/v2\/posts\/44445\/revisions\/44448"}],"wp:featuredmedia":[{"embeddable":true,"href":"https:\/\/radiowebmx.com\/nota\/wp-json\/wp\/v2\/media\/44446"}],"wp:attachment":[{"href":"https:\/\/radiowebmx.com\/nota\/wp-json\/wp\/v2\/media?parent=44445"}],"wp:term":[{"taxonomy":"category","embeddable":true,"href":"https:\/\/radiowebmx.com\/nota\/wp-json\/wp\/v2\/categories?post=44445"},{"taxonomy":"post_tag","embeddable":true,"href":"https:\/\/radiowebmx.com\/nota\/wp-json\/wp\/v2\/tags?post=44445"}],"curies":[{"name":"wp","href":"https:\/\/api.w.org\/{rel}","templated":true}]}}