{"id":44428,"date":"2017-09-20T10:45:48","date_gmt":"2017-09-20T15:45:48","guid":{"rendered":"https:\/\/radiowebmx.com\/nota\/?p=44428"},"modified":"2017-09-20T11:06:58","modified_gmt":"2017-09-20T16:06:58","slug":"llama-dif-michoacan-a-la-solidaridad","status":"publish","type":"post","link":"https:\/\/radiowebmx.com\/nota\/llama-dif-michoacan-a-la-solidaridad\/","title":{"rendered":"Llama DIF Michoac\u00e1n a la solidaridad"},"content":{"rendered":"<p><a href=\"https:\/\/radiowebmx.com\/nota\/wp-content\/uploads\/2017\/09\/18786153-5092-411d-9e45-536f7e28e52a.jpg\"><img loading=\"lazy\" decoding=\"async\" class=\"alignnone  wp-image-44430\" src=\"https:\/\/radiowebmx.com\/nota\/wp-content\/uploads\/2017\/09\/18786153-5092-411d-9e45-536f7e28e52a-595x595.jpg\" alt=\"\" width=\"400\" height=\"400\" srcset=\"https:\/\/radiowebmx.com\/nota\/wp-content\/uploads\/2017\/09\/18786153-5092-411d-9e45-536f7e28e52a-595x595.jpg 595w, https:\/\/radiowebmx.com\/nota\/wp-content\/uploads\/2017\/09\/18786153-5092-411d-9e45-536f7e28e52a-768x768.jpg 768w, https:\/\/radiowebmx.com\/nota\/wp-content\/uploads\/2017\/09\/18786153-5092-411d-9e45-536f7e28e52a-960x960.jpg 960w, https:\/\/radiowebmx.com\/nota\/wp-content\/uploads\/2017\/09\/18786153-5092-411d-9e45-536f7e28e52a-400x400.jpg 400w, https:\/\/radiowebmx.com\/nota\/wp-content\/uploads\/2017\/09\/18786153-5092-411d-9e45-536f7e28e52a-800x800.jpg 800w, https:\/\/radiowebmx.com\/nota\/wp-content\/uploads\/2017\/09\/18786153-5092-411d-9e45-536f7e28e52a-120x120.jpg 120w, https:\/\/radiowebmx.com\/nota\/wp-content\/uploads\/2017\/09\/18786153-5092-411d-9e45-536f7e28e52a-600x600.jpg 600w, https:\/\/radiowebmx.com\/nota\/wp-content\/uploads\/2017\/09\/18786153-5092-411d-9e45-536f7e28e52a.jpg 1200w\" sizes=\"auto, (max-width: 400px) 100vw, 400px\" \/><\/a><\/p>\n<p>&nbsp;<\/p>\n<ul>\n<li><strong>Recibe el Centro de Acopio donaciones en oficinas centrales del DIF.<\/strong><\/li>\n<\/ul>\n<p><strong>Morelia, Michoac\u00e1n, a 20 de septiembre de 2017.-<\/strong>\u00a0Con un llamado a la solidaridad, el Sistema para el Desarrollo Integral de la Familia (DIF) Michoac\u00e1n invita a toda la poblaci\u00f3n a donar y apoyar a las personas que resultaron afectadas por los sismos registrados en los \u00faltimos d\u00edas en varios estados del pa\u00eds.<\/p>\n<p>La directora general del Sistema DIF Michoac\u00e1n, Roc\u00edo Beamonte Romero, afirm\u00f3 que ante la tragedia los michoacanos y mexicanos siempre hemos brindado ayuda a quien la requiere y en esta ocasi\u00f3n no es la excepci\u00f3n, por lo que se abri\u00f3 un Centro de Acopio para reunir diversos productos y enviarlos a las zonas afectadas.<\/p>\n<p>Roc\u00edo Beamonte detall\u00f3 que se ha establecido una coordinaci\u00f3n con las instancias estatales y federales, as\u00ed como con el Sistema DIF Nacional para no duplicar los esfuerzos y que la ayuda llegue a quienes la requieren.<\/p>\n<p>Precis\u00f3 que en esta ocasi\u00f3n se solicitan alimentos enlatados y no perecederos, agua embotellada, pa\u00f1ales, as\u00ed como art\u00edculos de aseo personal.<\/p>\n<p>El Centro de Acopio se encuentra ubicado en la Av. Acueducto esquina Ventura Puente, frente a la Plaza Jard\u00edn Morelos, en un horario de 8 de la ma\u00f1ana a 7 de la noche.<\/p>\n","protected":false},"excerpt":{"rendered":"<p>&nbsp; Recibe el Centro de Acopio donaciones en oficinas centrales del DIF. Morelia, Michoac\u00e1n, a 20 de septiembre de 2017.-\u00a0Con un llamado a la solidaridad, el Sistema para el Desarrollo Integral de la Familia (DIF) Michoac\u00e1n invita a toda la poblaci\u00f3n a donar y apoyar a las personas que resultaron afectadas por los sismos registrados [&hellip;]<\/p>\n","protected":false},"author":2,"featured_media":44429,"comment_status":"closed","ping_status":"closed","sticky":false,"template":"","format":"standard","meta":{"footnotes":""},"categories":[14,3,60],"tags":[],"class_list":["post-44428","post","type-post","status-publish","format-standard","has-post-thumbnail","hentry","category-destacadas","category-gobierno-del-estado-de-michoacan","category-michoacan"],"_links":{"self":[{"href":"https:\/\/radiowebmx.com\/nota\/wp-json\/wp\/v2\/posts\/44428","targetHints":{"allow":["GET"]}}],"collection":[{"href":"https:\/\/radiowebmx.com\/nota\/wp-json\/wp\/v2\/posts"}],"about":[{"href":"https:\/\/radiowebmx.com\/nota\/wp-json\/wp\/v2\/types\/post"}],"author":[{"embeddable":true,"href":"https:\/\/radiowebmx.com\/nota\/wp-json\/wp\/v2\/users\/2"}],"replies":[{"embeddable":true,"href":"https:\/\/radiowebmx.com\/nota\/wp-json\/wp\/v2\/comments?post=44428"}],"version-history":[{"count":1,"href":"https:\/\/radiowebmx.com\/nota\/wp-json\/wp\/v2\/posts\/44428\/revisions"}],"predecessor-version":[{"id":44431,"href":"https:\/\/radiowebmx.com\/nota\/wp-json\/wp\/v2\/posts\/44428\/revisions\/44431"}],"wp:featuredmedia":[{"embeddable":true,"href":"https:\/\/radiowebmx.com\/nota\/wp-json\/wp\/v2\/media\/44429"}],"wp:attachment":[{"href":"https:\/\/radiowebmx.com\/nota\/wp-json\/wp\/v2\/media?parent=44428"}],"wp:term":[{"taxonomy":"category","embeddable":true,"href":"https:\/\/radiowebmx.com\/nota\/wp-json\/wp\/v2\/categories?post=44428"},{"taxonomy":"post_tag","embeddable":true,"href":"https:\/\/radiowebmx.com\/nota\/wp-json\/wp\/v2\/tags?post=44428"}],"curies":[{"name":"wp","href":"https:\/\/api.w.org\/{rel}","templated":true}]}}