{"id":44425,"date":"2017-09-20T00:41:57","date_gmt":"2017-09-20T05:41:57","guid":{"rendered":"https:\/\/radiowebmx.com\/nota\/?p=44425"},"modified":"2017-09-20T00:41:57","modified_gmt":"2017-09-20T05:41:57","slug":"evalua-gcm-situacion-en-michoacan-tras-sismo","status":"publish","type":"post","link":"https:\/\/radiowebmx.com\/nota\/evalua-gcm-situacion-en-michoacan-tras-sismo\/","title":{"rendered":"Eval\u00faa GCM situaci\u00f3n en Michoac\u00e1n tras sismo"},"content":{"rendered":"<p><span class=\"_3oh- _58nk\">\u00a0\u2022 El Gobernador gira instrucciones al personal de PC estatal a desplegarse en todos los municipios para apoyar a la poblaci\u00f3n que lo requiera.<\/span><\/p>\n<p><span class=\"_3oh- _58nk\"> \u2022 Silvano Aureoles convoca a apoyar con v\u00edveres a las y los damnificados de CDMX, Morelos, Puebla, Guerrero y Oaxaca. <\/span><\/p>\n<p><span class=\"_3oh- _58nk\"><a href=\"https:\/\/radiowebmx.com\/nota\/wp-content\/uploads\/2017\/09\/21617464_860604550731460_1565888945333648657_n.jpg\"><img loading=\"lazy\" decoding=\"async\" class=\"alignnone  wp-image-44426\" src=\"https:\/\/radiowebmx.com\/nota\/wp-content\/uploads\/2017\/09\/21617464_860604550731460_1565888945333648657_n-595x595.jpg\" alt=\"\" width=\"394\" height=\"394\" srcset=\"https:\/\/radiowebmx.com\/nota\/wp-content\/uploads\/2017\/09\/21617464_860604550731460_1565888945333648657_n-595x595.jpg 595w, https:\/\/radiowebmx.com\/nota\/wp-content\/uploads\/2017\/09\/21617464_860604550731460_1565888945333648657_n-768x768.jpg 768w, https:\/\/radiowebmx.com\/nota\/wp-content\/uploads\/2017\/09\/21617464_860604550731460_1565888945333648657_n.jpg 960w, https:\/\/radiowebmx.com\/nota\/wp-content\/uploads\/2017\/09\/21617464_860604550731460_1565888945333648657_n-400x400.jpg 400w, https:\/\/radiowebmx.com\/nota\/wp-content\/uploads\/2017\/09\/21617464_860604550731460_1565888945333648657_n-800x800.jpg 800w, https:\/\/radiowebmx.com\/nota\/wp-content\/uploads\/2017\/09\/21617464_860604550731460_1565888945333648657_n-120x120.jpg 120w, https:\/\/radiowebmx.com\/nota\/wp-content\/uploads\/2017\/09\/21617464_860604550731460_1565888945333648657_n-600x600.jpg 600w\" sizes=\"auto, (max-width: 394px) 100vw, 394px\" \/><\/a>&#8211; La tarde de este martes en reuni\u00f3n del Grupo de Coordinaci\u00f3n Michoac\u00e1n, el Gobernador Constitucional Silvano Aureoles Conejo, autoridades federales y estatales, evaluaron la situaci\u00f3n que prevalece en el estado tras el sismo que se registr\u00f3 este d\u00eda. El mandatario inform\u00f3 que desde el incidente, gir\u00f3 instrucciones para que todo el personal de la Coordinaci\u00f3n de Protecci\u00f3n Civil (PC) estatal se desplegara en el territorio michoacano a trav\u00e9s de las delegaciones regionales, a fin de atender a la poblaci\u00f3n que as\u00ed lo requiriera. De igual manera, se realiza una evaluaci\u00f3n de aquellos edificios que pudieron verse afectados por el sismo, para tomar las medidas preventivas conducentes. Sobre esa l\u00ednea, se determin\u00f3 en que el Gobierno del Estado, a trav\u00e9s de la Secretar\u00eda de Educaci\u00f3n, suspenda clases en todas las escuelas de educaci\u00f3n b\u00e1sica y media superior, para evaluar posibles da\u00f1os a la infraestructura educativa. Silvano Aureoles convoc\u00f3 a las y los funcionarios presentes a solidarizarse con las familias de la Ciudad de M\u00e9xico, Morelos, Puebla, Guerrero y Oaxaca, al sumarse a las actividades de acopio de v\u00edveres y ayuda. Al respecto, record\u00f3 que esta tarde fue instalado un centro de acopio en las oficinas centrales del Sistema DIF Michoac\u00e1n, ubicadas en el Bosque Cuauht\u00e9moc, donde la poblaci\u00f3n puede llevar alimentos enlatados y no perecederos, ropa en buen estado, pa\u00f1ales, productos de aseo personal o agua embotellada. Hist\u00f3ricas, las inversiones en tecnolog\u00eda e infraestructura de seguridad Por otro lado, como parte del Plan Integral para la Seguridad en Michoac\u00e1n, se revisaron las acciones de inteligencia emprendidas en las diversas zonas del estado, mismas que habr\u00e1n de fortalecerse con la puesta en marcha de los cuarteles regionales, de los cuales ya opera el de Huetamo para atender a esa zona de la Tierra Caliente. Al respecto, el Gobernador recalc\u00f3 que se est\u00e1n haciendo inversiones como nunca antes en materia de tecnolog\u00eda e infraestructura para la seguridad, a fin de continuar consolidando la nueva Polic\u00eda Michoac\u00e1n y que \u00e9sta cuente con las herramientas necesarias para seguir cerrando el paso al crimen y la violencia. En esta reuni\u00f3n estuvieron presentes los secretarios de Gobierno y de Seguridad P\u00fablica, Adri\u00e1n L\u00f3pez Sol\u00eds y Juan Bernardo Corona Mart\u00ednez, respectivamente; los delegados en Michoac\u00e1n de la Procuradur\u00eda General de la Rep\u00fablica y del Centro de Investigaci\u00f3n y Seguridad Nacional, Bertha Paredes Gardu\u00f1o y Fernando Castro Miranda, respectivamente; los comandantes de la 21 y 43 Zonas Militares, general Jos\u00e9 Francisco Morales C\u00e1zares y general Cruz Isaac Mu\u00f1oz Navarro, por mencionar algunos.<\/span><\/p>\n","protected":false},"excerpt":{"rendered":"<p>\u00a0\u2022 El Gobernador gira instrucciones al personal de PC estatal a desplegarse en todos los municipios para apoyar a la poblaci\u00f3n que lo requiera. \u2022 Silvano Aureoles convoca a apoyar con v\u00edveres a las y los damnificados de CDMX, Morelos, Puebla, Guerrero y Oaxaca. &#8211; La tarde de este martes en reuni\u00f3n del Grupo de [&hellip;]<\/p>\n","protected":false},"author":2,"featured_media":44426,"comment_status":"closed","ping_status":"closed","sticky":false,"template":"","format":"standard","meta":{"footnotes":""},"categories":[14],"tags":[],"class_list":["post-44425","post","type-post","status-publish","format-standard","has-post-thumbnail","hentry","category-destacadas"],"_links":{"self":[{"href":"https:\/\/radiowebmx.com\/nota\/wp-json\/wp\/v2\/posts\/44425","targetHints":{"allow":["GET"]}}],"collection":[{"href":"https:\/\/radiowebmx.com\/nota\/wp-json\/wp\/v2\/posts"}],"about":[{"href":"https:\/\/radiowebmx.com\/nota\/wp-json\/wp\/v2\/types\/post"}],"author":[{"embeddable":true,"href":"https:\/\/radiowebmx.com\/nota\/wp-json\/wp\/v2\/users\/2"}],"replies":[{"embeddable":true,"href":"https:\/\/radiowebmx.com\/nota\/wp-json\/wp\/v2\/comments?post=44425"}],"version-history":[{"count":1,"href":"https:\/\/radiowebmx.com\/nota\/wp-json\/wp\/v2\/posts\/44425\/revisions"}],"predecessor-version":[{"id":44427,"href":"https:\/\/radiowebmx.com\/nota\/wp-json\/wp\/v2\/posts\/44425\/revisions\/44427"}],"wp:featuredmedia":[{"embeddable":true,"href":"https:\/\/radiowebmx.com\/nota\/wp-json\/wp\/v2\/media\/44426"}],"wp:attachment":[{"href":"https:\/\/radiowebmx.com\/nota\/wp-json\/wp\/v2\/media?parent=44425"}],"wp:term":[{"taxonomy":"category","embeddable":true,"href":"https:\/\/radiowebmx.com\/nota\/wp-json\/wp\/v2\/categories?post=44425"},{"taxonomy":"post_tag","embeddable":true,"href":"https:\/\/radiowebmx.com\/nota\/wp-json\/wp\/v2\/tags?post=44425"}],"curies":[{"name":"wp","href":"https:\/\/api.w.org\/{rel}","templated":true}]}}