{"id":44415,"date":"2017-09-19T12:18:56","date_gmt":"2017-09-19T17:18:56","guid":{"rendered":"https:\/\/radiowebmx.com\/nota\/?p=44415"},"modified":"2017-09-19T12:18:56","modified_gmt":"2017-09-19T17:18:56","slug":"se-fortalecera-relacion-legislativo-ejecutivo-villegas-soto","status":"publish","type":"post","link":"https:\/\/radiowebmx.com\/nota\/se-fortalecera-relacion-legislativo-ejecutivo-villegas-soto\/","title":{"rendered":"Se fortalecer\u00e1 relaci\u00f3n Legislativo &#8211; Ejecutivo: Villegas Soto"},"content":{"rendered":"<p><a href=\"https:\/\/radiowebmx.com\/nota\/wp-content\/uploads\/2017\/09\/Comunicado-1263-2.jpg\"><img loading=\"lazy\" decoding=\"async\" class=\"alignnone  wp-image-44417\" src=\"https:\/\/radiowebmx.com\/nota\/wp-content\/uploads\/2017\/09\/Comunicado-1263-2-595x409.jpg\" alt=\"\" width=\"400\" height=\"275\" srcset=\"https:\/\/radiowebmx.com\/nota\/wp-content\/uploads\/2017\/09\/Comunicado-1263-2-595x409.jpg 595w, https:\/\/radiowebmx.com\/nota\/wp-content\/uploads\/2017\/09\/Comunicado-1263-2-768x528.jpg 768w, https:\/\/radiowebmx.com\/nota\/wp-content\/uploads\/2017\/09\/Comunicado-1263-2-960x660.jpg 960w\" sizes=\"auto, (max-width: 400px) 100vw, 400px\" \/><\/a><\/p>\n<p>&nbsp;<\/p>\n<p class=\"x_MsoNormal\"><b>Morelia; Michoac\u00e1n, 19 de septiembre de 2017<\/b>.- \u00a0Con el principal objetivo de establecer los v\u00ednculos de comunicaci\u00f3n y fortalecer la coordinaci\u00f3n entre el Poder Legislativo y el Ejecutivo, el diputado Miguel \u00c1ngel Villegas Soto, Presidente de la Mesa Directiva del Congreso del Estado, se reuni\u00f3 con Adri\u00e1n L\u00f3pez Sol\u00eds, secretario de Gobierno en la entidad.<\/p>\n<p class=\"x_MsoNormal\">Uno de los temas puntuales que dialogaron fue el Segundo Informe de Actividades del Gobernador del Michoac\u00e1n, Silvano Aureoles, mediante el cual notificar\u00e1 el estado que guarda la administraci\u00f3n p\u00fablica; en el cual los diputados de las diferentes fracciones tendr\u00e1n la oportunidad hacer uso de la tribuna para reacciones, hasta por cinco minutos.<\/p>\n<p class=\"x_MsoNormal\">Asimismo, en la reuni\u00f3n el legislador y el funcionario estatal revisaron y analizaron temas coyunturales en que los dos poderes de gobierno se pueden coordinar fortaleciendo las pol\u00edticas p\u00fablicas y las legislaciones aplicables.<\/p>\n<p class=\"x_MsoNormal\">Cabe destacar, que el parlamentario asisti\u00f3 al izamiento del L\u00e1baro Patrio a media asta, esto en conmemoraci\u00f3n del sismo ocurrido en 1985, el cual se realiz\u00f3 a las 07:19 horas, momento en el que hace 32 a\u00f1os ocurri\u00f3 el movimiento tel\u00farico.<\/p>\n<p class=\"x_MsoNormal\">En este sentido, el diputado Miguel \u00c1ngel Villegas lament\u00f3 la tragedia ocurrida hace m\u00e1s de treinta a\u00f1os, as\u00ed como la reci\u00e9n ocurrida el pasado 7 de septiembre que dej\u00f3 da\u00f1os irreparables en los estados de Oaxaca y Chiapas, e hizo un llamado a solidarizarse con los mexicanos afectados por el desastre natural.<\/p>\n","protected":false},"excerpt":{"rendered":"<p>&nbsp; Morelia; Michoac\u00e1n, 19 de septiembre de 2017.- \u00a0Con el principal objetivo de establecer los v\u00ednculos de comunicaci\u00f3n y fortalecer la coordinaci\u00f3n entre el Poder Legislativo y el Ejecutivo, el diputado Miguel \u00c1ngel Villegas Soto, Presidente de la Mesa Directiva del Congreso del Estado, se reuni\u00f3 con Adri\u00e1n L\u00f3pez Sol\u00eds, secretario de Gobierno en la [&hellip;]<\/p>\n","protected":false},"author":2,"featured_media":44416,"comment_status":"closed","ping_status":"closed","sticky":false,"template":"","format":"standard","meta":{"footnotes":""},"categories":[6,14],"tags":[],"class_list":["post-44415","post","type-post","status-publish","format-standard","has-post-thumbnail","hentry","category-congreso-del-estado","category-destacadas"],"_links":{"self":[{"href":"https:\/\/radiowebmx.com\/nota\/wp-json\/wp\/v2\/posts\/44415","targetHints":{"allow":["GET"]}}],"collection":[{"href":"https:\/\/radiowebmx.com\/nota\/wp-json\/wp\/v2\/posts"}],"about":[{"href":"https:\/\/radiowebmx.com\/nota\/wp-json\/wp\/v2\/types\/post"}],"author":[{"embeddable":true,"href":"https:\/\/radiowebmx.com\/nota\/wp-json\/wp\/v2\/users\/2"}],"replies":[{"embeddable":true,"href":"https:\/\/radiowebmx.com\/nota\/wp-json\/wp\/v2\/comments?post=44415"}],"version-history":[{"count":1,"href":"https:\/\/radiowebmx.com\/nota\/wp-json\/wp\/v2\/posts\/44415\/revisions"}],"predecessor-version":[{"id":44418,"href":"https:\/\/radiowebmx.com\/nota\/wp-json\/wp\/v2\/posts\/44415\/revisions\/44418"}],"wp:featuredmedia":[{"embeddable":true,"href":"https:\/\/radiowebmx.com\/nota\/wp-json\/wp\/v2\/media\/44416"}],"wp:attachment":[{"href":"https:\/\/radiowebmx.com\/nota\/wp-json\/wp\/v2\/media?parent=44415"}],"wp:term":[{"taxonomy":"category","embeddable":true,"href":"https:\/\/radiowebmx.com\/nota\/wp-json\/wp\/v2\/categories?post=44415"},{"taxonomy":"post_tag","embeddable":true,"href":"https:\/\/radiowebmx.com\/nota\/wp-json\/wp\/v2\/tags?post=44415"}],"curies":[{"name":"wp","href":"https:\/\/api.w.org\/{rel}","templated":true}]}}