{"id":44412,"date":"2017-09-18T19:14:06","date_gmt":"2017-09-19T00:14:06","guid":{"rendered":"https:\/\/radiowebmx.com\/nota\/?p=44412"},"modified":"2017-09-19T12:17:01","modified_gmt":"2017-09-19T17:17:01","slug":"utom-clave-para-el-desarrollo-y-fortalecimiento-de-la-educacion-jaime-hinojosa","status":"publish","type":"post","link":"https:\/\/radiowebmx.com\/nota\/utom-clave-para-el-desarrollo-y-fortalecimiento-de-la-educacion-jaime-hinojosa\/","title":{"rendered":"UTOM clave para el desarrollo y fortalecimiento de la educaci\u00f3n: Jaime Hinojosa"},"content":{"rendered":"<p class=\"x_MsoNormal\"><b>Morelia; Michoac\u00e1n, 18 de septiembre de 2017<\/b>.-\u00a0La educaci\u00f3n es la clave para el desarrollo en la entidad, por ello, para la regi\u00f3n oriente del estado es muy significativo la colocaci\u00f3n de la primera piedra de la Universidad Tecnol\u00f3gica Oriente de Michoac\u00e1n (UTOM), afirm\u00f3 el diputado por el Distrito de Maravat\u00edo, Jos\u00e9 Jaime Hinojosa Campa.<\/p>\n<p class=\"x_MsoNormal\">Al asistir al evento del arranque de la primera piedra de dicha universidad, en la que se proyecta una inversi\u00f3n de 35 millones de pesos en la primera fase, el legislador resalt\u00f3 que la edificaci\u00f3n de dicha universidad era una demanda que prevalec\u00eda en la regi\u00f3n por a\u00f1os, por ello, aplaudi\u00f3 que el Gobernador Silvano Aureoles Conejo atendiera dicha solicitud, a la cual se hab\u00edan sumado varios legisladores.<\/p>\n<p class=\"x_MsoNormal\">Asimismo el diputado local integrante del Grupo Parlamentario del PRD, se comprometi\u00f3 a acompa\u00f1ar las gestiones para que se pueda realizar el proyecto integral de la segunda etapa e incluso proponer al pleno del Congreso del Estado en el marco de la discusi\u00f3n del paquete econ\u00f3mico para el siguiente ejercicio fiscal que se etiqueten recursos para el 2018 para dicha obra.<\/p>\n<p class=\"x_MsoNormal\">Durante la colocaci\u00f3n de la primera piedra, dijo que se dio a conocer que en la primera etapa\u00a0 en una superficie de 20 hect\u00e1reas, se realizar\u00e1 la construcci\u00f3n de unidad de docencia de dos niveles, la instalaci\u00f3n de m\u00f3dulos de paneles solares, la planta de tratamiento de agua y red de riego, adem\u00e1s de la instalaci\u00f3n de equipo especializado.<\/p>\n<p class=\"x_MsoNormal\">Con dicha obra estimo que ser\u00e1n miles las y los j\u00f3venes michoacanos los que resultar\u00e1n beneficiados al poder continuar con sus estudios en dicha regi\u00f3n sin tener que trasladarse a la capital del estado u otras entidades, por lo que con ello tambi\u00e9n incrementa el n\u00famero de j\u00f3venes que continuar\u00e1n con su formaci\u00f3n acad\u00e9mica.<\/p>\n<p class=\"x_MsoNormal\">\u00a0Adem\u00e1s indic\u00f3 que al tener un espacio propio la universidad para que los j\u00f3venes contin\u00faen con su formaci\u00f3n, tambi\u00e9n se abona al desarrollo y crecimiento de la regi\u00f3n oriente y se genera estabilidad, adem\u00e1s de empleos.<\/p>\n<p class=\"x_MsoNormal\">Destac\u00f3 la gran labor del patronato de la Escuela Secundaria T\u00e9cnica 32 &#8220;Emma Palmer&#8221; y a la ciudadana Elvira Cruz\u00a0 Guijoza, por la propuesta\u00a0y donaci\u00f3n de los terrenos. As\u00ed tambi\u00e9n celebr\u00f3 esta obra con la que se favorecen los municipios de Contepec, Hidalgo, Zinap\u00e9cuaro, Tlalpujahua, Senguio, Irimbo, as\u00ed como de Guanajuato y el Estado de M\u00e9xico, por su cercan\u00eda.<\/p>\n<p class=\"x_MsoNormal\">Cabe se\u00f1alar que actualmente la UTOM ofrece tres carreras: Ingenier\u00eda en Biotecnolog\u00eda, Ingenier\u00eda en Tecnolog\u00edas de la Informaci\u00f3n y la Comunicaci\u00f3n, as\u00ed como la Licenciatura en Gastronom\u00eda, que son impartidas en instalaciones facilitadas por el Ayuntamiento y una vez que se realice la obra los j\u00f3venes podr\u00e1n tener una instalaci\u00f3n propia.<\/p>\n","protected":false},"excerpt":{"rendered":"<p>Morelia; Michoac\u00e1n, 18 de septiembre de 2017.-\u00a0La educaci\u00f3n es la clave para el desarrollo en la entidad, por ello, para la regi\u00f3n oriente del estado es muy significativo la colocaci\u00f3n de la primera piedra de la Universidad Tecnol\u00f3gica Oriente de Michoac\u00e1n (UTOM), afirm\u00f3 el diputado por el Distrito de Maravat\u00edo, Jos\u00e9 Jaime Hinojosa Campa. Al [&hellip;]<\/p>\n","protected":false},"author":2,"featured_media":44413,"comment_status":"closed","ping_status":"closed","sticky":false,"template":"","format":"standard","meta":{"footnotes":""},"categories":[6,14],"tags":[],"class_list":["post-44412","post","type-post","status-publish","format-standard","has-post-thumbnail","hentry","category-congreso-del-estado","category-destacadas"],"_links":{"self":[{"href":"https:\/\/radiowebmx.com\/nota\/wp-json\/wp\/v2\/posts\/44412","targetHints":{"allow":["GET"]}}],"collection":[{"href":"https:\/\/radiowebmx.com\/nota\/wp-json\/wp\/v2\/posts"}],"about":[{"href":"https:\/\/radiowebmx.com\/nota\/wp-json\/wp\/v2\/types\/post"}],"author":[{"embeddable":true,"href":"https:\/\/radiowebmx.com\/nota\/wp-json\/wp\/v2\/users\/2"}],"replies":[{"embeddable":true,"href":"https:\/\/radiowebmx.com\/nota\/wp-json\/wp\/v2\/comments?post=44412"}],"version-history":[{"count":1,"href":"https:\/\/radiowebmx.com\/nota\/wp-json\/wp\/v2\/posts\/44412\/revisions"}],"predecessor-version":[{"id":44414,"href":"https:\/\/radiowebmx.com\/nota\/wp-json\/wp\/v2\/posts\/44412\/revisions\/44414"}],"wp:featuredmedia":[{"embeddable":true,"href":"https:\/\/radiowebmx.com\/nota\/wp-json\/wp\/v2\/media\/44413"}],"wp:attachment":[{"href":"https:\/\/radiowebmx.com\/nota\/wp-json\/wp\/v2\/media?parent=44412"}],"wp:term":[{"taxonomy":"category","embeddable":true,"href":"https:\/\/radiowebmx.com\/nota\/wp-json\/wp\/v2\/categories?post=44412"},{"taxonomy":"post_tag","embeddable":true,"href":"https:\/\/radiowebmx.com\/nota\/wp-json\/wp\/v2\/tags?post=44412"}],"curies":[{"name":"wp","href":"https:\/\/api.w.org\/{rel}","templated":true}]}}