{"id":44396,"date":"2017-09-19T11:36:22","date_gmt":"2017-09-19T16:36:22","guid":{"rendered":"https:\/\/radiowebmx.com\/nota\/?p=44396"},"modified":"2017-09-19T11:50:16","modified_gmt":"2017-09-19T16:50:16","slug":"signan-convenio-imcufide-y-universidad-montrer","status":"publish","type":"post","link":"https:\/\/radiowebmx.com\/nota\/signan-convenio-imcufide-y-universidad-montrer\/","title":{"rendered":"Signan convenio IMCUFIDE y Universidad Montrer"},"content":{"rendered":"<p><a href=\"https:\/\/radiowebmx.com\/nota\/wp-content\/uploads\/2017\/09\/16b07ae9-d83a-4d7e-b61a-1cd20cc38931.jpg\"><img loading=\"lazy\" decoding=\"async\" class=\"alignnone  wp-image-44397\" src=\"https:\/\/radiowebmx.com\/nota\/wp-content\/uploads\/2017\/09\/16b07ae9-d83a-4d7e-b61a-1cd20cc38931-595x397.jpg\" alt=\"\" width=\"397\" height=\"265\" srcset=\"https:\/\/radiowebmx.com\/nota\/wp-content\/uploads\/2017\/09\/16b07ae9-d83a-4d7e-b61a-1cd20cc38931-595x397.jpg 595w, https:\/\/radiowebmx.com\/nota\/wp-content\/uploads\/2017\/09\/16b07ae9-d83a-4d7e-b61a-1cd20cc38931-768x512.jpg 768w, https:\/\/radiowebmx.com\/nota\/wp-content\/uploads\/2017\/09\/16b07ae9-d83a-4d7e-b61a-1cd20cc38931-960x640.jpg 960w, https:\/\/radiowebmx.com\/nota\/wp-content\/uploads\/2017\/09\/16b07ae9-d83a-4d7e-b61a-1cd20cc38931-272x182.jpg 272w, https:\/\/radiowebmx.com\/nota\/wp-content\/uploads\/2017\/09\/16b07ae9-d83a-4d7e-b61a-1cd20cc38931.jpg 1280w\" sizes=\"auto, (max-width: 397px) 100vw, 397px\" \/><\/a><\/p>\n<p>&nbsp;<\/p>\n<p>Con el fin de fortalecer los lazos de participaci\u00f3n del Ayuntamiento de Morelia y en particular del Instituto Municipal de Cultura F\u00edsica y Deporte (IMCUFIDE) con la Universidad Montrer, en pro del deporte, ambas instancias renovaron su convenio de colaboraci\u00f3n, el cual, entre otras cosas, garantiza una inversi\u00f3n superior a los 100 mil pesos para rehabilitar la duela y otros espacios del legendario Auditorio Municipal, situaci\u00f3n que no se realiza desde hace 15 a\u00f1os.<\/p>\n<p>Alfonso Mart\u00ednez Alc\u00e1zar, a trav\u00e9s del IMCUFIDE y su Encargado de Despacho, Salvador Alegre \u00c1lvarez, gestion\u00f3 la renovaci\u00f3n de uno de los recintos deportivos m\u00e1s representativos de la ciudad, el Auditorio Municipal, gracias al acuerdo con la Instituci\u00f3n de Educaci\u00f3n privada, misma que aportar\u00e1 la inversi\u00f3n necesaria para repuntar el espacio.<\/p>\n<p>En la firma del convenio se dieron cita, Salvador Alegre \u00c1lvarez, Encargado de Despacho del Instituto Municipal de Cultura F\u00edsica y Deporte (IMCUFIDE); Osvaldo Castro Nieves, Director Operativo de la Paramunicipal;\u00a0 No\u00e9 Gonz\u00e1lez G\u00f3mez, Rector de la Universidad Montrer, adem\u00e1s del Director de la Instituci\u00f3n Educativa, No\u00e9 Alonso Gonz\u00e1lez Herrera, entre otras personas.<\/p>\n<p>\u201cGracias a las pol\u00edticas transversales de la actual Administraci\u00f3n Municipal, que encabeza nuestro Alcalde, Alfonso Mart\u00ednez Alc\u00e1zar, se permite el ejercicio de formas m\u00e1s eficaces de cooperaci\u00f3n y soluci\u00f3n a necesidades en este caso de la Universidad Montrer y el Instituto del Deporte en Morelia, es por ello, que hoy firmamos este convenio en favor de ambas instituciones\u201d, se\u00f1al\u00f3 el Encargado de Despacho del IMCUFIDE, Salvador Alegre \u00c1lvarez.<\/p>\n<p>\u201cQuiero agradecer al Ayuntamiento de Morelia por colaborar con nuestra instituci\u00f3n mediante la firma de este convenio que viene a fortalecer el programa deportivo que a\u00f1o con a\u00f1o, desarrollamos en la Universidad Montrer. Hoy apostamos por estas alianzas que favorecen a ambas instituciones en favor de la sociedad\u201d, destac\u00f3 el rector de la Universidad Montrer, No\u00e9 Gonz\u00e1lez G\u00f3mez.<\/p>\n<p>El convenio establece que la Universidad Montrer realizar\u00e1 una inversi\u00f3n superior a los 100 mil pesos para rehabilitar la duela del Auditorio Municipal, tarea que no se ha hecho durante poco m\u00e1s de 15 a\u00f1os, adem\u00e1s de pintura para el barandal perimetral, la estructura de los tableros y el vestidor del equipo local, as\u00ed como del delineado de la cancha de acuerdo a las medidas oficiales.<\/p>\n<p>Las Panteras, como se llama a los equipos de la casa de estudios involucrada, realizar\u00e1n el aporte con el objetivo de optimizar el escenario para utilizarlo como su hogar dentro de su actuaci\u00f3n en la Liga de Basquetbol Estudiantil ABE, en donde sostendr\u00e1n su primer duelo como local en los primeros d\u00edas de octubre, adem\u00e1s de los partidos oficiales de la Comisi\u00f3n Nacional del Deporte de Instituciones Privadas (CONADEIP).<\/p>\n<p>Dicho documento establece adem\u00e1s como responsabilidades del IMCUFIDE hacia la Universidad la facilitaci\u00f3n de sus espacios deportivos para que los equipos de basquetbol, voleibol, futbol soccer y futbol r\u00e1pido puedan desempe\u00f1ar sus pr\u00e1cticas, adem\u00e1s de un descuento del 35 por ciento a la mensualidad por el uso de la alberca del Complejo Acu\u00e1tico \u201cMedallistas Paral\u00edmpicos\u201d, beneficio aplicable a todos sus estudiantes as\u00ed como personal docente y administrativo.<\/p>\n<p>El acuerdo, que se encuentra vigente desde ahora, tendr\u00e1 una extensi\u00f3n hasta el 31 de agosto del 2018, en donde esperan adem\u00e1s mantener el apoyo de alumnos del plantel educativo en los diversos eventos deportivos organizados por el municipio.<\/p>\n<p>&nbsp;<\/p>\n<p><a href=\"https:\/\/radiowebmx.com\/nota\/wp-content\/uploads\/2017\/09\/96bf0e0e-32da-44b2-bfc2-1a255b9f77f2.jpg\"><img loading=\"lazy\" decoding=\"async\" class=\"alignnone  wp-image-44399\" src=\"https:\/\/radiowebmx.com\/nota\/wp-content\/uploads\/2017\/09\/96bf0e0e-32da-44b2-bfc2-1a255b9f77f2-595x397.jpg\" alt=\"\" width=\"399\" height=\"266\" srcset=\"https:\/\/radiowebmx.com\/nota\/wp-content\/uploads\/2017\/09\/96bf0e0e-32da-44b2-bfc2-1a255b9f77f2-595x397.jpg 595w, https:\/\/radiowebmx.com\/nota\/wp-content\/uploads\/2017\/09\/96bf0e0e-32da-44b2-bfc2-1a255b9f77f2-768x512.jpg 768w, https:\/\/radiowebmx.com\/nota\/wp-content\/uploads\/2017\/09\/96bf0e0e-32da-44b2-bfc2-1a255b9f77f2-960x640.jpg 960w, https:\/\/radiowebmx.com\/nota\/wp-content\/uploads\/2017\/09\/96bf0e0e-32da-44b2-bfc2-1a255b9f77f2-272x182.jpg 272w, https:\/\/radiowebmx.com\/nota\/wp-content\/uploads\/2017\/09\/96bf0e0e-32da-44b2-bfc2-1a255b9f77f2.jpg 1280w\" sizes=\"auto, (max-width: 399px) 100vw, 399px\" \/><\/a><\/p>\n","protected":false},"excerpt":{"rendered":"<p>&nbsp; Con el fin de fortalecer los lazos de participaci\u00f3n del Ayuntamiento de Morelia y en particular del Instituto Municipal de Cultura F\u00edsica y Deporte (IMCUFIDE) con la Universidad Montrer, en pro del deporte, ambas instancias renovaron su convenio de colaboraci\u00f3n, el cual, entre otras cosas, garantiza una inversi\u00f3n superior a los 100 mil pesos [&hellip;]<\/p>\n","protected":false},"author":2,"featured_media":44398,"comment_status":"closed","ping_status":"closed","sticky":false,"template":"","format":"standard","meta":{"footnotes":""},"categories":[14,60,9],"tags":[],"class_list":["post-44396","post","type-post","status-publish","format-standard","has-post-thumbnail","hentry","category-destacadas","category-michoacan","category-morelia"],"_links":{"self":[{"href":"https:\/\/radiowebmx.com\/nota\/wp-json\/wp\/v2\/posts\/44396","targetHints":{"allow":["GET"]}}],"collection":[{"href":"https:\/\/radiowebmx.com\/nota\/wp-json\/wp\/v2\/posts"}],"about":[{"href":"https:\/\/radiowebmx.com\/nota\/wp-json\/wp\/v2\/types\/post"}],"author":[{"embeddable":true,"href":"https:\/\/radiowebmx.com\/nota\/wp-json\/wp\/v2\/users\/2"}],"replies":[{"embeddable":true,"href":"https:\/\/radiowebmx.com\/nota\/wp-json\/wp\/v2\/comments?post=44396"}],"version-history":[{"count":1,"href":"https:\/\/radiowebmx.com\/nota\/wp-json\/wp\/v2\/posts\/44396\/revisions"}],"predecessor-version":[{"id":44400,"href":"https:\/\/radiowebmx.com\/nota\/wp-json\/wp\/v2\/posts\/44396\/revisions\/44400"}],"wp:featuredmedia":[{"embeddable":true,"href":"https:\/\/radiowebmx.com\/nota\/wp-json\/wp\/v2\/media\/44398"}],"wp:attachment":[{"href":"https:\/\/radiowebmx.com\/nota\/wp-json\/wp\/v2\/media?parent=44396"}],"wp:term":[{"taxonomy":"category","embeddable":true,"href":"https:\/\/radiowebmx.com\/nota\/wp-json\/wp\/v2\/categories?post=44396"},{"taxonomy":"post_tag","embeddable":true,"href":"https:\/\/radiowebmx.com\/nota\/wp-json\/wp\/v2\/tags?post=44396"}],"curies":[{"name":"wp","href":"https:\/\/api.w.org\/{rel}","templated":true}]}}