{"id":4439,"date":"2013-11-08T12:07:46","date_gmt":"2013-11-08T18:07:46","guid":{"rendered":"https:\/\/radiowebmx.com\/nota\/?p=4439"},"modified":"2013-12-04T13:58:01","modified_gmt":"2013-12-04T19:58:01","slug":"anuncian-ferias-de-la-flor-de-nochebuena-y-del-chongo-zamorano","status":"publish","type":"post","link":"https:\/\/radiowebmx.com\/nota\/anuncian-ferias-de-la-flor-de-nochebuena-y-del-chongo-zamorano\/","title":{"rendered":"ANUNCIAN FERIAS DE LA FLOR DE NOCHEBUENA  Y DEL CHONGO ZAMORANO"},"content":{"rendered":"<p><a href=\"https:\/\/radiowebmx.com\/nota\/wp-content\/uploads\/2013\/11\/nochebuena.jpg\"><img loading=\"lazy\" decoding=\"async\" class=\"alignleft size-full wp-image-4440\" alt=\"nochebuena\" src=\"https:\/\/radiowebmx.com\/nota\/wp-content\/uploads\/2013\/11\/nochebuena.jpg\" width=\"591\" height=\"441\" \/><\/a>Con el objetivo de exaltar la riqueza natural y gastron\u00f3mica del estado de Michoac\u00e1n, el municipio de Zit\u00e1cuaro realizar\u00e1 la tradicional Feria de la Flor de Nochebuena el 9 y 10 de noviembre, y del 15 al 17 de este mismo mes se llevar\u00e1 a cabo la Feria del Chongo Zamorano en Zamora, as\u00ed lo dio a conocer en conferencia de prensa, el director de la Comisi\u00f3n de Ferias, Exposiciones y Eventos del Estado (COFEEEM), Jos\u00e9 Manuel Romero Navarro.<\/p>\n<p>&nbsp;<\/p>\n<p>Romero Navarro, acompa\u00f1ado del director de Desarrollo Rural de Zit\u00e1cuaro, Everardo Hern\u00e1ndez Contreras, y productores de la flor aseguraron que en ning\u00fan municipio como en esta regi\u00f3n, ni estado del pa\u00eds cuentan con la calidad y belleza de esta tradicional planta representativa del mes de diciembre.<\/p>\n<p>&nbsp;<\/p>\n<p>Por lo que habitantes y productores de la regi\u00f3n dar\u00e1n cita a la Feria de la Nochebuena que se llevar\u00e1 en la plaza c\u00edvica Benito Ju\u00e1rez de este municipio, a partir de las 16:00 horas, donde m\u00e1s de 450 productores de las comunidades de San Felipe de los Alzati, Zirahuato de los Bernal, Ocurio y Corungueo, tendr\u00e1n en exhibici\u00f3n para su venta adornos y una gran variedad de flor de Nochebuena para las fiestas decembrinas.<\/p>\n<p>&nbsp;<\/p>\n<p>El municipio de Zit\u00e1cuaro produce 6 millones de plantas, con m\u00e1s de 30 variedades; el cultivo de la Nochebuena ha tomado gran auge desde los a\u00f1os ochentas distribuy\u00e9ndose en varios estados del pa\u00eds como Guanajuato, el Estado de M\u00e9xico, Jalisco, Nayarit, Colima, Aguascalientes, Quer\u00e9taro, Nuevo Le\u00f3n y el Distrito Federal y en menor escala a algunas ciudades fronterizas como Nuevo Laredo, Tijuana y Tampico; logrando con la venta de Nochebuena se genere empleo a m\u00e1s de 3 mil personas.<\/p>\n<p>&nbsp;<\/p>\n<p><b>FERIA DEL CHONGO ZAMORANO 2013<\/b><\/p>\n<p>&nbsp;<\/p>\n<p>La diversidad de las tradiciones michoacanas as\u00ed como su gastronom\u00eda permiten a los habitantes y turistas la recreaci\u00f3n y degustaci\u00f3n de sabores t\u00edpicos, como los Chongos Zamoranos elaborados en el municipio de Zamora Michoac\u00e1n, que en su 11\u00b0 edici\u00f3n llevar\u00e1n a cabo su tradicional Feria del Chongo.<\/p>\n<p>&nbsp;<\/p>\n<p>Se dar\u00e1 cita en la plaza principal de este municipio del d\u00eda 15 al 17 de noviembre a partir de las 10:00 horas, en este festival se contar\u00e1 con 5 pabellones: el Cultural, Tur\u00edstico, Gastron\u00f3mico, as\u00ed como el pabell\u00f3n del Dulce donde se podr\u00e1 interactuar y disfrutar de las exhibiciones y actividades que cada uno ofrece.<\/p>\n<p>&nbsp;<\/p>\n<p>El objetivo es mostrar la tradici\u00f3n alrededor del chongo zamorano, sus procesos de elaboraci\u00f3n, la variedad de sus presentaciones y sugerencia para servirlos, as\u00ed como la leyenda de su invenci\u00f3n. Pretendiendo posicionar\u00a0 al chongo como imagen de identidad zamorana haci\u00e9ndolo emblema internacional de la ciudad y su regi\u00f3n.<\/p>\n<p>Dentro de esta festividad se realizar\u00e1 la tradicional \u201cchongada\u201d<b> <\/b>de 200 metros para degustaci\u00f3n y se contar\u00e1 con actividades art\u00edsticas y talleres para la elaboraci\u00f3n de Pi\u00f1ata, globos de Cantoya, artesan\u00edas y velas.<\/p>\n<p>&nbsp;<\/p>\n<p>En la presentaci\u00f3n de ambas ferias Estuvieron presentes el director de Fomento Tur\u00edstico de esta regi\u00f3n, Jorge Armando Susu y la regidora de Turismo, Gloria Guti\u00e9rrez Cuadra.<\/p>\n","protected":false},"excerpt":{"rendered":"<p>Con el objetivo de exaltar la riqueza natural y gastron\u00f3mica del estado de Michoac\u00e1n, el municipio de Zit\u00e1cuaro realizar\u00e1 la tradicional Feria de la Flor de Nochebuena el 9 y 10 de noviembre, y del 15 al 17 de este mismo mes se llevar\u00e1 a cabo la Feria del Chongo Zamorano en Zamora,<\/p>\n","protected":false},"author":1,"featured_media":0,"comment_status":"open","ping_status":"open","sticky":false,"template":"","format":"standard","meta":{"footnotes":""},"categories":[14,3],"tags":[],"class_list":["post-4439","post","type-post","status-publish","format-standard","hentry","category-destacadas","category-gobierno-del-estado-de-michoacan"],"_links":{"self":[{"href":"https:\/\/radiowebmx.com\/nota\/wp-json\/wp\/v2\/posts\/4439","targetHints":{"allow":["GET"]}}],"collection":[{"href":"https:\/\/radiowebmx.com\/nota\/wp-json\/wp\/v2\/posts"}],"about":[{"href":"https:\/\/radiowebmx.com\/nota\/wp-json\/wp\/v2\/types\/post"}],"author":[{"embeddable":true,"href":"https:\/\/radiowebmx.com\/nota\/wp-json\/wp\/v2\/users\/1"}],"replies":[{"embeddable":true,"href":"https:\/\/radiowebmx.com\/nota\/wp-json\/wp\/v2\/comments?post=4439"}],"version-history":[{"count":2,"href":"https:\/\/radiowebmx.com\/nota\/wp-json\/wp\/v2\/posts\/4439\/revisions"}],"predecessor-version":[{"id":4791,"href":"https:\/\/radiowebmx.com\/nota\/wp-json\/wp\/v2\/posts\/4439\/revisions\/4791"}],"wp:attachment":[{"href":"https:\/\/radiowebmx.com\/nota\/wp-json\/wp\/v2\/media?parent=4439"}],"wp:term":[{"taxonomy":"category","embeddable":true,"href":"https:\/\/radiowebmx.com\/nota\/wp-json\/wp\/v2\/categories?post=4439"},{"taxonomy":"post_tag","embeddable":true,"href":"https:\/\/radiowebmx.com\/nota\/wp-json\/wp\/v2\/tags?post=4439"}],"curies":[{"name":"wp","href":"https:\/\/api.w.org\/{rel}","templated":true}]}}