{"id":44357,"date":"2017-09-18T17:25:18","date_gmt":"2017-09-18T22:25:18","guid":{"rendered":"https:\/\/radiowebmx.com\/nota\/?p=44357"},"modified":"2017-09-19T10:59:12","modified_gmt":"2017-09-19T15:59:12","slug":"ratifican-inversionistas-confianza-en-michoacan-silvano-aureoles","status":"publish","type":"post","link":"https:\/\/radiowebmx.com\/nota\/ratifican-inversionistas-confianza-en-michoacan-silvano-aureoles\/","title":{"rendered":"Ratifican inversionistas confianza en Michoac\u00e1n: Silvano Aureoles"},"content":{"rendered":"<p><a href=\"https:\/\/radiowebmx.com\/nota\/wp-content\/uploads\/2017\/09\/7d3aecf0-d013-4f50-af72-793ac6eec11e.jpeg\"><img loading=\"lazy\" decoding=\"async\" class=\"alignnone  wp-image-44359\" src=\"https:\/\/radiowebmx.com\/nota\/wp-content\/uploads\/2017\/09\/7d3aecf0-d013-4f50-af72-793ac6eec11e-595x397.jpeg\" alt=\"\" width=\"400\" height=\"267\" srcset=\"https:\/\/radiowebmx.com\/nota\/wp-content\/uploads\/2017\/09\/7d3aecf0-d013-4f50-af72-793ac6eec11e-595x397.jpeg 595w, https:\/\/radiowebmx.com\/nota\/wp-content\/uploads\/2017\/09\/7d3aecf0-d013-4f50-af72-793ac6eec11e-768x512.jpeg 768w, https:\/\/radiowebmx.com\/nota\/wp-content\/uploads\/2017\/09\/7d3aecf0-d013-4f50-af72-793ac6eec11e-960x640.jpeg 960w, https:\/\/radiowebmx.com\/nota\/wp-content\/uploads\/2017\/09\/7d3aecf0-d013-4f50-af72-793ac6eec11e-272x182.jpeg 272w, https:\/\/radiowebmx.com\/nota\/wp-content\/uploads\/2017\/09\/7d3aecf0-d013-4f50-af72-793ac6eec11e.jpeg 1280w\" sizes=\"auto, (max-width: 400px) 100vw, 400px\" \/><\/a><\/p>\n<p>&nbsp;<\/p>\n<ul>\n<li><strong>Preside Gobernador Silvano Aureoles la inauguraci\u00f3n de la Nueva Estaci\u00f3n Fedex Morelia, as\u00ed como la firma de Convenio de apoyo a las Mipymes.<\/strong><\/li>\n<li><strong>En 2017 han aterrizado empresas nacionales y globales que en su conjunto han invertido m\u00e1s de 17 mil mdp, cifra hist\u00f3rica para la entidad, destaca el titular de Sedeco Jes\u00fas Melgoza.<\/strong><\/li>\n<\/ul>\n<p><strong>Morelia, Michoac\u00e1n, a 18 de septiembre de 2017.-\u00a0<\/strong>En Michoac\u00e1n existen las condiciones de acompa\u00f1amiento, gestor\u00eda, oportunidades y regulaci\u00f3n para que quienes deseen invertir tengan las mejores oportunidades de acrecentar sus empresas, pronunci\u00f3 el Gobernador Constitucional Silvano Aureoles Conejo, al presidir la inauguraci\u00f3n de la nueva estaci\u00f3n Fedex Morelia.<\/p>\n<p>El jefe del Ejecutivo Estatal felicit\u00f3 y reconoci\u00f3 a Fedex por apostarle una vez m\u00e1s a Michoac\u00e1n, pues con esta nueva estaci\u00f3n se incrementar\u00e1n los empleos y acrecentar\u00e1 la sinergia de la econom\u00eda no solamente en la capital michoacana, sino en todo el estado, pues tendr\u00e1 la capacidad de atender 24 rutas, con la entrega de cerca de 5 mil paquetes diarios a 220 pa\u00edses y territorios.<\/p>\n<p>Hoy se define en nuevo rumbo para Michoac\u00e1n; las empresas nacionales y globales ratifican la confianza en esta entidad federativa, que hoy por hoy se consolida como uno de los principales polos de inversi\u00f3n en la Rep\u00fablica Mexicana y que ser\u00e1 a\u00fan m\u00e1s atractivo con la promulgaci\u00f3n de la Zona Econ\u00f3mica Especial, en el puerto de L\u00e1zaro C\u00e1rdenas, que ser\u00e1 declarado en aproximadamente un mes.<\/p>\n<p>Aureoles Conejo se\u00f1al\u00f3 que el mayor reto de su administraci\u00f3n, a trav\u00e9s de la Secretar\u00eda de Desarrollo Econ\u00f3mico, es hacer sinergia con el empresariado michoacano, en una ruta de trabajo que permita generar mejores oportunidades para el estado y as\u00ed abatir a pasos firmes la pobreza y la desigualdad.<\/p>\n<p>En su participaci\u00f3n, Jes\u00fas Melgoza Vel\u00e1zquez, secretario de Desarrollo Econ\u00f3mico, expuso que la decisi\u00f3n de Fedex fue asertiva, pues gracias a su ubicaci\u00f3n estrat\u00e9gica, Michoac\u00e1n tiene impacto en el 60 por ciento del mercado nacional, adem\u00e1s de que se encuentra a menos de 300 kil\u00f3metros de un mercado de 66 millones de consumidores.<\/p>\n<p>Detall\u00f3 que han llegado inversiones como nunca, pues en lo que va del a\u00f1o se han posicionado grandes empresas nacionales y globales, que en su conjunto han invertido 985 millones de d\u00f3lares, es decir, m\u00e1s de 17 mil millones de pesos, lo que representa una cifra hist\u00f3rica para la entidad.<\/p>\n<p>&nbsp;<\/p>\n<p><a href=\"https:\/\/radiowebmx.com\/nota\/wp-content\/uploads\/2017\/09\/f5f3eb5e-ef37-416a-9683-3e8b19182296.jpeg\"><img loading=\"lazy\" decoding=\"async\" class=\"alignnone  wp-image-44360\" src=\"https:\/\/radiowebmx.com\/nota\/wp-content\/uploads\/2017\/09\/f5f3eb5e-ef37-416a-9683-3e8b19182296-595x397.jpeg\" alt=\"\" width=\"399\" height=\"266\" srcset=\"https:\/\/radiowebmx.com\/nota\/wp-content\/uploads\/2017\/09\/f5f3eb5e-ef37-416a-9683-3e8b19182296-595x397.jpeg 595w, https:\/\/radiowebmx.com\/nota\/wp-content\/uploads\/2017\/09\/f5f3eb5e-ef37-416a-9683-3e8b19182296-768x512.jpeg 768w, https:\/\/radiowebmx.com\/nota\/wp-content\/uploads\/2017\/09\/f5f3eb5e-ef37-416a-9683-3e8b19182296-960x640.jpeg 960w, https:\/\/radiowebmx.com\/nota\/wp-content\/uploads\/2017\/09\/f5f3eb5e-ef37-416a-9683-3e8b19182296-272x182.jpeg 272w, https:\/\/radiowebmx.com\/nota\/wp-content\/uploads\/2017\/09\/f5f3eb5e-ef37-416a-9683-3e8b19182296.jpeg 1280w\" sizes=\"auto, (max-width: 399px) 100vw, 399px\" \/><\/a><\/p>\n<p>Por ello dio la cordial bienvenida a esta empresa con una fuerte presencia nacional y prestigio internacional; \u201choy nos complace ver que una compa\u00f1\u00eda de este tipo forme parte de las inversiones que est\u00e1n aterrizando en Michoac\u00e1n, desde aqu\u00ed mi reconocimiento por su llegada y adem\u00e1s por la firma de convenio con el que impulsaremos el crecimiento de la Mypime michoacana\u201d.<\/p>\n<p>Jorge Luis Torres Aguilar, presidente de Fedex M\u00e9xico, expuso que \u00e9ste evento es importante para todas y todos, pues la empresa con 44 a\u00f1os de experiencia le apuesta nuevamente al estado, con presencia de mil 300 puntos de venta en todo el territorio nacional, 84 estaciones de servicio y cinco vuelos internacionales diarios que conectan a Michoac\u00e1n con el mundo.<\/p>\n<p>\u201cDe esta manera se confirma la confianza que seguimos teniendo en M\u00e9xico, como en el crecimiento y dinamismo de la econom\u00eda de este importante estado de la Rep\u00fablica; sabemos que las peque\u00f1as y medianas empresas michoacanas abonan a transformar e impulsar al pa\u00eds\u201d, extern\u00f3.<\/p>\n<p>El mandatario estatal tambi\u00e9n encabez\u00f3 la firma de convenio de apoyo a las micro, peque\u00f1as y medianas empresas (Mipymes) signado entre la Secretar\u00eda de Desarrollo Econ\u00f3mico y Fedex, mismo que pretende ofrecer al empresariado michoacano consultor\u00eda y tarifas preferenciales para posicionar sus productos dentro y fuera del pa\u00eds.<\/p>\n<p>En la inauguraci\u00f3n tambi\u00e9n estuvieron presentes Alfonso Mart\u00ednez Alc\u00e1zar, presidente municipal de Morelia; Marcelino Santos Guevara, secretario general de Fedex M\u00e9xico; Mayra Payan Arranz, directora de Operaciones de Fedex M\u00e9xico, distrito Occidente y Ariel D\u00edaz Gonz\u00e1lez, director legal de Fedex M\u00e9xico; funcionarios municipales y estatales, sector empresarial, medios de comunicaci\u00f3n y trabajadores de la nueva estaci\u00f3n.<\/p>\n","protected":false},"excerpt":{"rendered":"<p>&nbsp; Preside Gobernador Silvano Aureoles la inauguraci\u00f3n de la Nueva Estaci\u00f3n Fedex Morelia, as\u00ed como la firma de Convenio de apoyo a las Mipymes. En 2017 han aterrizado empresas nacionales y globales que en su conjunto han invertido m\u00e1s de 17 mil mdp, cifra hist\u00f3rica para la entidad, destaca el titular de Sedeco Jes\u00fas Melgoza. [&hellip;]<\/p>\n","protected":false},"author":2,"featured_media":44358,"comment_status":"closed","ping_status":"closed","sticky":false,"template":"","format":"standard","meta":{"footnotes":""},"categories":[14,3,60],"tags":[],"class_list":["post-44357","post","type-post","status-publish","format-standard","has-post-thumbnail","hentry","category-destacadas","category-gobierno-del-estado-de-michoacan","category-michoacan"],"_links":{"self":[{"href":"https:\/\/radiowebmx.com\/nota\/wp-json\/wp\/v2\/posts\/44357","targetHints":{"allow":["GET"]}}],"collection":[{"href":"https:\/\/radiowebmx.com\/nota\/wp-json\/wp\/v2\/posts"}],"about":[{"href":"https:\/\/radiowebmx.com\/nota\/wp-json\/wp\/v2\/types\/post"}],"author":[{"embeddable":true,"href":"https:\/\/radiowebmx.com\/nota\/wp-json\/wp\/v2\/users\/2"}],"replies":[{"embeddable":true,"href":"https:\/\/radiowebmx.com\/nota\/wp-json\/wp\/v2\/comments?post=44357"}],"version-history":[{"count":1,"href":"https:\/\/radiowebmx.com\/nota\/wp-json\/wp\/v2\/posts\/44357\/revisions"}],"predecessor-version":[{"id":44361,"href":"https:\/\/radiowebmx.com\/nota\/wp-json\/wp\/v2\/posts\/44357\/revisions\/44361"}],"wp:featuredmedia":[{"embeddable":true,"href":"https:\/\/radiowebmx.com\/nota\/wp-json\/wp\/v2\/media\/44358"}],"wp:attachment":[{"href":"https:\/\/radiowebmx.com\/nota\/wp-json\/wp\/v2\/media?parent=44357"}],"wp:term":[{"taxonomy":"category","embeddable":true,"href":"https:\/\/radiowebmx.com\/nota\/wp-json\/wp\/v2\/categories?post=44357"},{"taxonomy":"post_tag","embeddable":true,"href":"https:\/\/radiowebmx.com\/nota\/wp-json\/wp\/v2\/tags?post=44357"}],"curies":[{"name":"wp","href":"https:\/\/api.w.org\/{rel}","templated":true}]}}