{"id":44353,"date":"2017-09-18T18:44:02","date_gmt":"2017-09-18T23:44:02","guid":{"rendered":"https:\/\/radiowebmx.com\/nota\/?p=44353"},"modified":"2017-09-19T10:52:11","modified_gmt":"2017-09-19T15:52:11","slug":"presidente-en-tu-tenencia-llegara-este-martes-a-atecuaro","status":"publish","type":"post","link":"https:\/\/radiowebmx.com\/nota\/presidente-en-tu-tenencia-llegara-este-martes-a-atecuaro\/","title":{"rendered":"Presidente en tu Tenencia llegar\u00e1 este martes a At\u00e9cuaro"},"content":{"rendered":"<p><a href=\"https:\/\/radiowebmx.com\/nota\/wp-content\/uploads\/2017\/09\/7ff3f550-3e42-4c56-899a-4df6e900af5b.jpeg\"><img loading=\"lazy\" decoding=\"async\" class=\"alignnone  wp-image-44355\" src=\"https:\/\/radiowebmx.com\/nota\/wp-content\/uploads\/2017\/09\/7ff3f550-3e42-4c56-899a-4df6e900af5b-595x396.jpeg\" alt=\"\" width=\"401\" height=\"267\" srcset=\"https:\/\/radiowebmx.com\/nota\/wp-content\/uploads\/2017\/09\/7ff3f550-3e42-4c56-899a-4df6e900af5b-595x396.jpeg 595w, https:\/\/radiowebmx.com\/nota\/wp-content\/uploads\/2017\/09\/7ff3f550-3e42-4c56-899a-4df6e900af5b-768x511.jpeg 768w, https:\/\/radiowebmx.com\/nota\/wp-content\/uploads\/2017\/09\/7ff3f550-3e42-4c56-899a-4df6e900af5b-960x639.jpeg 960w, https:\/\/radiowebmx.com\/nota\/wp-content\/uploads\/2017\/09\/7ff3f550-3e42-4c56-899a-4df6e900af5b-272x182.jpeg 272w, https:\/\/radiowebmx.com\/nota\/wp-content\/uploads\/2017\/09\/7ff3f550-3e42-4c56-899a-4df6e900af5b.jpeg 1280w\" sizes=\"auto, (max-width: 401px) 100vw, 401px\" \/><\/a><\/p>\n<p>&nbsp;<\/p>\n<ul>\n<li><strong>Este 19 de septiembre se implementar\u00e1 el programa desde las 12:00 a las 18:00 horas.<\/strong><\/li>\n<\/ul>\n<div>El apoyo y atenci\u00f3n de las familias de manera directa es uno de los objetivos del programa \u201cPresidente en tu Tenencia\u201d, que este martes 19 de septiembre se efectuar\u00e1 en At\u00e9cuaro en un horario de 12:00 a 18:00 horas.<\/p>\n<p>Una de las caracter\u00edsticas primordiales de la Administraci\u00f3n Municipal que encabeza el Alcalde, Alfonso Mart\u00ednez Alc\u00e1zar es el acercamiento contin\u00fao con la poblaci\u00f3n y trasladar las oficinas municipales a las colonias y tenencias, c\u00f3mo se realizar\u00e1 en esta ocasi\u00f3n.<\/p>\n<p>Es de recordar que en otras tenencias como Capula, el Presidente Municipal ha apoyado y promovido de manera decidida la principal fuente de econom\u00eda de la regi\u00f3n de la zona rural a visitar.<\/p>\n<p>Cabe recordar que en la citada localidad se benefici\u00f3 a los orfebres con 250 viajes de tierra para la fabricaci\u00f3n de alfarer\u00eda y artesan\u00eda, lo cual impact\u00f3 de manera directa y en apoyo de 200 familias de la comunidad.<\/p>\n<p>A la par, en los trabajos que contempla este programa se realiza balizamiento, mejoramiento de la imagen urbana, pintura, alumbrado p\u00fablico, obras de rehabilitaci\u00f3n vial, entre otras, coadyuvando a mejorar el entorno urbano y social.<\/p>\n<p>Adem\u00e1s que los habitantes de la tenencia podr\u00e1n acceder de manera totalmente gratuita a los servicios b\u00e1sicos de salud, higiene dental, atenci\u00f3n m\u00e9dica, orientaci\u00f3n en salud sexual, por mencionar solo algunos.<\/p>\n<p>De esta manera, el Ayuntamiento de Morelia invita a la ciudadan\u00eda a cerrar filas y trabajar de manera cercana con la Administraci\u00f3n Municipal en la b\u00fasqueda de realizar un trabajo eficiente y que ayude a mejorar la calidad de vida de toda la ciudadan\u00eda.<\/p><\/div>\n","protected":false},"excerpt":{"rendered":"<p>&nbsp; Este 19 de septiembre se implementar\u00e1 el programa desde las 12:00 a las 18:00 horas. El apoyo y atenci\u00f3n de las familias de manera directa es uno de los objetivos del programa \u201cPresidente en tu Tenencia\u201d, que este martes 19 de septiembre se efectuar\u00e1 en At\u00e9cuaro en un horario de 12:00 a 18:00 horas. [&hellip;]<\/p>\n","protected":false},"author":2,"featured_media":44354,"comment_status":"closed","ping_status":"closed","sticky":false,"template":"","format":"standard","meta":{"footnotes":""},"categories":[14,60,9],"tags":[],"class_list":["post-44353","post","type-post","status-publish","format-standard","has-post-thumbnail","hentry","category-destacadas","category-michoacan","category-morelia"],"_links":{"self":[{"href":"https:\/\/radiowebmx.com\/nota\/wp-json\/wp\/v2\/posts\/44353","targetHints":{"allow":["GET"]}}],"collection":[{"href":"https:\/\/radiowebmx.com\/nota\/wp-json\/wp\/v2\/posts"}],"about":[{"href":"https:\/\/radiowebmx.com\/nota\/wp-json\/wp\/v2\/types\/post"}],"author":[{"embeddable":true,"href":"https:\/\/radiowebmx.com\/nota\/wp-json\/wp\/v2\/users\/2"}],"replies":[{"embeddable":true,"href":"https:\/\/radiowebmx.com\/nota\/wp-json\/wp\/v2\/comments?post=44353"}],"version-history":[{"count":1,"href":"https:\/\/radiowebmx.com\/nota\/wp-json\/wp\/v2\/posts\/44353\/revisions"}],"predecessor-version":[{"id":44356,"href":"https:\/\/radiowebmx.com\/nota\/wp-json\/wp\/v2\/posts\/44353\/revisions\/44356"}],"wp:featuredmedia":[{"embeddable":true,"href":"https:\/\/radiowebmx.com\/nota\/wp-json\/wp\/v2\/media\/44354"}],"wp:attachment":[{"href":"https:\/\/radiowebmx.com\/nota\/wp-json\/wp\/v2\/media?parent=44353"}],"wp:term":[{"taxonomy":"category","embeddable":true,"href":"https:\/\/radiowebmx.com\/nota\/wp-json\/wp\/v2\/categories?post=44353"},{"taxonomy":"post_tag","embeddable":true,"href":"https:\/\/radiowebmx.com\/nota\/wp-json\/wp\/v2\/tags?post=44353"}],"curies":[{"name":"wp","href":"https:\/\/api.w.org\/{rel}","templated":true}]}}