{"id":44350,"date":"2017-09-18T19:41:15","date_gmt":"2017-09-19T00:41:15","guid":{"rendered":"https:\/\/radiowebmx.com\/nota\/?p=44350"},"modified":"2017-09-19T10:49:55","modified_gmt":"2017-09-19T15:49:55","slug":"ayuntamiento-invita-a-seminario-historia-contemporanea-de-morelia","status":"publish","type":"post","link":"https:\/\/radiowebmx.com\/nota\/ayuntamiento-invita-a-seminario-historia-contemporanea-de-morelia\/","title":{"rendered":"Ayuntamiento  invita a  Seminario \u201cHistoria Contempor\u00e1nea de Morelia\u201d"},"content":{"rendered":"<p>Como parte de la difusi\u00f3n de la cultura, el Ayuntamiento invita a la conferencia magistral \u201cPol\u00edtica contempor\u00e1nea y participaci\u00f3n social en Morelia\u201d, la cual ser\u00e1 impartida\u00a0 en el marco del seminario \u201cHistoria Contempor\u00e1nea de la Morelia\u201d, la cual ser\u00e1 impartida este pr\u00f3ximo martes 19 de septiembre del presente a\u00f1o en las instalaciones de este dependencia municipal ubicada en Galeana \u00a0#302, en el Centro Hist\u00f3rico.<\/p>\n<p>El Director de Asuntos Interinstitucionales y Cabildo, Germ\u00e1n Mart\u00ednez Ramos record\u00f3 que estas labores forman parte de las acciones culturales que lleva a cabo el Archivo de manera continua\u00a0\u00a0y que permiten a los asistentes acceder a los sucesos fidedignos que la ciudad vivi\u00f3 a trav\u00e9s de los a\u00f1os.<\/p>\n<p>\u201cSomos la sede del testimonio\u00a0hist\u00f3rico\u00a0de Morelia, en las instalaciones del Archivo acude poblaci\u00f3n de todas las edades \u00a0para conocer m\u00e1s de la ciudad, no s\u00f3lo investigadores para consultar \u00a0los documentos que resguardamos, afirm\u00f3.<\/p>\n<p>Es de destacar que otro de los eventos de este seminario ser\u00e1 la conferencia \u201cEl desarrollo de la cultura vehicular en Morelia a finales del siglo XX\u201d, la cual est\u00e1 programada para el 26 de septiembre a las 18:00 horas y estar\u00e1 a cargo de Guillermo Rodr\u00edguez Herrej\u00f3n, investigador nicolaita especializado en el tema.<\/p>\n<p>De esta manera, el Ayuntamiento de Morelia sigue con la aportaci\u00f3n de cultura a la poblaci\u00f3n \u00a0y organiza eventos que permitan compartir ese conocimiento e historia que guarda la Urbe de la Cantera Rosa.<\/p>\n","protected":false},"excerpt":{"rendered":"<p>Como parte de la difusi\u00f3n de la cultura, el Ayuntamiento invita a la conferencia magistral \u201cPol\u00edtica contempor\u00e1nea y participaci\u00f3n social en Morelia\u201d, la cual ser\u00e1 impartida\u00a0 en el marco del seminario \u201cHistoria Contempor\u00e1nea de la Morelia\u201d, la cual ser\u00e1 impartida este pr\u00f3ximo martes 19 de septiembre del presente a\u00f1o en las instalaciones de este dependencia [&hellip;]<\/p>\n","protected":false},"author":2,"featured_media":44351,"comment_status":"closed","ping_status":"closed","sticky":false,"template":"","format":"standard","meta":{"footnotes":""},"categories":[14,60,9],"tags":[],"class_list":["post-44350","post","type-post","status-publish","format-standard","has-post-thumbnail","hentry","category-destacadas","category-michoacan","category-morelia"],"_links":{"self":[{"href":"https:\/\/radiowebmx.com\/nota\/wp-json\/wp\/v2\/posts\/44350","targetHints":{"allow":["GET"]}}],"collection":[{"href":"https:\/\/radiowebmx.com\/nota\/wp-json\/wp\/v2\/posts"}],"about":[{"href":"https:\/\/radiowebmx.com\/nota\/wp-json\/wp\/v2\/types\/post"}],"author":[{"embeddable":true,"href":"https:\/\/radiowebmx.com\/nota\/wp-json\/wp\/v2\/users\/2"}],"replies":[{"embeddable":true,"href":"https:\/\/radiowebmx.com\/nota\/wp-json\/wp\/v2\/comments?post=44350"}],"version-history":[{"count":1,"href":"https:\/\/radiowebmx.com\/nota\/wp-json\/wp\/v2\/posts\/44350\/revisions"}],"predecessor-version":[{"id":44352,"href":"https:\/\/radiowebmx.com\/nota\/wp-json\/wp\/v2\/posts\/44350\/revisions\/44352"}],"wp:featuredmedia":[{"embeddable":true,"href":"https:\/\/radiowebmx.com\/nota\/wp-json\/wp\/v2\/media\/44351"}],"wp:attachment":[{"href":"https:\/\/radiowebmx.com\/nota\/wp-json\/wp\/v2\/media?parent=44350"}],"wp:term":[{"taxonomy":"category","embeddable":true,"href":"https:\/\/radiowebmx.com\/nota\/wp-json\/wp\/v2\/categories?post=44350"},{"taxonomy":"post_tag","embeddable":true,"href":"https:\/\/radiowebmx.com\/nota\/wp-json\/wp\/v2\/tags?post=44350"}],"curies":[{"name":"wp","href":"https:\/\/api.w.org\/{rel}","templated":true}]}}