{"id":4430,"date":"2013-11-06T11:52:21","date_gmt":"2013-11-06T17:52:21","guid":{"rendered":"https:\/\/radiowebmx.com\/nota\/?p=4430"},"modified":"2013-11-06T11:52:21","modified_gmt":"2013-11-06T17:52:21","slug":"indispensable-dictaminar-iniciativa-que-regula-marchas-y-plantones-en-michoacan-alfonso-martinez-alcazar","status":"publish","type":"post","link":"https:\/\/radiowebmx.com\/nota\/indispensable-dictaminar-iniciativa-que-regula-marchas-y-plantones-en-michoacan-alfonso-martinez-alcazar\/","title":{"rendered":"Indispensable dictaminar Iniciativa que Regula Marchas y Plantones en Michoac\u00e1n: Alfonso Mart\u00ednez Alc\u00e1zar"},"content":{"rendered":"<p><a href=\"https:\/\/radiowebmx.com\/nota\/wp-content\/uploads\/2013\/11\/Alfonso-Mart\u00ednez-Alc\u00e1zar-presidente-JCP.jpg\"><img loading=\"lazy\" decoding=\"async\" class=\"alignleft size-full wp-image-4431\" alt=\"Alfonso Mart\u00ednez Alc\u00e1zar, presidente JCP\" src=\"https:\/\/radiowebmx.com\/nota\/wp-content\/uploads\/2013\/11\/Alfonso-Mart\u00ednez-Alc\u00e1zar-presidente-JCP.jpg\" width=\"591\" height=\"527\" \/><\/a>&#8220;Ante la situaci\u00f3n que prevalece en el Estado, es urgente que se apliquen las medidas necesarias que permitan reivindicar el orden, la paz social, as\u00ed como la imagen de la entidad\u201d, as\u00ed lo se\u00f1al\u00f3 el Coordinador del Grupo Parlamentario del Partido Acci\u00f3n Nacional en el Congreso Local, el diputado Alfonso Mart\u00ednez Alc\u00e1zar.<\/p>\n<p>Mart\u00ednez Alc\u00e1zar refiri\u00f3 que es indispensable se dictamine lo antes posible la Iniciativa de Ley presentada por Acci\u00f3n Nacional, ante el Pleno del Poder Legislativo desde hace nueve meses, y que actualmente se encuentra a\u00fan en an\u00e1lisis en las Comisiones de Dictamen, Iniciativa que permitir\u00e1 Regular las Reuniones en Lugares P\u00fablicos del Estado, con la intenci\u00f3n de\u00a0establecer bases que consientan el libre ejercicio del derecho de reuni\u00f3n.<\/p>\n<p>\u201cEn los \u00faltimos a\u00f1os, Michoac\u00e1n ha sido da\u00f1ado por constantes conflictos sociales, as\u00ed como manifestaciones, marchas, plantones, protestas, lo que ha venido deteriorando la imagen tur\u00edstica que la entidad hab\u00eda venido manejando al ser un destino con grandes tradiciones, un Estado que cuenta con playa, una cultura de varias generaciones, rico en potencial y agricultura, no solo a nivel nacional, sino internacional, por lo que debemos impulsar acciones que mejoren la situaci\u00f3n actual y regrese el desarrollo que anhelamos\u201d, indic\u00f3.<\/p>\n<p>\u201cEs importante se\u00f1alar que en AN no estamos en contra de las manifestaciones de ning\u00fan grupo, ya que todos expresan alguna demanda o exigencia social, de lo que estamos en contra es de que se violenten los derechos de otros, para obtener fines propios\u201d, reiter\u00f3 el legislador.<\/p>\n<p>El tambi\u00e9n Presidente de la Junta de Coordinaci\u00f3n Pol\u00edtica del Congreso Local, indic\u00f3 que la presente Iniciativa no pretende de ninguna manera limitar, restringir o menoscabar el derecho de los individuos a expresarse, reunirse o manifestarse p\u00fablicamente.<\/p>\n<p>Cabe destacar que el contenido de la Iniciativa\u00a0considera como infracciones a la Ley, el no respetar las superficies se\u00f1aladas, como es el utilizar m\u00e1s del 50 por ciento de las avenidas o calles; el invadir zonas no autorizadas; alterar el orden p\u00fablico; expresar amenazas; ejercer violencia contra las personas; as\u00ed como impedir el libre ejercicio de derechos humanos.<\/p>\n<p>Dentro de las infracciones que ser\u00e1n sancionadas por la Autoridad Municipal, se encuentran la amonestaci\u00f3n, multa de cien a quinientos d\u00edas de salario m\u00ednimo general vigente; arresto Administrativo hasta por 36 horas y trabajo a favor de la comunidad durante 30 jornadas laborales.<\/p>\n<p>Finalmente reiter\u00f3, \u201cno es nuevo que el PAN muestre preocupaci\u00f3n en el tema,\u00a0en este sentido, como legisladores tenemos la obligaci\u00f3n de establecer medidas claras y eficaces que protejan el libre ejercicio de los derechos humanos de todos, pugnando por la protecci\u00f3n de libertades en un marco de respeto garantizado por las autoridades, por lo que pugnamos para que sea dictaminada en las pr\u00f3ximas semanas\u201d.<\/p>\n","protected":false},"excerpt":{"rendered":"<p>&#8220;Ante la situaci\u00f3n que prevalece en el Estado, es urgente que se apliquen las medidas necesarias que permitan reivindicar el orden, la paz social, as\u00ed como la imagen de la entidad\u201d, as\u00ed lo se\u00f1al\u00f3 el Coordinador del Grupo Parlamentario del Partido Acci\u00f3n Nacional en el Congreso Local, el diputado Alfonso Mart\u00ednez Alc\u00e1zar.<\/p>\n","protected":false},"author":1,"featured_media":0,"comment_status":"open","ping_status":"open","sticky":false,"template":"","format":"standard","meta":{"footnotes":""},"categories":[6,14,8],"tags":[],"class_list":["post-4430","post","type-post","status-publish","format-standard","hentry","category-congreso-del-estado","category-destacadas","category-grupo-parlamentario-del-pan"],"_links":{"self":[{"href":"https:\/\/radiowebmx.com\/nota\/wp-json\/wp\/v2\/posts\/4430","targetHints":{"allow":["GET"]}}],"collection":[{"href":"https:\/\/radiowebmx.com\/nota\/wp-json\/wp\/v2\/posts"}],"about":[{"href":"https:\/\/radiowebmx.com\/nota\/wp-json\/wp\/v2\/types\/post"}],"author":[{"embeddable":true,"href":"https:\/\/radiowebmx.com\/nota\/wp-json\/wp\/v2\/users\/1"}],"replies":[{"embeddable":true,"href":"https:\/\/radiowebmx.com\/nota\/wp-json\/wp\/v2\/comments?post=4430"}],"version-history":[{"count":1,"href":"https:\/\/radiowebmx.com\/nota\/wp-json\/wp\/v2\/posts\/4430\/revisions"}],"predecessor-version":[{"id":4432,"href":"https:\/\/radiowebmx.com\/nota\/wp-json\/wp\/v2\/posts\/4430\/revisions\/4432"}],"wp:attachment":[{"href":"https:\/\/radiowebmx.com\/nota\/wp-json\/wp\/v2\/media?parent=4430"}],"wp:term":[{"taxonomy":"category","embeddable":true,"href":"https:\/\/radiowebmx.com\/nota\/wp-json\/wp\/v2\/categories?post=4430"},{"taxonomy":"post_tag","embeddable":true,"href":"https:\/\/radiowebmx.com\/nota\/wp-json\/wp\/v2\/tags?post=4430"}],"curies":[{"name":"wp","href":"https:\/\/api.w.org\/{rel}","templated":true}]}}