{"id":44142,"date":"2017-09-14T11:30:15","date_gmt":"2017-09-14T16:30:15","guid":{"rendered":"https:\/\/radiowebmx.com\/nota\/?p=44142"},"modified":"2017-09-14T11:30:15","modified_gmt":"2017-09-14T16:30:15","slug":"a-no-escatimar-esfuerzos-para-el-desarrollo-de-michoacan-convoca-jose-guadalupe-aguilera","status":"publish","type":"post","link":"https:\/\/radiowebmx.com\/nota\/a-no-escatimar-esfuerzos-para-el-desarrollo-de-michoacan-convoca-jose-guadalupe-aguilera\/","title":{"rendered":"A no escatimar esfuerzos para el desarrollo de Michoac\u00e1n, convoca Jos\u00e9 Guadalupe Aguilera"},"content":{"rendered":"<p class=\"x_MsoNormal\"><b>Morelia; Michoac\u00e1n, 14 de septiembre de 2017<\/b>.- A no escatimar esfuerzos en la tarea de buscar beneficio com\u00fan para Michoac\u00e1n, exhort\u00f3 el diputado Jos\u00e9 Guadalupe Aguilera Rojas, presidente de la Comisi\u00f3n de Turismo en la\u00a0<span id=\"0.9956550532917161\" class=\"currentHitHighlight\">LXXIII<\/span>\u00a0Legislatura Local, a todos los actores pol\u00edticos, \u00f3rdenes de gobierno y sociedad, tras se\u00f1alar que con motivo de los festejos patrios se espera gran afluencia en la entidad, para refrendar la vocaci\u00f3n del estado en la materia.<\/p>\n<p class=\"x_MsoNormal\">El diputado por el distrito de P\u00e1tzcuaro, resalt\u00f3 que como presidente de la Comisi\u00f3n de Turismo del Congreso del Estado no ha escatimado esfuerzos en la tarea de buscar beneficio com\u00fan, y \u201che aportado mis esfuerzos para avanzar, porque s\u00e9 que la llamada industria sin chimeneas es uno de los sectores m\u00e1s importantes para Michoac\u00e1n y su desarrollo y desde ah\u00ed estamos haciendo lo que nos corresponde\u201d.<\/p>\n<p class=\"x_MsoNormal\">Resalt\u00f3 que son muchas las necesidades del estado, pero que si se trabaja de manera coordinada por el bien com\u00fan, se lograr\u00e1 el progreso y bienestar, y en ese sentido,\u00a0 como integrante de la Comisi\u00f3n Especial para darle Seguimiento a la Zona Econ\u00f3mica Especial del Puerto de L\u00e1zaro C\u00e1rdenas, se han realizado acuerdos importantes \u201cpues estamos claros que el desarrollo de Michoac\u00e1n finca ah\u00ed gran parte de su futuro\u201d.<\/p>\n<p class=\"x_MsoNormal\">\u201cComo representantes populares y servidores p\u00fablicos no debemos dar espaldas a la sociedad a la que nos debemos, sino el conducto para que las demandas de \u00e9sta encuentren soluci\u00f3n y sus aspiraciones puedan cristalizarse\u201d.<\/p>\n<p class=\"x_MsoNormal\">Record\u00f3 que uno de los temas m\u00e1s sentidos para las y los michoacanos, es pugnar que los municipios dejen de ser relegados en la distribuci\u00f3n de los recursos p\u00fablicos del pa\u00eds y por ello, ha presentado exhortos al respecto y seguir\u00e1 demandado una distribuci\u00f3n equitativa de recursos para los estados y municipios.<\/p>\n<p class=\"x_MsoNormal\">En ese sentido, hizo menci\u00f3n que en meses pasados promovi\u00f3 un acuerdo para que desde el Congreso del Estado de Michoac\u00e1n se presente y promueva en la C\u00e1mara de Diputados del Honorable Congreso de la Uni\u00f3n, una reforma a la Ley de Coordinaci\u00f3n Fiscal que reconozca la importancia de los municipios en los criterios de distribuci\u00f3n presupuestal.<\/p>\n<p class=\"x_MsoNormal\">Adem\u00e1s, preocupado por el impacto que significar\u00eda la disminuci\u00f3n del 35 por ciento de los recursos para Michoac\u00e1n dentro del presupuesto Federal de 2017, tambi\u00e9n present\u00f3 un posicionamiento firme, condenando el sesgo partidista con el que se distribuyen los recursos a las diferentes entidades en el pa\u00eds.<\/p>\n<p class=\"x_MsoNormal\">Tambi\u00e9n en meses anteriores manifest\u00f3 desde la m\u00e1xima tribuna del estado su desacuerdo con el incremento a las gasolinas y la amenaza de un nuevo gasolinazo para febrero de este a\u00f1o, al considerar que estas acciones afectan a millones de mexicanos, especialmente a los que viven en pobreza.<\/p>\n<p class=\"x_MsoNormal\">Por lo anterior, subray\u00f3 la necesidad de cerrar filas para lograr el desarrollo de Michoac\u00e1n y de los ciudadanos en los diversos sectores, por lo que refrend\u00f3 su compromiso de seguir impulsando y defendiendo los intereses de las mayor\u00edas desde el Poder Legislativo.<\/p>\n<p class=\"x_MsoNormal\">\n","protected":false},"excerpt":{"rendered":"<p>Morelia; Michoac\u00e1n, 14 de septiembre de 2017.- A no escatimar esfuerzos en la tarea de buscar beneficio com\u00fan para Michoac\u00e1n, exhort\u00f3 el diputado Jos\u00e9 Guadalupe Aguilera Rojas, presidente de la Comisi\u00f3n de Turismo en la\u00a0LXXIII\u00a0Legislatura Local, a todos los actores pol\u00edticos, \u00f3rdenes de gobierno y sociedad, tras se\u00f1alar que con motivo de los festejos patrios [&hellip;]<\/p>\n","protected":false},"author":2,"featured_media":44143,"comment_status":"closed","ping_status":"closed","sticky":false,"template":"","format":"standard","meta":{"footnotes":""},"categories":[6,14],"tags":[],"class_list":["post-44142","post","type-post","status-publish","format-standard","has-post-thumbnail","hentry","category-congreso-del-estado","category-destacadas"],"_links":{"self":[{"href":"https:\/\/radiowebmx.com\/nota\/wp-json\/wp\/v2\/posts\/44142","targetHints":{"allow":["GET"]}}],"collection":[{"href":"https:\/\/radiowebmx.com\/nota\/wp-json\/wp\/v2\/posts"}],"about":[{"href":"https:\/\/radiowebmx.com\/nota\/wp-json\/wp\/v2\/types\/post"}],"author":[{"embeddable":true,"href":"https:\/\/radiowebmx.com\/nota\/wp-json\/wp\/v2\/users\/2"}],"replies":[{"embeddable":true,"href":"https:\/\/radiowebmx.com\/nota\/wp-json\/wp\/v2\/comments?post=44142"}],"version-history":[{"count":1,"href":"https:\/\/radiowebmx.com\/nota\/wp-json\/wp\/v2\/posts\/44142\/revisions"}],"predecessor-version":[{"id":44144,"href":"https:\/\/radiowebmx.com\/nota\/wp-json\/wp\/v2\/posts\/44142\/revisions\/44144"}],"wp:featuredmedia":[{"embeddable":true,"href":"https:\/\/radiowebmx.com\/nota\/wp-json\/wp\/v2\/media\/44143"}],"wp:attachment":[{"href":"https:\/\/radiowebmx.com\/nota\/wp-json\/wp\/v2\/media?parent=44142"}],"wp:term":[{"taxonomy":"category","embeddable":true,"href":"https:\/\/radiowebmx.com\/nota\/wp-json\/wp\/v2\/categories?post=44142"},{"taxonomy":"post_tag","embeddable":true,"href":"https:\/\/radiowebmx.com\/nota\/wp-json\/wp\/v2\/tags?post=44142"}],"curies":[{"name":"wp","href":"https:\/\/api.w.org\/{rel}","templated":true}]}}