{"id":44080,"date":"2017-09-13T14:23:27","date_gmt":"2017-09-13T19:23:27","guid":{"rendered":"https:\/\/radiowebmx.com\/nota\/?p=44080"},"modified":"2017-09-13T14:38:12","modified_gmt":"2017-09-13T19:38:12","slug":"anuncian-autoridades-cierres-a-la-circulacion-en-calles-del-centro-historico-los-dias-15-y-16-de-septiembre","status":"publish","type":"post","link":"https:\/\/radiowebmx.com\/nota\/anuncian-autoridades-cierres-a-la-circulacion-en-calles-del-centro-historico-los-dias-15-y-16-de-septiembre\/","title":{"rendered":"Anuncian autoridades cierres a la circulaci\u00f3n en calles del Centro Hist\u00f3rico los d\u00edas 15 y 16 de Septiembre"},"content":{"rendered":"<ul>\n<li><strong>Debido al tradicional grito de la noche del 15 y el desfile del 16, se cerrar\u00e1 la circulaci\u00f3n vial en algunas calles del Centro Hist\u00f3rico.<\/strong><\/li>\n<\/ul>\n<p>&nbsp;<\/p>\n<div>\n<p>Con el firme objetivo de resguardar la seguridad de la ciudadan\u00eda y permitir que las celebraciones del mes patrio se lleven a cabo de manera ordenada y tranquila a lo largo del fin de semana, los Gobiernos Municipal y Estatal, anuncian que se desplegar\u00e1 un operativo a partir de las 22:00 horas del d\u00eda 14 de Septiembre que incluye el cierre de algunas de las vialidades del Centro Hist\u00f3rico de la Capital Michoacana y la distribuci\u00f3n de arcos detectores y vallas met\u00e1licas.<\/p>\n<\/div>\n<p><a href=\"https:\/\/radiowebmx.com\/nota\/wp-content\/uploads\/2017\/09\/62edba1e-ab78-41dc-b7ce-24d4c3654bfe.jpeg\"><img loading=\"lazy\" decoding=\"async\" class=\"alignnone wp-image-44081\" src=\"https:\/\/radiowebmx.com\/nota\/wp-content\/uploads\/2017\/09\/62edba1e-ab78-41dc-b7ce-24d4c3654bfe-595x803.jpeg\" alt=\"\" width=\"400\" height=\"540\" srcset=\"https:\/\/radiowebmx.com\/nota\/wp-content\/uploads\/2017\/09\/62edba1e-ab78-41dc-b7ce-24d4c3654bfe-595x803.jpeg 595w, https:\/\/radiowebmx.com\/nota\/wp-content\/uploads\/2017\/09\/62edba1e-ab78-41dc-b7ce-24d4c3654bfe-768x1036.jpeg 768w, https:\/\/radiowebmx.com\/nota\/wp-content\/uploads\/2017\/09\/62edba1e-ab78-41dc-b7ce-24d4c3654bfe.jpeg 949w\" sizes=\"auto, (max-width: 400px) 100vw, 400px\" \/><\/a><\/p>\n<p>&nbsp;<\/p>\n<div>\n<p>En este tenor, el Comisionado para la Seguridad de Morelia, Bernardo Le\u00f3n Olea, inform\u00f3 que se establecer\u00e1n 12 puntos de acceso controlado con arcos detectores de metal; 21 cortes de circulaci\u00f3n vial y peatonal con valla met\u00e1lica y resguardo; 3 puntos de vigilancia fija a trav\u00e9s de torres; dos centros de atenci\u00f3n a v\u00edctimas fijos y vigilancia en el interior de la zona cerrada.<\/p>\n<p>Desde las 07:00 horas del d\u00eda 15 de septiembre se tendr\u00e1n accesos controlados en los cruces de las calles; Quintana Roo y Madero Pte., Guillermo Prieto y Santiago Tapia, Morelos Norte y Santiago Tapia, Madero Oriente y Serapio Rend\u00f3n, Vasco de Quiroga y Antonio Alzate, Morelos Sur y Corregidora, Allende y Cerrada Hidalgo, Abasolo y Corregidora, Abasolo y Allende, Guillermo Prieto y Madero Pte., Morelos Norte y Madero Oriente, Morelos Sur y Valladolid.<\/p>\n<p>Respecto a los cortes de la circulaci\u00f3n del d\u00eda 15 de Septiembre, ser\u00e1n 21 cruces los que ser\u00e1n cerrados y estos son los de las calles: Valent\u00edn G\u00f3mez Far\u00edas y Santiago Tapia, Nigromante y Santiago Tapia, Ignacio Zaragoza y Santiago Tapia, Benito Ju\u00e1rez y Santiago Tapia, Pino Suarez y 20 de Noviembre, \u00c1lvaro Obreg\u00f3n y 20 de Noviembre, Belisario Dom\u00ednguez y 20 de Noviembre, Serapio Rend\u00f3n y 20 de Noviembre, Aquiles Serd\u00e1n y Miguel Silva, Madero Oriente y Miguel Silva, Bartolom\u00e9 de las Casas y Juan Jos\u00e9 de Lejarza, Antonio Alzate y Juan Jos\u00e9 de Lejarza, Vicente Santa Mar\u00eda y Antonio Alzate, Pablo Beaumont y Antonio Alzate, Virrey de Mendoza y Antonio Alzate, Garc\u00eda Obeso y Corregidora, Galeana y Corregidora, Ray\u00f3n y Corregidora, Quintana Roo y Allende, Ignacio Zaragoza y Madero Poniente, Benito Ju\u00e1rez y Madero Poniente.<\/p>\n<p>El operativo se reiniciar\u00e1 a las 07:00 horas del 16 de Septiembre, fecha en que se celebrar\u00e1 el tradicional desfile, por lo que se establecer\u00e1n 20 puntos de acceso controlado con arcos detectores de metal, 68 cortes de circulaci\u00f3n vial y peatonal con valla met\u00e1lica y resguardo; tres puntos de vigilancia fija con torres, dos centros de atenci\u00f3n a v\u00edctimas fijo, y vigilancia m\u00f3vil en el interior de la zona.<\/p>\n<p>Los accesos controlados con arcos detectores en la zona centro el d\u00eda 16 de Septiembre ser\u00e1n en los cruces de las calles: Madero y Michelena, Francisco Zarco y Madero Poniente, Le\u00f3n Guzm\u00e1n y Santiago Tapia, Guillermo Prieto y Santiago Tapia, Morelos Norte y Santiago Tapia, Belisario Dom\u00ednguez y 20 de Noviembre, Miguel Silva y 20 de Noviembre, Luis Moya y 20 de Noviembre, Calzada Madero Oriente y Motolinia, Av. Tata Vasco y Fray Antonio de Lisboa, Acueducto y Carpinteros de Paracho, Mariano Monterde y Ventura Puente, Gertrudis Bocanegra y Samuel Ramos, Sor Juana In\u00e9s de la Cruz y Antonio Alzate, Juan Jos\u00e9 de Lejarza y Antonio Alzate, Vasco de Quiroga y Antonio Alzate, Morelos Sur y Corregidora, Hidalgo y Allende, Abasolo y Corregidora, Cuautla y Corregidora.<\/p>\n<p>Respecto a la circulaci\u00f3n automovil\u00edstica desde primera hora del d\u00eda 16 de Septiembre habr\u00e1 68 cortes a la circulaci\u00f3n en diversas zonas del Centro de la Ciudad, abarcando hasta la Calzada la Huerta.<\/p>\n<p>Bernardo Le\u00f3n Olea, puntualiz\u00f3 que una vez concluido el desfile del 16 de Septiembre ser\u00e1 reabierta la circulaci\u00f3n en los 68 puntos.<\/p>\n<p>Concluy\u00f3 al hacer del conocimiento que la seguridad a lo largo de los dos d\u00edas ser\u00e1 resguardada por 567 elementos de la Polic\u00eda Michoac\u00e1n, 398 elementos de la Polic\u00eda de Morelia; adem\u00e1s se contar\u00e1 con el apoyo de 40 Polic\u00edas Auxiliares, 40 integrantes de la Gendarmer\u00eda, 40 elementos de la PGJE y 150 cadetes del Instituto Estatal de Estudios Superiores en Seguridad y Profesionalizaci\u00f3n Policial del Estado de Michoac\u00e1n, que da un total de 1235 elementos, al servicio de la ciudadan\u00eda.<\/p>\n<\/div>\n","protected":false},"excerpt":{"rendered":"<p>Debido al tradicional grito de la noche del 15 y el desfile del 16, se cerrar\u00e1 la circulaci\u00f3n vial en algunas calles del Centro Hist\u00f3rico. &nbsp; Con el firme objetivo de resguardar la seguridad de la ciudadan\u00eda y permitir que las celebraciones del mes patrio se lleven a cabo de manera ordenada y tranquila a [&hellip;]<\/p>\n","protected":false},"author":2,"featured_media":44082,"comment_status":"closed","ping_status":"closed","sticky":false,"template":"","format":"standard","meta":{"footnotes":""},"categories":[14,60,9],"tags":[],"class_list":["post-44080","post","type-post","status-publish","format-standard","has-post-thumbnail","hentry","category-destacadas","category-michoacan","category-morelia"],"_links":{"self":[{"href":"https:\/\/radiowebmx.com\/nota\/wp-json\/wp\/v2\/posts\/44080","targetHints":{"allow":["GET"]}}],"collection":[{"href":"https:\/\/radiowebmx.com\/nota\/wp-json\/wp\/v2\/posts"}],"about":[{"href":"https:\/\/radiowebmx.com\/nota\/wp-json\/wp\/v2\/types\/post"}],"author":[{"embeddable":true,"href":"https:\/\/radiowebmx.com\/nota\/wp-json\/wp\/v2\/users\/2"}],"replies":[{"embeddable":true,"href":"https:\/\/radiowebmx.com\/nota\/wp-json\/wp\/v2\/comments?post=44080"}],"version-history":[{"count":3,"href":"https:\/\/radiowebmx.com\/nota\/wp-json\/wp\/v2\/posts\/44080\/revisions"}],"predecessor-version":[{"id":44086,"href":"https:\/\/radiowebmx.com\/nota\/wp-json\/wp\/v2\/posts\/44080\/revisions\/44086"}],"wp:featuredmedia":[{"embeddable":true,"href":"https:\/\/radiowebmx.com\/nota\/wp-json\/wp\/v2\/media\/44082"}],"wp:attachment":[{"href":"https:\/\/radiowebmx.com\/nota\/wp-json\/wp\/v2\/media?parent=44080"}],"wp:term":[{"taxonomy":"category","embeddable":true,"href":"https:\/\/radiowebmx.com\/nota\/wp-json\/wp\/v2\/categories?post=44080"},{"taxonomy":"post_tag","embeddable":true,"href":"https:\/\/radiowebmx.com\/nota\/wp-json\/wp\/v2\/tags?post=44080"}],"curies":[{"name":"wp","href":"https:\/\/api.w.org\/{rel}","templated":true}]}}