{"id":44076,"date":"2017-09-13T13:35:01","date_gmt":"2017-09-13T18:35:01","guid":{"rendered":"https:\/\/radiowebmx.com\/nota\/?p=44076"},"modified":"2017-09-13T14:18:14","modified_gmt":"2017-09-13T19:18:14","slug":"hospital-general-de-zacapu-es-producto-de-una-suma-de-esfuerzos-juan-pablo","status":"publish","type":"post","link":"https:\/\/radiowebmx.com\/nota\/hospital-general-de-zacapu-es-producto-de-una-suma-de-esfuerzos-juan-pablo\/","title":{"rendered":"Hospital General de Zacapu es producto de una  suma de esfuerzos: Juan Pablo"},"content":{"rendered":"<p><a href=\"https:\/\/radiowebmx.com\/nota\/wp-content\/uploads\/2017\/09\/Comunicado-1235.jpg\"><img loading=\"lazy\" decoding=\"async\" class=\"alignnone  wp-image-44077\" src=\"https:\/\/radiowebmx.com\/nota\/wp-content\/uploads\/2017\/09\/Comunicado-1235-595x395.jpg\" alt=\"\" width=\"399\" height=\"265\" srcset=\"https:\/\/radiowebmx.com\/nota\/wp-content\/uploads\/2017\/09\/Comunicado-1235-595x395.jpg 595w, https:\/\/radiowebmx.com\/nota\/wp-content\/uploads\/2017\/09\/Comunicado-1235-768x510.jpg 768w, https:\/\/radiowebmx.com\/nota\/wp-content\/uploads\/2017\/09\/Comunicado-1235-960x637.jpg 960w, https:\/\/radiowebmx.com\/nota\/wp-content\/uploads\/2017\/09\/Comunicado-1235-272x182.jpg 272w, https:\/\/radiowebmx.com\/nota\/wp-content\/uploads\/2017\/09\/Comunicado-1235.jpg 1085w\" sizes=\"auto, (max-width: 399px) 100vw, 399px\" \/><\/a><\/p>\n<p>&nbsp;<\/p>\n<p class=\"x_MsoNormal\"><b><span lang=\"ES-MX\">Morelia; Michoac\u00e1n, 13 de septiembre de 2017<\/span><\/b><span lang=\"ES-MX\">.- \u00a0En entrevista conferencia de prensa realizada esta ma\u00f1ana, el Diputado Local, Juan Pablo Puebla Ar\u00e9valo, afirm\u00f3 que el Hospital General de Zacapu es producto del esfuerzo de muchos hombres y mujeres durante diferente tiempo, adem\u00e1s de la respuesta a una demanda hist\u00f3rica de los zacapenses respecto al tema de salud y no de un s\u00f3lo pol\u00edtico o un partido.<\/span><\/p>\n<p class=\"x_MsoNormal\"><span lang=\"ES-MX\">El legislador record\u00f3 que el nosocomio se empez\u00f3 a hacer durante la administraci\u00f3n de Leonel Godoy, \u00a0en donde en su inicio hubo recurso federal cuando era Presidente Felipe Calder\u00f3n y \u00a0fue entonces cuando se puso la primera piedra, para luego estar olvidado durante 4 a\u00f1os de gobiernos priistas en donde ni un tabique se le movi\u00f3 al hospital.<\/span><\/p>\n<p class=\"x_MsoNormal\"><span lang=\"ES-MX\">&#8220;Hasta que entraron nuevos representantes, Silvano Aureoles, como gobernador, nuevos diputados, el caso de Lupo y de un servidor, de un nuevo Ayuntamiento, la verdad es que nuestro primer objetivo fue concluir ese hospital, era mucho el recurso invertido en ese hospital y no se estaba aprovechando, es as\u00ed que se volvi\u00f3 un esfuerzo concertado por varias partes&#8221;, se\u00f1al\u00f3.<\/span><\/p>\n<p class=\"x_MsoNormal\"><span lang=\"ES-MX\">&#8220;Para m\u00ed siempre ha sido una de las prioridades en mi gesti\u00f3n como legislador e inclusive recuerdo que en 2015, reunidos los Diputados Locales y el Gobernador en Casa de Gobierno, cuando se pidi\u00f3 mi apoyo para transitar en la Ley de Ingresos de 2016 ante el complicado escenario econ\u00f3mico que viv\u00eda Michoac\u00e1n, mi condicionante fue que tambi\u00e9n se apoyara a los zacapenses y que en ese sentido, una demanda fundamental y que ped\u00ed al Gobernador que se concluyera y tomara como prioridad fue el Hospital de Naranja, recuerdo que en ese momento llam\u00f3 al Secretario de Salud en turno y a las dos o tres semanas vinieron a Zacapu a reanudar los trabajos; posteriormente pas\u00f3 el tiempo y no se mov\u00eda nada, volv\u00ed a buscar al Gobernador y recuerdo que en Lagunillas le ped\u00ed que realmente reiniciar\u00e1n los trabajos, a lo que accedi\u00f3 y de nueva cuenta llam\u00f3 al Secretario de Salud y se reanudaron los trabajos&#8221;, refiri\u00f3.<\/span><\/p>\n<p class=\"x_MsoNormal\"><span lang=\"ES-MX\">&#8220;A m\u00ed me da gusto porque desde el Congreso Local, sin contar con un presupuesto como un Ayuntamiento, ni de un Diputado Federal, desde ah\u00ed he contribuido para que esta obra no se detenga, sin duda, el Ayuntamiento ha dado todas las facilidades para que se concluya, pero tambi\u00e9n el Gobierno del Estado lo ha visto como una prioridad, aun as\u00ed m\u00e1s all\u00e1 de todo esto estoy convencido de que este Hospital se logra gracias a los zacapenses que lo demandaron durante a\u00f1os y este mi\u00e9rcoles ven cristalizados sus anhelos de mejores servicios de salud y no s\u00f3lo Zacapu, cerca de 10 municipios m\u00e1s de nuestra bella regi\u00f3n&#8221;, concluy\u00f3.<\/span><\/p>\n","protected":false},"excerpt":{"rendered":"<p>&nbsp; Morelia; Michoac\u00e1n, 13 de septiembre de 2017.- \u00a0En entrevista conferencia de prensa realizada esta ma\u00f1ana, el Diputado Local, Juan Pablo Puebla Ar\u00e9valo, afirm\u00f3 que el Hospital General de Zacapu es producto del esfuerzo de muchos hombres y mujeres durante diferente tiempo, adem\u00e1s de la respuesta a una demanda hist\u00f3rica de los zacapenses respecto al [&hellip;]<\/p>\n","protected":false},"author":2,"featured_media":44078,"comment_status":"closed","ping_status":"closed","sticky":false,"template":"","format":"standard","meta":{"footnotes":""},"categories":[6,14],"tags":[],"class_list":["post-44076","post","type-post","status-publish","format-standard","has-post-thumbnail","hentry","category-congreso-del-estado","category-destacadas"],"_links":{"self":[{"href":"https:\/\/radiowebmx.com\/nota\/wp-json\/wp\/v2\/posts\/44076","targetHints":{"allow":["GET"]}}],"collection":[{"href":"https:\/\/radiowebmx.com\/nota\/wp-json\/wp\/v2\/posts"}],"about":[{"href":"https:\/\/radiowebmx.com\/nota\/wp-json\/wp\/v2\/types\/post"}],"author":[{"embeddable":true,"href":"https:\/\/radiowebmx.com\/nota\/wp-json\/wp\/v2\/users\/2"}],"replies":[{"embeddable":true,"href":"https:\/\/radiowebmx.com\/nota\/wp-json\/wp\/v2\/comments?post=44076"}],"version-history":[{"count":1,"href":"https:\/\/radiowebmx.com\/nota\/wp-json\/wp\/v2\/posts\/44076\/revisions"}],"predecessor-version":[{"id":44079,"href":"https:\/\/radiowebmx.com\/nota\/wp-json\/wp\/v2\/posts\/44076\/revisions\/44079"}],"wp:featuredmedia":[{"embeddable":true,"href":"https:\/\/radiowebmx.com\/nota\/wp-json\/wp\/v2\/media\/44078"}],"wp:attachment":[{"href":"https:\/\/radiowebmx.com\/nota\/wp-json\/wp\/v2\/media?parent=44076"}],"wp:term":[{"taxonomy":"category","embeddable":true,"href":"https:\/\/radiowebmx.com\/nota\/wp-json\/wp\/v2\/categories?post=44076"},{"taxonomy":"post_tag","embeddable":true,"href":"https:\/\/radiowebmx.com\/nota\/wp-json\/wp\/v2\/tags?post=44076"}],"curies":[{"name":"wp","href":"https:\/\/api.w.org\/{rel}","templated":true}]}}