{"id":44071,"date":"2017-09-13T12:19:59","date_gmt":"2017-09-13T17:19:59","guid":{"rendered":"https:\/\/radiowebmx.com\/nota\/?p=44071"},"modified":"2017-09-13T13:57:23","modified_gmt":"2017-09-13T18:57:23","slug":"encabeza-silvano-aureoles-a-clxx-aniversario-de-la-gesta-heroica-de-los-ninos-heroes","status":"publish","type":"post","link":"https:\/\/radiowebmx.com\/nota\/encabeza-silvano-aureoles-a-clxx-aniversario-de-la-gesta-heroica-de-los-ninos-heroes\/","title":{"rendered":"Encabeza Silvano Aureoles a CLXX aniversario de la Gesta Heroica de los Ni\u00f1os H\u00e9roes"},"content":{"rendered":"<p><a href=\"https:\/\/radiowebmx.com\/nota\/wp-content\/uploads\/2017\/09\/ad17d6ac-67b4-484f-a7e8-369e1ace64d8.jpg\"><img loading=\"lazy\" decoding=\"async\" class=\"alignnone  wp-image-44072\" src=\"https:\/\/radiowebmx.com\/nota\/wp-content\/uploads\/2017\/09\/ad17d6ac-67b4-484f-a7e8-369e1ace64d8-595x397.jpg\" alt=\"\" width=\"399\" height=\"266\" srcset=\"https:\/\/radiowebmx.com\/nota\/wp-content\/uploads\/2017\/09\/ad17d6ac-67b4-484f-a7e8-369e1ace64d8-595x397.jpg 595w, https:\/\/radiowebmx.com\/nota\/wp-content\/uploads\/2017\/09\/ad17d6ac-67b4-484f-a7e8-369e1ace64d8-768x512.jpg 768w, https:\/\/radiowebmx.com\/nota\/wp-content\/uploads\/2017\/09\/ad17d6ac-67b4-484f-a7e8-369e1ace64d8-960x640.jpg 960w, https:\/\/radiowebmx.com\/nota\/wp-content\/uploads\/2017\/09\/ad17d6ac-67b4-484f-a7e8-369e1ace64d8-272x182.jpg 272w, https:\/\/radiowebmx.com\/nota\/wp-content\/uploads\/2017\/09\/ad17d6ac-67b4-484f-a7e8-369e1ace64d8.jpg 1280w\" sizes=\"auto, (max-width: 399px) 100vw, 399px\" \/><\/a><\/p>\n<p>&nbsp;<\/p>\n<p><strong>Morelia, Michoac\u00e1n, a 13 de septiembre de 2017.-<\/strong>\u00a0El Gobernador Constitucional Silvano Aureoles Conejo, encabez\u00f3 el acto c\u00edvico con motivo del CLXX aniversario de la Gesta Heroica de los Ni\u00f1os H\u00e9roes de Chapultepec, donde el capit\u00e1n segundo de la 21 Zona Militar, Leopoldo Tenorio G\u00f3mez exhort\u00f3 a la ciudadan\u00eda a velar por los principios que dan forma a M\u00e9xico, pues de no hacerlo se retroceder\u00eda a divisiones y debilitar\u00eda a la naci\u00f3n.<\/p>\n<p>Ante la presencia del comandante de la 21 Zona Militar, general Jos\u00e9 Francisco Morales C\u00e1zares, Tenorio G\u00f3mez se\u00f1al\u00f3 que la preservaci\u00f3n de la soberan\u00eda y la unidad nacional; la integridad del territorio y la vigencia de las leyes e instituciones, as\u00ed como la garant\u00eda de que toda mujer y hombre disfrutaran de igualdad jur\u00eddica, fueron los principios por los que los Ni\u00f1os H\u00e9roes perdieron la vida.<\/p>\n<p>\u201cLos Ni\u00f1os H\u00e9roes dieron su vida por la unidad y el futuro de M\u00e9xico; hoy nuestro deber es procurar la concordia, afianzar nuestra identidad nacional, fortalecer la cohesi\u00f3n de los mexicanos como una naci\u00f3n propia, libre, independiente y justa\u201d, sentenci\u00f3.<\/p>\n<p>En la explanada del Jard\u00edn de los Ni\u00f1os H\u00e9roes, se\u00f1al\u00f3 que cada uno de las y los mexicanos debe cumplir su deber con lealtad y amor a M\u00e9xico, para mantener la soberan\u00eda del pa\u00eds.<\/p>\n<p>Posteriormente, el mandatario estatal Silvano Aureoles, acompa\u00f1ado de autoridades de los tres Poderes del Estado, depositaron una ofrenda floral y rindieron guardia de honor al monumento en el que se encuentra inscrito los nombres de los protagonistas de la Gesta Heroica en el Castillo de Chapultepec.<\/p>\n<p>Estuvieron presentes el presidente de la Mesa Directiva del Congreso del Estado, Pascual Sigala P\u00e1ez; el presidente del Supremo Tribunal de Justicia en el Estado, Antonio Flores Negrete; el presidente municipal de Morelia, Alfonso Mart\u00ednez Alc\u00e1zar; el rector de la UMSNH, Medardo Serna Gonz\u00e1lez, as\u00ed como diversas autoridades federales, estatales y municipales.<\/p>\n<p>&nbsp;<\/p>\n<p><a href=\"https:\/\/radiowebmx.com\/nota\/wp-content\/uploads\/2017\/09\/f82c2ed6-86f3-4563-9293-40dcbda8ecea.jpg\"><img loading=\"lazy\" decoding=\"async\" class=\"alignnone size-medium wp-image-44074\" src=\"https:\/\/radiowebmx.com\/nota\/wp-content\/uploads\/2017\/09\/f82c2ed6-86f3-4563-9293-40dcbda8ecea-595x397.jpg\" alt=\"\" width=\"595\" height=\"397\" srcset=\"https:\/\/radiowebmx.com\/nota\/wp-content\/uploads\/2017\/09\/f82c2ed6-86f3-4563-9293-40dcbda8ecea-595x397.jpg 595w, https:\/\/radiowebmx.com\/nota\/wp-content\/uploads\/2017\/09\/f82c2ed6-86f3-4563-9293-40dcbda8ecea-768x512.jpg 768w, https:\/\/radiowebmx.com\/nota\/wp-content\/uploads\/2017\/09\/f82c2ed6-86f3-4563-9293-40dcbda8ecea-960x640.jpg 960w, https:\/\/radiowebmx.com\/nota\/wp-content\/uploads\/2017\/09\/f82c2ed6-86f3-4563-9293-40dcbda8ecea-272x182.jpg 272w, https:\/\/radiowebmx.com\/nota\/wp-content\/uploads\/2017\/09\/f82c2ed6-86f3-4563-9293-40dcbda8ecea.jpg 1280w\" sizes=\"auto, (max-width: 595px) 100vw, 595px\" \/><\/a><\/p>\n","protected":false},"excerpt":{"rendered":"<p>&nbsp; Morelia, Michoac\u00e1n, a 13 de septiembre de 2017.-\u00a0El Gobernador Constitucional Silvano Aureoles Conejo, encabez\u00f3 el acto c\u00edvico con motivo del CLXX aniversario de la Gesta Heroica de los Ni\u00f1os H\u00e9roes de Chapultepec, donde el capit\u00e1n segundo de la 21 Zona Militar, Leopoldo Tenorio G\u00f3mez exhort\u00f3 a la ciudadan\u00eda a velar por los principios que [&hellip;]<\/p>\n","protected":false},"author":2,"featured_media":44073,"comment_status":"closed","ping_status":"closed","sticky":false,"template":"","format":"standard","meta":{"footnotes":""},"categories":[14,3,60],"tags":[],"class_list":["post-44071","post","type-post","status-publish","format-standard","has-post-thumbnail","hentry","category-destacadas","category-gobierno-del-estado-de-michoacan","category-michoacan"],"_links":{"self":[{"href":"https:\/\/radiowebmx.com\/nota\/wp-json\/wp\/v2\/posts\/44071","targetHints":{"allow":["GET"]}}],"collection":[{"href":"https:\/\/radiowebmx.com\/nota\/wp-json\/wp\/v2\/posts"}],"about":[{"href":"https:\/\/radiowebmx.com\/nota\/wp-json\/wp\/v2\/types\/post"}],"author":[{"embeddable":true,"href":"https:\/\/radiowebmx.com\/nota\/wp-json\/wp\/v2\/users\/2"}],"replies":[{"embeddable":true,"href":"https:\/\/radiowebmx.com\/nota\/wp-json\/wp\/v2\/comments?post=44071"}],"version-history":[{"count":1,"href":"https:\/\/radiowebmx.com\/nota\/wp-json\/wp\/v2\/posts\/44071\/revisions"}],"predecessor-version":[{"id":44075,"href":"https:\/\/radiowebmx.com\/nota\/wp-json\/wp\/v2\/posts\/44071\/revisions\/44075"}],"wp:featuredmedia":[{"embeddable":true,"href":"https:\/\/radiowebmx.com\/nota\/wp-json\/wp\/v2\/media\/44073"}],"wp:attachment":[{"href":"https:\/\/radiowebmx.com\/nota\/wp-json\/wp\/v2\/media?parent=44071"}],"wp:term":[{"taxonomy":"category","embeddable":true,"href":"https:\/\/radiowebmx.com\/nota\/wp-json\/wp\/v2\/categories?post=44071"},{"taxonomy":"post_tag","embeddable":true,"href":"https:\/\/radiowebmx.com\/nota\/wp-json\/wp\/v2\/tags?post=44071"}],"curies":[{"name":"wp","href":"https:\/\/api.w.org\/{rel}","templated":true}]}}