{"id":44067,"date":"2017-09-13T12:42:04","date_gmt":"2017-09-13T17:42:04","guid":{"rendered":"https:\/\/radiowebmx.com\/nota\/?p=44067"},"modified":"2017-09-13T13:39:50","modified_gmt":"2017-09-13T18:39:50","slug":"autoridades-municipales-conmemoran-el-170-aniversario-de-la-gesta-heroica-de-los-ninos-heroes-de-chapultepec","status":"publish","type":"post","link":"https:\/\/radiowebmx.com\/nota\/autoridades-municipales-conmemoran-el-170-aniversario-de-la-gesta-heroica-de-los-ninos-heroes-de-chapultepec\/","title":{"rendered":"Autoridades municipales conmemoran el 170 Aniversario de la Gesta Heroica de los Ni\u00f1os H\u00e9roes de Chapultepec"},"content":{"rendered":"<p><a href=\"https:\/\/radiowebmx.com\/nota\/wp-content\/uploads\/2017\/09\/4caee163-0ac0-49dd-8664-7ffcb8393f80.jpeg\"><img loading=\"lazy\" decoding=\"async\" class=\"alignnone  wp-image-44069\" src=\"https:\/\/radiowebmx.com\/nota\/wp-content\/uploads\/2017\/09\/4caee163-0ac0-49dd-8664-7ffcb8393f80-595x396.jpeg\" alt=\"\" width=\"400\" height=\"266\" srcset=\"https:\/\/radiowebmx.com\/nota\/wp-content\/uploads\/2017\/09\/4caee163-0ac0-49dd-8664-7ffcb8393f80-595x396.jpeg 595w, https:\/\/radiowebmx.com\/nota\/wp-content\/uploads\/2017\/09\/4caee163-0ac0-49dd-8664-7ffcb8393f80-768x511.jpeg 768w, https:\/\/radiowebmx.com\/nota\/wp-content\/uploads\/2017\/09\/4caee163-0ac0-49dd-8664-7ffcb8393f80-960x639.jpeg 960w, https:\/\/radiowebmx.com\/nota\/wp-content\/uploads\/2017\/09\/4caee163-0ac0-49dd-8664-7ffcb8393f80-272x182.jpeg 272w, https:\/\/radiowebmx.com\/nota\/wp-content\/uploads\/2017\/09\/4caee163-0ac0-49dd-8664-7ffcb8393f80.jpeg 1280w\" sizes=\"auto, (max-width: 400px) 100vw, 400px\" \/><\/a><\/p>\n<p>&nbsp;<\/p>\n<ul>\n<li><strong>Se realiz\u00f3 el pase de lista de los cadetes del Heroico Colegio Militar y se ofreci\u00f3 un disparo de salva en memoria de los Ni\u00f1os H\u00e9roes y oficiales que dieron su vida por la naci\u00f3n.<\/strong><\/li>\n<\/ul>\n<p>&nbsp;<\/p>\n<div>Autoridades municipales, estatales y castrenses conmemoraron el 170 Aniversario de la Gesta Heroica de los Ni\u00f1os H\u00e9roes de Chapultepec, en un evento organizado por el Ayuntamiento de Morelia en el que se recordaron los hechos hist\u00f3ricos de los cadetes y oficiales del Colegio Militar.<\/p>\n<p>En esta ceremonia encabezada por el Gobernador del Estado, Silvano Aureoles Conejo; el Presidente Municipal de Morelia, Alfonso Mart\u00ednez Alc\u00e1zar; el General Diplomado de Estado Mayor, Jos\u00e9 Francisco Morales C\u00e1zares, Comandante de la 21\u00aa. Zona Militar; el Presidente de la Mesa Directiva del Congreso Estatal, Pascual Sigala P\u00e1ez; el Presidente del Supremo Tribunal de Justicia del Estado, Marco Antonio Flores Negrete; el Secretario de Educaci\u00f3n en la entidad,\u00a0 Alberto Frutis Sol\u00eds; el Rector de la Universidad Michoacana de San Nicol\u00e1s de Hidalgo, Medardo Serna Gonz\u00e1lez; el Secretario de Gobierno, Adri\u00e1n L\u00f3pez Sol\u00eds; la Secretaria de Cultura Estatal, Silvia Figueroa Zamudio; la titular del IJUMICH, Giuliana Bugarini Torres; la Directora del CECUFID, Edna D\u00edaz Acevedo, se dio cuenta de las haza\u00f1as de los Ni\u00f1os H\u00e9roes.<\/p>\n<p>En este acto, el orador oficial fue el Capit\u00e1n Segundo de Armada Blindada Diplomado de Estado Mayor, Leopoldo Tenorio Torres, quien se\u00f1al\u00f3 que se recuerda en \u00e9ste acto heroico la salvaguardia del Castillo de Chapultepec ante la invasi\u00f3n de las tropas estadounidenses.<\/p>\n<p>\u201cEl valor supremo de los mexicanos debe ser siempre la Soberan\u00eda Nacional, preservarla y fortalecerla es la m\u00e1s firme gu\u00eda para nuestro trabajo de todos los d\u00edas, para cada soldado, marino y piloto con presencia en todo el territorio nacional\u201d, destac\u00f3.<\/p>\n<p>En este marco, se realiz\u00f3 el pase de lista de los Ni\u00f1os H\u00e9roes: Juan de la Barrera; Agust\u00edn Melgar; Fernando Montes de Oca; Francisco M\u00e1rquez; Juan Escutia y Vicente Su\u00e1rez fueron conmemorados con un pase de lista al un\u00edsono de la expresi\u00f3n \u201cmuri\u00f3 por la Patria\u201d.<\/p>\n<p>Despu\u00e9s de exponer a los asistentes la Gesta Heroica de los Ni\u00f1os H\u00e9roes de Chapultepec, se ofreci\u00f3 un disparo de salva en su memoria y posteriormente se efectu\u00f3 por parte de autoridades municipales, estatales y castrenses el dep\u00f3sito de ofrenda floral y guardia de honor en el monumento erigido en su honor.<\/p>\n<p>Previamente, esta ma\u00f1ana se llev\u00f3 a cabo el izamiento de la Bandera Nacional en la Plaza Melchor Ocampo, lugar en el cual el Alcalde, Alfonso Mart\u00ednez fue acompa\u00f1ado por el Secretario de Salud en el estado, El\u00edas Ibarra Torres; el Comisionado Estatal del Arbitraje M\u00e9dico, Camerino Moreno Salinas; el encargado de despacho del Instituto de la Juventud Moreliana, Juan Pablo Motilla Zarur, entre otros funcionarios p\u00fablicos estatales y municipales.<\/p><\/div>\n","protected":false},"excerpt":{"rendered":"<p>&nbsp; Se realiz\u00f3 el pase de lista de los cadetes del Heroico Colegio Militar y se ofreci\u00f3 un disparo de salva en memoria de los Ni\u00f1os H\u00e9roes y oficiales que dieron su vida por la naci\u00f3n. &nbsp; Autoridades municipales, estatales y castrenses conmemoraron el 170 Aniversario de la Gesta Heroica de los Ni\u00f1os H\u00e9roes de [&hellip;]<\/p>\n","protected":false},"author":2,"featured_media":44068,"comment_status":"closed","ping_status":"closed","sticky":false,"template":"","format":"standard","meta":{"footnotes":""},"categories":[14,60,9],"tags":[],"class_list":["post-44067","post","type-post","status-publish","format-standard","has-post-thumbnail","hentry","category-destacadas","category-michoacan","category-morelia"],"_links":{"self":[{"href":"https:\/\/radiowebmx.com\/nota\/wp-json\/wp\/v2\/posts\/44067","targetHints":{"allow":["GET"]}}],"collection":[{"href":"https:\/\/radiowebmx.com\/nota\/wp-json\/wp\/v2\/posts"}],"about":[{"href":"https:\/\/radiowebmx.com\/nota\/wp-json\/wp\/v2\/types\/post"}],"author":[{"embeddable":true,"href":"https:\/\/radiowebmx.com\/nota\/wp-json\/wp\/v2\/users\/2"}],"replies":[{"embeddable":true,"href":"https:\/\/radiowebmx.com\/nota\/wp-json\/wp\/v2\/comments?post=44067"}],"version-history":[{"count":1,"href":"https:\/\/radiowebmx.com\/nota\/wp-json\/wp\/v2\/posts\/44067\/revisions"}],"predecessor-version":[{"id":44070,"href":"https:\/\/radiowebmx.com\/nota\/wp-json\/wp\/v2\/posts\/44067\/revisions\/44070"}],"wp:featuredmedia":[{"embeddable":true,"href":"https:\/\/radiowebmx.com\/nota\/wp-json\/wp\/v2\/media\/44068"}],"wp:attachment":[{"href":"https:\/\/radiowebmx.com\/nota\/wp-json\/wp\/v2\/media?parent=44067"}],"wp:term":[{"taxonomy":"category","embeddable":true,"href":"https:\/\/radiowebmx.com\/nota\/wp-json\/wp\/v2\/categories?post=44067"},{"taxonomy":"post_tag","embeddable":true,"href":"https:\/\/radiowebmx.com\/nota\/wp-json\/wp\/v2\/tags?post=44067"}],"curies":[{"name":"wp","href":"https:\/\/api.w.org\/{rel}","templated":true}]}}