{"id":44035,"date":"2017-09-13T11:27:45","date_gmt":"2017-09-13T16:27:45","guid":{"rendered":"https:\/\/radiowebmx.com\/nota\/?p=44035"},"modified":"2017-09-13T11:27:45","modified_gmt":"2017-09-13T16:27:45","slug":"con-exposicion-fotografica-destacan-belleza-de-morelia","status":"publish","type":"post","link":"https:\/\/radiowebmx.com\/nota\/con-exposicion-fotografica-destacan-belleza-de-morelia\/","title":{"rendered":"Con exposici\u00f3n fotogr\u00e1fica, destacan belleza de Morelia"},"content":{"rendered":"<p><a href=\"https:\/\/radiowebmx.com\/nota\/wp-content\/uploads\/2017\/09\/1a76f182-5281-4d8f-9531-1b7f76be2e00.jpg\"><img loading=\"lazy\" decoding=\"async\" class=\"alignnone  wp-image-44037\" src=\"https:\/\/radiowebmx.com\/nota\/wp-content\/uploads\/2017\/09\/1a76f182-5281-4d8f-9531-1b7f76be2e00-595x397.jpg\" alt=\"\" width=\"399\" height=\"266\" srcset=\"https:\/\/radiowebmx.com\/nota\/wp-content\/uploads\/2017\/09\/1a76f182-5281-4d8f-9531-1b7f76be2e00-595x397.jpg 595w, https:\/\/radiowebmx.com\/nota\/wp-content\/uploads\/2017\/09\/1a76f182-5281-4d8f-9531-1b7f76be2e00-768x512.jpg 768w, https:\/\/radiowebmx.com\/nota\/wp-content\/uploads\/2017\/09\/1a76f182-5281-4d8f-9531-1b7f76be2e00-960x640.jpg 960w, https:\/\/radiowebmx.com\/nota\/wp-content\/uploads\/2017\/09\/1a76f182-5281-4d8f-9531-1b7f76be2e00-272x182.jpg 272w\" sizes=\"auto, (max-width: 399px) 100vw, 399px\" \/><\/a><\/p>\n<p>&nbsp;<\/p>\n<ul>\n<li><strong>El Secretario del Ayuntamiento, Jes\u00fas Avalos Plata, encabez\u00f3 la inauguraci\u00f3n de la exposici\u00f3n fotogr\u00e1fica \u201cFascinaci\u00f3n por Morelia\u201d del maestro Jos\u00e9 Antonio Romo.<\/strong><\/li>\n<\/ul>\n<ul>\n<li><strong>La obra estar\u00e1 en exposici\u00f3n en el Palacio Clavijero hasta el mes de Diciembre.<\/strong><\/li>\n<\/ul>\n<p>&nbsp;<\/p>\n<p>La Administraci\u00f3n Municipal Independiente encabezada por el Alcalde, Alfonso Mart\u00ednez Alc\u00e1zar, ha mostrado el inter\u00e9s a trav\u00e9s de diversos frentes de generar estrategias tendientes a redoblar la promoci\u00f3n y el resguardo del material audiovisual que sirva de documento hist\u00f3rico de la ciudad, honrando adem\u00e1s el trabajo de artistas que tienen la ciudad de la Cantera Rosa, como inspiraci\u00f3n para dar cauce a su quehacer.<\/p>\n<p>Siguiendo esta tendencia, el Secretario del Ayuntamiento, Jes\u00fas \u00c1valos Plata, encabez\u00f3 la inauguraci\u00f3n de la exposici\u00f3n fotogr\u00e1fica \u201cFascinaci\u00f3n por Morelia\u201d compuesta por el trabajo de 5 d\u00e9cadas que ha realizado el Fot\u00f3grafo y Artista, Jos\u00e9 Antonio Romo, y que estar\u00e1 a disposici\u00f3n de la ciudadan\u00eda hasta el mes de Diciembre en Palacio Clavijero.<\/p>\n<p>Acompa\u00f1ado por el propio artista, adem\u00e1s de la Directora del recinto, Sandra Aguilera Anaya y el Historiador y Cronista de la Ciudad, Ricardo Aguilera Soria, \u00c1valos Plata se mostr\u00f3 complacido de consolidar una exposici\u00f3n pensada desde hace meses, la cual adem\u00e1s honra 50 a\u00f1os de trabajo de uno de los personajes m\u00e1s c\u00e9lebres y conocidos de la Capital Michoacana.<\/p>\n<p>\u201cDesde el inicio de esta Administraci\u00f3n planeamos mejorar la cr\u00f3nica de nuestra ciudad y por supuesto ocupa un lugar muy especial el trabajo que ha realizado el maestro Romo, que nos permite atestiguar el paso del tiempo en nuestra ciudad\u201d, dijo el Secretario.<\/p>\n<p>Se dirigi\u00f3 al maestro comprometiendo a redoblar esfuerzos para que la exposici\u00f3n se vuelva itinerante, rompiendo los l\u00edmites de Morelia y buscando espacios para su muestra en el resto del pa\u00eds y en el exterior.<\/p>\n<p>Por su parte, el Fot\u00f3grafo, Jos\u00e9 Antonio Romo, reverenci\u00f3 por completo a la ciudad que adopt\u00f3 como casa por decisi\u00f3n propia, y a la que ha capturado a trav\u00e9s de su lente hasta el \u00faltimo rinc\u00f3n, edificio o calle, dejando atr\u00e1s una obra inigualable y de incalculable valor cultural, documental e hist\u00f3rico.<\/p>\n<p>La exposici\u00f3n incluye un incontable n\u00famero de fotograf\u00edas de la Capital Michoacana, la colecci\u00f3n de c\u00e1maras con las que ha trabajado el maestro, as\u00ed como documentos de colecci\u00f3n, con tem\u00e1tica desde los or\u00edgenes de la fotograf\u00eda.<\/p>\n","protected":false},"excerpt":{"rendered":"<p>&nbsp; El Secretario del Ayuntamiento, Jes\u00fas Avalos Plata, encabez\u00f3 la inauguraci\u00f3n de la exposici\u00f3n fotogr\u00e1fica \u201cFascinaci\u00f3n por Morelia\u201d del maestro Jos\u00e9 Antonio Romo. La obra estar\u00e1 en exposici\u00f3n en el Palacio Clavijero hasta el mes de Diciembre. &nbsp; La Administraci\u00f3n Municipal Independiente encabezada por el Alcalde, Alfonso Mart\u00ednez Alc\u00e1zar, ha mostrado el inter\u00e9s a trav\u00e9s [&hellip;]<\/p>\n","protected":false},"author":2,"featured_media":44036,"comment_status":"closed","ping_status":"closed","sticky":false,"template":"","format":"standard","meta":{"footnotes":""},"categories":[14,60,9],"tags":[],"class_list":["post-44035","post","type-post","status-publish","format-standard","has-post-thumbnail","hentry","category-destacadas","category-michoacan","category-morelia"],"_links":{"self":[{"href":"https:\/\/radiowebmx.com\/nota\/wp-json\/wp\/v2\/posts\/44035","targetHints":{"allow":["GET"]}}],"collection":[{"href":"https:\/\/radiowebmx.com\/nota\/wp-json\/wp\/v2\/posts"}],"about":[{"href":"https:\/\/radiowebmx.com\/nota\/wp-json\/wp\/v2\/types\/post"}],"author":[{"embeddable":true,"href":"https:\/\/radiowebmx.com\/nota\/wp-json\/wp\/v2\/users\/2"}],"replies":[{"embeddable":true,"href":"https:\/\/radiowebmx.com\/nota\/wp-json\/wp\/v2\/comments?post=44035"}],"version-history":[{"count":1,"href":"https:\/\/radiowebmx.com\/nota\/wp-json\/wp\/v2\/posts\/44035\/revisions"}],"predecessor-version":[{"id":44038,"href":"https:\/\/radiowebmx.com\/nota\/wp-json\/wp\/v2\/posts\/44035\/revisions\/44038"}],"wp:featuredmedia":[{"embeddable":true,"href":"https:\/\/radiowebmx.com\/nota\/wp-json\/wp\/v2\/media\/44036"}],"wp:attachment":[{"href":"https:\/\/radiowebmx.com\/nota\/wp-json\/wp\/v2\/media?parent=44035"}],"wp:term":[{"taxonomy":"category","embeddable":true,"href":"https:\/\/radiowebmx.com\/nota\/wp-json\/wp\/v2\/categories?post=44035"},{"taxonomy":"post_tag","embeddable":true,"href":"https:\/\/radiowebmx.com\/nota\/wp-json\/wp\/v2\/tags?post=44035"}],"curies":[{"name":"wp","href":"https:\/\/api.w.org\/{rel}","templated":true}]}}