{"id":44031,"date":"2017-09-12T20:15:04","date_gmt":"2017-09-13T01:15:04","guid":{"rendered":"https:\/\/radiowebmx.com\/nota\/?p=44031"},"modified":"2017-09-13T11:10:40","modified_gmt":"2017-09-13T16:10:40","slug":"por-concluir-trabajos-de-balizamiento-en-el-primer-cuadro-de-morelia","status":"publish","type":"post","link":"https:\/\/radiowebmx.com\/nota\/por-concluir-trabajos-de-balizamiento-en-el-primer-cuadro-de-morelia\/","title":{"rendered":"Por concluir trabajos de balizamiento en el Primer Cuadro de Morelia"},"content":{"rendered":"<p><a href=\"https:\/\/radiowebmx.com\/nota\/wp-content\/uploads\/2017\/09\/a0dae3f4-d4c2-49a2-82f2-ed395565cf69.jpg\"><img loading=\"lazy\" decoding=\"async\" class=\"alignnone  wp-image-44033\" src=\"https:\/\/radiowebmx.com\/nota\/wp-content\/uploads\/2017\/09\/a0dae3f4-d4c2-49a2-82f2-ed395565cf69-595x793.jpg\" alt=\"\" width=\"400\" height=\"533\" srcset=\"https:\/\/radiowebmx.com\/nota\/wp-content\/uploads\/2017\/09\/a0dae3f4-d4c2-49a2-82f2-ed395565cf69-595x793.jpg 595w, https:\/\/radiowebmx.com\/nota\/wp-content\/uploads\/2017\/09\/a0dae3f4-d4c2-49a2-82f2-ed395565cf69-480x640.jpg 480w, https:\/\/radiowebmx.com\/nota\/wp-content\/uploads\/2017\/09\/a0dae3f4-d4c2-49a2-82f2-ed395565cf69-768x1024.jpg 768w, https:\/\/radiowebmx.com\/nota\/wp-content\/uploads\/2017\/09\/a0dae3f4-d4c2-49a2-82f2-ed395565cf69.jpg 960w\" sizes=\"auto, (max-width: 400px) 100vw, 400px\" \/><\/a><\/p>\n<p>&nbsp;<\/p>\n<p>Como parte de los esfuerzos que el Ayuntamiento de Morelia encabezado por el Alcalde, Alfonso Mart\u00ednez Alc\u00e1zar, emprende para contar con vialidades seguras y que brinden una mejor movilidad, la Secretar\u00eda de Servicios P\u00fablicos finaliza los trabajos de balizamiento en el centro de la ciudad, de manera que la capital michoacana luzca de gala en las pr\u00f3ximas fiestas patrias.<\/p>\n<p>El Secretario de Servicios P\u00fablicos, Jos\u00e9 Luis Gil V\u00e1zquez, inform\u00f3 que la dependencia que encabeza, culminar\u00e1 el pr\u00f3ximo mi\u00e9rcoles 13 de septiembre con estos trabajos para que de esta forma quede lista la Avenida Madero de cara al festejo del d\u00eda 15 de septiembre.<\/p>\n<p>Inform\u00f3 que a trav\u00e9s de la Direcci\u00f3n de Imagen Urbana, las brigadas de balizamiento seguir\u00e1n trabajando en el horario de 8:00 a 12:30 horas, con el objetivo balizar la citada avenida; las labores se llevar\u00e1n\u00a0 a cabo desde las Tarascas hasta calle Mariano Michelena, siendo pintadas las l\u00edneas que delimitan los carriles, as\u00ed como el sentido vehicular en dicho tramo.<\/p>\n<p>Reiter\u00f3 que el horario obedece a que es el periodo de tiempo en el que no se prev\u00e9n lluvias, por tanto es ponderable aprovechar los momentos en que el clima lo permite para garantizar que la punti<\/p>\n<p>\u201cEstamos tratando de cubrir el Primer Cuadro de la ciudad, as\u00ed como en las inmediaciones y la periferia, de tal manera que el balizamiento abarque las zonas importantes de la capital y quede lista para el pr\u00f3ximo 15 de septiembre. Simult\u00e1neamente las brigadas laborar\u00e1nn\u00a0este martes y mi\u00e9rcoles en las Calzada Arnulfo \u00c1vila&#8221;, finaliz\u00f3.<\/p>\n","protected":false},"excerpt":{"rendered":"<p>&nbsp; Como parte de los esfuerzos que el Ayuntamiento de Morelia encabezado por el Alcalde, Alfonso Mart\u00ednez Alc\u00e1zar, emprende para contar con vialidades seguras y que brinden una mejor movilidad, la Secretar\u00eda de Servicios P\u00fablicos finaliza los trabajos de balizamiento en el centro de la ciudad, de manera que la capital michoacana luzca de gala [&hellip;]<\/p>\n","protected":false},"author":2,"featured_media":44032,"comment_status":"closed","ping_status":"closed","sticky":false,"template":"","format":"standard","meta":{"footnotes":""},"categories":[14,60,9],"tags":[],"class_list":["post-44031","post","type-post","status-publish","format-standard","has-post-thumbnail","hentry","category-destacadas","category-michoacan","category-morelia"],"_links":{"self":[{"href":"https:\/\/radiowebmx.com\/nota\/wp-json\/wp\/v2\/posts\/44031","targetHints":{"allow":["GET"]}}],"collection":[{"href":"https:\/\/radiowebmx.com\/nota\/wp-json\/wp\/v2\/posts"}],"about":[{"href":"https:\/\/radiowebmx.com\/nota\/wp-json\/wp\/v2\/types\/post"}],"author":[{"embeddable":true,"href":"https:\/\/radiowebmx.com\/nota\/wp-json\/wp\/v2\/users\/2"}],"replies":[{"embeddable":true,"href":"https:\/\/radiowebmx.com\/nota\/wp-json\/wp\/v2\/comments?post=44031"}],"version-history":[{"count":1,"href":"https:\/\/radiowebmx.com\/nota\/wp-json\/wp\/v2\/posts\/44031\/revisions"}],"predecessor-version":[{"id":44034,"href":"https:\/\/radiowebmx.com\/nota\/wp-json\/wp\/v2\/posts\/44031\/revisions\/44034"}],"wp:featuredmedia":[{"embeddable":true,"href":"https:\/\/radiowebmx.com\/nota\/wp-json\/wp\/v2\/media\/44032"}],"wp:attachment":[{"href":"https:\/\/radiowebmx.com\/nota\/wp-json\/wp\/v2\/media?parent=44031"}],"wp:term":[{"taxonomy":"category","embeddable":true,"href":"https:\/\/radiowebmx.com\/nota\/wp-json\/wp\/v2\/categories?post=44031"},{"taxonomy":"post_tag","embeddable":true,"href":"https:\/\/radiowebmx.com\/nota\/wp-json\/wp\/v2\/tags?post=44031"}],"curies":[{"name":"wp","href":"https:\/\/api.w.org\/{rel}","templated":true}]}}