{"id":4398,"date":"2013-11-05T12:18:40","date_gmt":"2013-11-05T18:18:40","guid":{"rendered":"https:\/\/radiowebmx.com\/nota\/?p=4398"},"modified":"2013-11-05T12:18:40","modified_gmt":"2013-11-05T18:18:40","slug":"temas-de-cafe-84","status":"publish","type":"post","link":"https:\/\/radiowebmx.com\/nota\/temas-de-cafe-84\/","title":{"rendered":"TEMAS DE CAF\u00c9"},"content":{"rendered":"<ul>\n<li>\n<ul>\n<li><a href=\"https:\/\/radiowebmx.com\/nota\/wp-content\/uploads\/2013\/06\/temas-de-cafe.jpg\"><img loading=\"lazy\" decoding=\"async\" class=\"alignleft size-full wp-image-2805\" alt=\"temas de cafe\" src=\"https:\/\/radiowebmx.com\/nota\/wp-content\/uploads\/2013\/06\/temas-de-cafe.jpg\" width=\"295\" height=\"171\" \/><\/a>MICHOACAN SIN RUMBO<\/li>\n<li>DESDE CARLOS T.MANZO<\/li>\n<li>SANTACRUZ POR J. CESAR<\/li>\n<li>LA FERIA GASTRONOMICA<\/li>\n<\/ul>\n<p>Michoac\u00e1n est\u00e1 pagando facturas de muchos a\u00f1os, durante los cuales los gobiernos estatales, por diferentes \u00a0motivos, dej\u00f3 de preparar cuadros pol\u00edticos y administrativos, pasando a la improvisaci\u00f3n en la administraci\u00f3n estatal, solamente recordamos un gobernador, que lleg\u00f3 con visi\u00f3n de estadista, que prepar\u00f3 cuadros pol\u00edticos, administrativos y acad\u00e9micos, muchos de los cuales a\u00fan sobreviven, por ejemplo Fausto Vallejo y Jes\u00fas Reyna, provienen de las juventudes que se prepararon, en la administraci\u00f3n de don Carlos Torres Manzo, a quien la Universidad Michoacana le acaba de hacer un merecido reconocimiento, por haber creado la Facultad de Econom\u00eda durante su\u00a0 mandato.<\/p>\n<p>EN LOS OCHENTAS LOS MICHOACANOS SE DESINTEGRARON<\/p>\n<p>Tratando de encontrar la semilla de nuestra desgracia presente, llegamos al nacimiento del PRD en la entidad, recordamos que un grupo comandado por el ingeniero Cuauht\u00e9moc C\u00e1rdenas se deslind\u00f3 del PRI, cuando consider\u00f3 que hab\u00edan perdido el rumbo de la revoluci\u00f3n mexicana, as\u00ed nace el Movimiento Democr\u00e1tico, posteriormente el PRD en ese nacimiento, como en\u00a0 todo parto, hubo sangre, muertos, heridos y las familias michoacanas se confrontaron, hubo problemas entre hermanos, entre primos y sobrinos, la familia michoacana, empez\u00f3 \u00a0a desintegrarse y hasta hoy, nadie ha iniciado una cicatrizaci\u00f3n social, que alivie esta situaci\u00f3n en la entidad, se mantienen los resentimientos sociales.<\/p>\n<p>EL PRI MICHOACANO \u00a0SE\u00a0 DIVIDI\u00d3 Y SURGE EL PRD<\/p>\n<p>As\u00ed tenemos que distinguidos priistas, se fueron con el ingeniero C\u00e1rdenas, en su odisea por mantener la l\u00ednea revolucionaria, cercana a la gente, ya que consideraron que tanto Miguel de la Madrid, como Carlos Salinas hab\u00edan clausurado los principios, que dieron origen a\u00a0 la revoluci\u00f3n mexicana, de esta manera se abri\u00f3 un vac\u00edo entre el priismo michoacano, y con los avatares de los gobiernos peque\u00f1os o convulsos que siguieron, los gobiernos enfrentaron el presente como\u00a0 pudieron, sin hacer planeaci\u00f3n alguna para el futuro.<\/p>\n<p>No debemos olvidar que hubo algunos intentos, en crear programas a largo plazo como el llamado 20-30 y otros, que no llegaron\u00a0 a prosperar, por diversas cuestiones, principalmente porque la sociedad michoacana estaba polarizada, as\u00ed encontramos que ni la IP, ni la pol\u00edtica, vamos ni la academia prepar\u00f3 cuadros, bueno para no excluirnos ni el periodis0mo michoacano, cre\u00f3 suficientes periodistas comprometidos con las causas populares, ahora bien hay casos excepcionales, periodistas preparados, con ideolog\u00eda y visi\u00f3n, pero son contados, tal vez no llegan a diez, porque las universidades preparan periodistas sin ideolog\u00eda, capaces, \u00a0buenos pero sin compromiso social.<\/p>\n<p>LLEGA EL PRD AL PODER Y ACTUA CON REVANCHISMO<\/p>\n<p>As\u00ed tenemos que\u00a0 despu\u00e9s de un proceso no muy largo, llega el PRD al poder en el 2002, con L\u00e1zaro C\u00e1rdenas Batel, parec\u00eda que todo estaba\u00a0 arreglado, porque su triunfo\u00a0 no sorprendi\u00f3 a nadie, en pol\u00edtica nos comentan, no hay sorpresas sino sorprendidos, porque no saben leer los tiempos, y s\u00ed llega el PRD pero con un revanchismos enfermizo, porque llegaron con la espada desenvainada, pero igual sin evoluci\u00f3n, sin preparaci\u00f3n, sin cuadros administrativos ni directivos, llegaron los activistas no los cuadros de excelencia en administraci\u00f3n. Aunque hubo contadas excepciones.<\/p>\n<p>El PRD a pesa que desde los ochentas tuvieron senadores, diputaciones federales, locales y presidencias municipales, nunca se preocuparon en preparar cuadros, ni directivos ni administrativos, por eso pasaron de tomar calles y plazas, de mentar madres a presidir congresos, presidencias municipales y dependencias de gobierno, la improvisaci\u00f3n en todas las actividades es mala, pero en\u00a0 pol\u00edtica es terrible, as\u00ed durante los seis a\u00f1os de L\u00e1zaro y\u00a0 los cuatro de Leonel Godoy, vea usted la improvisaci\u00f3n que se dio.<\/p>\n<p>LA EQUIDAD DE GENERO\u00a0 CON LEONEL<\/p>\n<p>Un principio que debi\u00f3 funcionar bien,\u00a0 fue la equidad de g\u00e9nero en la administraci\u00f3n, idea plausible pero en la pr\u00e1ctica fue un desastre, en la mayor\u00eda de los casos, solamente se salvaron algunas cuestiones,\u00a0 pero en su mayor\u00eda las mujeres en las diversas secretarias, llegaron con m\u00e1s entusiasmo que capacidad, de ah\u00ed los resultados, a tal grado fue un fracaso que cuando arriba al PRI al gobierno, la equidad de g\u00e9nero en la administraci\u00f3n estatal recibe un fuerte golpe, solamente hay una mujer en el gabinete legal.<\/p>\n<p>LA EQUIDAD DE GENERO SIN CAPACIDAD NO SIRVE<\/p>\n<p>Sabemos que la mujer ha estado marginada de muchos avances, los hombres les han cerrado las oportunidades, y estamos de acuerdo con las leyes que obligan, a tomar en cuenta a las mujeres y est\u00e1 bien, pero ser\u00eda mucho mejor si las oportunidades, les llegaran por su capacidad y no porque una ley que obliga, tambi\u00e9n sabemos que hay mujeres que son m\u00e1s responsables que los hombres, m\u00e1s capaces y que se les ha cerrado el paso, y tambi\u00e9n estamos de acuerdo en que solamente con leyes, como las que se tienen ahora, se le deja espacio a la mujer, pero tambi\u00e9n consideramos que deben llegar, las m\u00e1s preparadas y capacitadas.<\/p>\n<p>AFERRARNOS AL PACTO POR MICHOACAN<\/p>\n<p>Ante la tradicional falta de planeaci\u00f3n, y preparaci\u00f3n de cuadros y talentos para la pol\u00edtica y administraci\u00f3n, es necesario aferrarnos al Pacto por Michoac\u00e1n que se logr\u00f3 hace meses, para por lo menos aunque muy\u00a0 tarde, empezar a preparar a los cuadros que Michoac\u00e1n, necesitar\u00e1 cuando superamos los problemas que tenemos hoy, porque ya los hemos superado en otras ocasiones y lo volveremos a hacer, porque los buenos son m\u00e1s que los malos, pero debemos aferrarnos a este Pacto y hacerlo valer.<\/p>\n<p>TAMBIEN EL CODIGO DE ETICA, DEBE CONTINUAR<\/p>\n<p>La administraci\u00f3n p\u00fablica sea municipal, estatal o federal no debe servir para hacer negocios il\u00edcitos, no debe servir para hacer mal uso del poder y de la informaci\u00f3n, por eso debemos aferrarnos por el futuro de nuestros hijos al C\u00f3digo de Etica promovido por el gobierno michoacano, la verdad no nos importa qui\u00e9n lo presid\u00eda,\u00a0 fue el gobierno del estado, porque se deben\u00a0 detener las acciones, que van en deterioro del erario estatal, municipal y federal y debe volver a prevalecer la vocaci\u00f3n de servicio en las administraciones. Quiz\u00e1 estemos predicando en el desierto, tal vez seamos ilusos y ut\u00f3picos, pero preferimos esto a seguir como estamos, porque as\u00ed no vamos a ninguna parte que valga la pena.<\/p>\n<p>EL CONALEP BUSCA RECUPERAR SU EXCELENCIA ACADEMICA<\/p>\n<p>Arturo Villase\u00f1or G\u00f3mez actual director del Conalep en la entidad, trabaja para recuperar la excelencia acad\u00e9mica, de este subsistema que tiene en la entidad trece planteles, dos en Morelia, recuerda que hace varios a\u00f1os, porque tiene trabajando en el Conalep\u00a0 m\u00e1s de 20 a\u00f1os, de los 34 que tiene de vida este subsistema en el pa\u00eds,\u00a0 ten\u00eda excelencia acad\u00e9mica principalmente, en los tiempos por ejemplo de Rolando L\u00f3pez Villase\u00f1or y Jos\u00e9 Miguel C\u00e1zares, en esos tiempos el Conalep de Michoac\u00e1n, gan\u00f3 varios premios, y hoy lucha contra factores, que se dicen amigos del gobernador Fausto Vallejo, quienes intentan vulnerar los avances que se han logrado, a base de trabajo y dedicaci\u00f3n.<\/p>\n<p>LUPITA SANTACRUZ POR JULIO CESAR GRANADOS<\/p>\n<p>Ayer se dio el primer relevo \u00a0desde que Fausto Vallejo, regres\u00f3 a la titularidad del ejecutivo estatal, Julio C\u00e9sar Hern\u00e1ndez Granados, dej\u00f3 la coordinaci\u00f3n de comunicaci\u00f3n social, en su lugar fue designada Guadalupe Santacruz, quien fue coordinadora de la campa\u00f1a de Fausto Vallejo y ocupaba la direcci\u00f3n, del Sistema Michoacano de Radio y Televisi\u00f3n, donde Guadalupe estaba realizando una buena labor, entre otras cosas buscaba su modernizaci\u00f3n, ya que como fue creado hace m\u00e1s de 25 a\u00f1os, la mayor\u00eda de su equipo ya es obsoleto.<\/p>\n<p>Julio C\u00e9sar Hern\u00e1ndez Granados, ignoramos el porqu\u00e9 de su salida, pero durante su tiempo, inici\u00f3 con la administraci\u00f3n de Fausto Vallejo, cumpli\u00f3 con su funci\u00f3n, muchas veces tuvo que hacer doble trabajo, de vocero del gobierno y su rol de coordinador de comunicaci\u00f3n social, que desde luego son dos cosas distintas, pero ante la necesidad y su excelente relaci\u00f3n, con la mayor\u00eda de los medios de comunicaci\u00f3n, tanto de radio como televisi\u00f3n, tuvo que asumir el doble papel, la cuesti\u00f3n es que Julio C\u00e9sar Hern\u00e1ndez Granados, durante el tiempo que le toc\u00f3 estar en la C Coordinaci\u00f3n, supo hacer un trabajo profesional e institucional, aunque tal vez algunos sectores lo\u00a0 malinterpretaron, pero consideramos que hizo un trabajo excelente. Le deseamos \u00e9xito a donde vaya, porque es una persona con capacidad y preparaci\u00f3n.<\/p>\n<p>FERIA GASTRONOMICA EN LA PLAZA VALLADOLID<\/p>\n<p>Liz Valencia Maldonado y Dulce Mar\u00eda Aguirre, trabajan para que Canirac, presente este fin de semana en la plaza Valladolid de esta ciudad, la Feria Gastron\u00f3mica 2013, de acuerdo a lo dado a conocer ayer, por Roberto Monroy, Secretario de Turismo quien dijo que los restaurantes m\u00e1s representativos de esta ciudad, estar\u00e1n presentes y habr\u00e1 adem\u00e1s rifas, bailables, m\u00fasica y payasos para los peque\u00f1os, ser\u00e1 una fiesta familiar, llena de sabores y colores de la comida, tanto regional como nacional e internacional.<\/li>\n<\/ul>\n","protected":false},"excerpt":{"rendered":"<p>\u2022\tMICHOACAN SIN RUMBO<br \/>\n\u2022\tDESDE CARLOS T.MANZO<br \/>\n\u2022\tSANTACRUZ POR J. CESAR<br \/>\n\u2022\tLA FERIA GASTRONOMICA<\/p>\n","protected":false},"author":1,"featured_media":0,"comment_status":"open","ping_status":"open","sticky":false,"template":"","format":"standard","meta":{"footnotes":""},"categories":[4,10],"tags":[],"class_list":["post-4398","post","type-post","status-publish","format-standard","hentry","category-columnistas","category-juan-manuel-belmonte"],"_links":{"self":[{"href":"https:\/\/radiowebmx.com\/nota\/wp-json\/wp\/v2\/posts\/4398","targetHints":{"allow":["GET"]}}],"collection":[{"href":"https:\/\/radiowebmx.com\/nota\/wp-json\/wp\/v2\/posts"}],"about":[{"href":"https:\/\/radiowebmx.com\/nota\/wp-json\/wp\/v2\/types\/post"}],"author":[{"embeddable":true,"href":"https:\/\/radiowebmx.com\/nota\/wp-json\/wp\/v2\/users\/1"}],"replies":[{"embeddable":true,"href":"https:\/\/radiowebmx.com\/nota\/wp-json\/wp\/v2\/comments?post=4398"}],"version-history":[{"count":2,"href":"https:\/\/radiowebmx.com\/nota\/wp-json\/wp\/v2\/posts\/4398\/revisions"}],"predecessor-version":[{"id":4400,"href":"https:\/\/radiowebmx.com\/nota\/wp-json\/wp\/v2\/posts\/4398\/revisions\/4400"}],"wp:attachment":[{"href":"https:\/\/radiowebmx.com\/nota\/wp-json\/wp\/v2\/media?parent=4398"}],"wp:term":[{"taxonomy":"category","embeddable":true,"href":"https:\/\/radiowebmx.com\/nota\/wp-json\/wp\/v2\/categories?post=4398"},{"taxonomy":"post_tag","embeddable":true,"href":"https:\/\/radiowebmx.com\/nota\/wp-json\/wp\/v2\/tags?post=4398"}],"curies":[{"name":"wp","href":"https:\/\/api.w.org\/{rel}","templated":true}]}}